{"id":8720,"date":"2023-04-30T18:08:11","date_gmt":"2023-04-30T16:08:11","guid":{"rendered":"http:\/\/www.semlh-morbihan.fr\/wordpress\/?p=8720"},"modified":"2023-05-01T12:08:48","modified_gmt":"2023-05-01T10:08:48","slug":"30-avril-2023-ceremonie-en-lhonneur-des-victimes-et-heros-de-la-deportation","status":"publish","type":"post","link":"http:\/\/www.semlh-morbihan.fr\/wordpress\/2023\/04\/30\/30-avril-2023-ceremonie-en-lhonneur-des-victimes-et-heros-de-la-deportation\/","title":{"rendered":"30 avril 2023 &#8211; C\u00e9r\u00e9monie en l&rsquo;honneur des victimes et h\u00e9ros de la d\u00e9portation \u00e0 Vannes et Auray"},"content":{"rendered":"<p>La Section de la L\u00e9gion d&rsquo;honneur du Morbihan \u00e9tait repr\u00e9sent\u00e9e par son PR\u00c9SIDENT, le G\u00e9n\u00e9ral PR\u00c9VOST, accompagn\u00e9 par plusieurs membres du bureau, deux vice-pr\u00e9sidents , Liliane Beaugrand et Pascal Lecomte, le Secr\u00e9taire g\u00e9n\u00e9ral, Roland Mergel, et Jacques Joly ( \u00e9galement pr\u00e9sident du Comit\u00e9 du Souvenir Fran\u00e7ais de Vannes).<\/p>\n<p>Notre drapeau \u00e9tait port\u00e9 par Jean-Pierre Tessier.<\/p>\n<p><img loading=\"lazy\" decoding=\"async\" class=\"aligncenter size-medium wp-image-8722\" src=\"http:\/\/www.semlh-morbihan.fr\/wordpress\/wp-content\/uploads\/2023\/04\/WhatsApp-Image-2023-04-30-a-17.47.04-600x277.jpg\" alt=\"\" width=\"600\" height=\"277\" srcset=\"http:\/\/www.semlh-morbihan.fr\/wordpress\/wp-content\/uploads\/2023\/04\/WhatsApp-Image-2023-04-30-a-17.47.04-600x277.jpg 600w, http:\/\/www.semlh-morbihan.fr\/wordpress\/wp-content\/uploads\/2023\/04\/WhatsApp-Image-2023-04-30-a-17.47.04-1024x473.jpg 1024w, http:\/\/www.semlh-morbihan.fr\/wordpress\/wp-content\/uploads\/2023\/04\/WhatsApp-Image-2023-04-30-a-17.47.04-768x355.jpg 768w, http:\/\/www.semlh-morbihan.fr\/wordpress\/wp-content\/uploads\/2023\/04\/WhatsApp-Image-2023-04-30-a-17.47.04-1536x709.jpg 1536w, http:\/\/www.semlh-morbihan.fr\/wordpress\/wp-content\/uploads\/2023\/04\/WhatsApp-Image-2023-04-30-a-17.47.04-1218x563.jpg 1218w, http:\/\/www.semlh-morbihan.fr\/wordpress\/wp-content\/uploads\/2023\/04\/WhatsApp-Image-2023-04-30-a-17.47.04.jpg 1600w\" sizes=\"auto, (max-width: 600px) 100vw, 600px\" \/><\/p>\n<p><img loading=\"lazy\" decoding=\"async\" class=\"aligncenter size-medium wp-image-8724\" src=\"http:\/\/www.semlh-morbihan.fr\/wordpress\/wp-content\/uploads\/2023\/04\/WhatsApp-Image-2023-04-30-a-v2-17.47.05-600x277.jpg\" alt=\"\" width=\"600\" height=\"277\" srcset=\"http:\/\/www.semlh-morbihan.fr\/wordpress\/wp-content\/uploads\/2023\/04\/WhatsApp-Image-2023-04-30-a-v2-17.47.05-600x277.jpg 600w, http:\/\/www.semlh-morbihan.fr\/wordpress\/wp-content\/uploads\/2023\/04\/WhatsApp-Image-2023-04-30-a-v2-17.47.05-1024x473.jpg 1024w, http:\/\/www.semlh-morbihan.fr\/wordpress\/wp-content\/uploads\/2023\/04\/WhatsApp-Image-2023-04-30-a-v2-17.47.05-768x355.jpg 768w, http:\/\/www.semlh-morbihan.fr\/wordpress\/wp-content\/uploads\/2023\/04\/WhatsApp-Image-2023-04-30-a-v2-17.47.05-1536x709.jpg 1536w, http:\/\/www.semlh-morbihan.fr\/wordpress\/wp-content\/uploads\/2023\/04\/WhatsApp-Image-2023-04-30-a-v2-17.47.05-1218x563.jpg 1218w, http:\/\/www.semlh-morbihan.fr\/wordpress\/wp-content\/uploads\/2023\/04\/WhatsApp-Image-2023-04-30-a-v2-17.47.05.jpg 1600w\" sizes=\"auto, (max-width: 600px) 100vw, 600px\" \/><\/p>\n<p>&nbsp;<\/p>\n<p style=\"text-align: center;\"><span style=\"text-decoration: underline;\"><strong>C\u00e9r\u00e9monie \u00e0 Auray devant le monument aux morts<\/strong><\/span><\/p>\n<p>Notre pr\u00e9sidente, Annick Guillou-Moinard accompagn\u00e9 de notre porte-drapeau Jean-Claude Bietrix, au centre sur la photo, ont particip\u00e9 \u00e0 cette c\u00e9r\u00e9monie pr\u00e9sid\u00e9e par le premier adjoint de la mairie d&rsquo;Auray.<\/p>\n<p><img loading=\"lazy\" decoding=\"async\" class=\"aligncenter size-medium wp-image-8730\" src=\"http:\/\/www.semlh-morbihan.fr\/wordpress\/wp-content\/uploads\/2023\/04\/J-Deportes-Auray-29-04-2013-589x600.jpg\" alt=\"\" width=\"589\" height=\"600\" srcset=\"http:\/\/www.semlh-morbihan.fr\/wordpress\/wp-content\/uploads\/2023\/04\/J-Deportes-Auray-29-04-2013-589x600.jpg 589w, http:\/\/www.semlh-morbihan.fr\/wordpress\/wp-content\/uploads\/2023\/04\/J-Deportes-Auray-29-04-2013.jpg 768w\" sizes=\"auto, (max-width: 589px) 100vw, 589px\" \/> <img loading=\"lazy\" decoding=\"async\" class=\"aligncenter size-medium wp-image-8729\" src=\"http:\/\/www.semlh-morbihan.fr\/wordpress\/wp-content\/uploads\/2023\/04\/J-Deportes-Auray-29-04-2013-3-555x600.jpg\" alt=\"\" width=\"555\" height=\"600\" srcset=\"http:\/\/www.semlh-morbihan.fr\/wordpress\/wp-content\/uploads\/2023\/04\/J-Deportes-Auray-29-04-2013-3-555x600.jpg 555w, http:\/\/www.semlh-morbihan.fr\/wordpress\/wp-content\/uploads\/2023\/04\/J-Deportes-Auray-29-04-2013-3.jpg 768w\" sizes=\"auto, (max-width: 555px) 100vw, 555px\" \/> <img loading=\"lazy\" decoding=\"async\" class=\"aligncenter size-medium wp-image-8728\" src=\"http:\/\/www.semlh-morbihan.fr\/wordpress\/wp-content\/uploads\/2023\/04\/J-Deportes-Auray-29-04-2013-1-481x600.jpg\" alt=\"\" width=\"481\" height=\"600\" srcset=\"http:\/\/www.semlh-morbihan.fr\/wordpress\/wp-content\/uploads\/2023\/04\/J-Deportes-Auray-29-04-2013-1-481x600.jpg 481w, http:\/\/www.semlh-morbihan.fr\/wordpress\/wp-content\/uploads\/2023\/04\/J-Deportes-Auray-29-04-2013-1.jpg 768w\" sizes=\"auto, (max-width: 481px) 100vw, 481px\" \/><\/p>\n<p>&nbsp;<\/p>\n","protected":false},"excerpt":{"rendered":"<p>La Section de la L\u00e9gion d&rsquo;honneur du Morbihan \u00e9tait repr\u00e9sent\u00e9e par son PR\u00c9SIDENT, le G\u00e9n\u00e9ral PR\u00c9VOST, accompagn\u00e9 par plusieurs membres du bureau, deux vice-pr\u00e9sidents ,&#8230;<\/p>\n","protected":false},"author":329,"featured_media":8723,"comment_status":"closed","ping_status":"open","sticky":false,"template":"","format":"standard","meta":{"footnotes":""},"categories":[417,337],"tags":[],"class_list":["post-8720","post","type-post","status-publish","format-standard","has-post-thumbnail","hentry","category-ceremonies-patriotiques","category-la-section","wpcat-417-id","wpcat-337-id"],"_links":{"self":[{"href":"http:\/\/www.semlh-morbihan.fr\/wordpress\/wp-json\/wp\/v2\/posts\/8720","targetHints":{"allow":["GET"]}}],"collection":[{"href":"http:\/\/www.semlh-morbihan.fr\/wordpress\/wp-json\/wp\/v2\/posts"}],"about":[{"href":"http:\/\/www.semlh-morbihan.fr\/wordpress\/wp-json\/wp\/v2\/types\/post"}],"author":[{"embeddable":true,"href":"http:\/\/www.semlh-morbihan.fr\/wordpress\/wp-json\/wp\/v2\/users\/329"}],"replies":[{"embeddable":true,"href":"http:\/\/www.semlh-morbihan.fr\/wordpress\/wp-json\/wp\/v2\/comments?post=8720"}],"version-history":[{"count":6,"href":"http:\/\/www.semlh-morbihan.fr\/wordpress\/wp-json\/wp\/v2\/posts\/8720\/revisions"}],"predecessor-version":[{"id":8734,"href":"http:\/\/www.semlh-morbihan.fr\/wordpress\/wp-json\/wp\/v2\/posts\/8720\/revisions\/8734"}],"wp:featuredmedia":[{"embeddable":true,"href":"http:\/\/www.semlh-morbihan.fr\/wordpress\/wp-json\/wp\/v2\/media\/8723"}],"wp:attachment":[{"href":"http:\/\/www.semlh-morbihan.fr\/wordpress\/wp-json\/wp\/v2\/media?parent=8720"}],"wp:term":[{"taxonomy":"category","embeddable":true,"href":"http:\/\/www.semlh-morbihan.fr\/wordpress\/wp-json\/wp\/v2\/categories?post=8720"},{"taxonomy":"post_tag","embeddable":true,"href":"http:\/\/www.semlh-morbihan.fr\/wordpress\/wp-json\/wp\/v2\/tags?post=8720"}],"curies":[{"name":"wp","href":"https:\/\/api.w.org\/{rel}","templated":true}]}}