{"id":8745,"date":"2023-05-04T19:07:31","date_gmt":"2023-05-04T17:07:31","guid":{"rendered":"http:\/\/www.semlh-morbihan.fr\/wordpress\/?p=8745"},"modified":"2023-05-04T19:15:07","modified_gmt":"2023-05-04T17:15:07","slug":"remise-du-prix-honneur-en-action-aux-cadets-de-la-securite-civile-du-college-de-trefaven-a-lorient-le-mardi-18-avril-2023","status":"publish","type":"post","link":"http:\/\/www.semlh-morbihan.fr\/wordpress\/2023\/05\/04\/remise-du-prix-honneur-en-action-aux-cadets-de-la-securite-civile-du-college-de-trefaven-a-lorient-le-mardi-18-avril-2023\/","title":{"rendered":"Remise du prix \u00ab\u00a0Honneur en Action\u00a0\u00bb aux cadets de la s\u00e9curit\u00e9 civile du coll\u00e8ge de Tr\u00e9faven \u00e0 Lorient le mardi 18 avril 2023"},"content":{"rendered":"<h3 style=\"text-align: center;\"><strong>Remise du prix HEA aux cadets de la s\u00e9curit\u00e9 civile <\/strong><\/h3>\n<h3 style=\"text-align: center;\"><strong>du coll\u00e8ge de Tr\u00e9faven \u00e0 Lorient<\/strong><\/h3>\n<p>Cette remise s &lsquo;est d\u00e9roul\u00e9 le mardi 18 avril au Coll\u00e8ge<\/p>\n<p>Nous avons \u00e9t\u00e9 accueilli par le principal du Coll\u00e9ge Christophe Meynier, qui nous a pr\u00e9sent\u00e9 un diaporama, relatant la formation et les activit\u00e9s des Cadets de la S\u00e9curit\u00e9 Civile du coll\u00e8ge de Tr\u00e9faven.de Lorient .<\/p>\n<p>Puis, le pr\u00e9sident du Comit\u00e9 du Pays de Lorient a pr\u00e9sent\u00e9 les actions de la SMLH et l&rsquo; op\u00e9ration \u00ab\u00a0Honneur en Action \u00ab\u00a0, et a f\u00e9licit\u00e9 les jeunes cadets pour leur engagement et a remis le prix obtenu.<\/p>\n<p>&nbsp;<\/p>\n<p style=\"text-align: center;\"><a href=\"http:\/\/www.semlh-morbihan.fr\/wordpress\/wp-content\/uploads\/2023\/05\/Presentation-cadets.pdf\">Pr\u00e9sentation cadets de la s\u00e9curit\u00e9 civile par le coll\u00e8ge de Tr\u00e9faven<\/a><\/p>\n<p style=\"text-align: center;\"><a href=\"http:\/\/www.semlh-morbihan.fr\/wordpress\/wp-content\/uploads\/2023\/05\/presentation_de_la_SMH-_par_Guy_SInel.pdf\">pr\u00e9sentation_de_la_SMH _par_Guy_SInel<\/a><\/p>\n<p>&nbsp;<\/p>\n<figure id=\"attachment_8751\" aria-describedby=\"caption-attachment-8751\" style=\"width: 600px\" class=\"wp-caption aligncenter\"><img loading=\"lazy\" decoding=\"async\" class=\"size-medium wp-image-8751\" src=\"http:\/\/www.semlh-morbihan.fr\/wordpress\/wp-content\/uploads\/2023\/05\/IMG_5802-600x338.jpg\" alt=\"\" width=\"600\" height=\"338\" srcset=\"http:\/\/www.semlh-morbihan.fr\/wordpress\/wp-content\/uploads\/2023\/05\/IMG_5802-600x338.jpg 600w, http:\/\/www.semlh-morbihan.fr\/wordpress\/wp-content\/uploads\/2023\/05\/IMG_5802.jpg 640w\" sizes=\"auto, (max-width: 600px) 100vw, 600px\" \/><figcaption id=\"caption-attachment-8751\" class=\"wp-caption-text\">remise du ch\u00e8que HEA : de gauche \u00e0 droite, Hubert de Lageneste (comit\u00e9 de Lorient); Christophe Meynier, principal du coll\u00e8ge, Guy Sinel et Guy de Fonbelle (Vp comit\u00e9 de Lorient)<\/figcaption><\/figure>\n<figure id=\"attachment_8750\" aria-describedby=\"caption-attachment-8750\" style=\"width: 600px\" class=\"wp-caption aligncenter\"><img loading=\"lazy\" decoding=\"async\" class=\"size-medium wp-image-8750\" src=\"http:\/\/www.semlh-morbihan.fr\/wordpress\/wp-content\/uploads\/2023\/05\/IMG_5798-600x338.jpg\" alt=\"\" width=\"600\" height=\"338\" srcset=\"http:\/\/www.semlh-morbihan.fr\/wordpress\/wp-content\/uploads\/2023\/05\/IMG_5798-600x338.jpg 600w, http:\/\/www.semlh-morbihan.fr\/wordpress\/wp-content\/uploads\/2023\/05\/IMG_5798.jpg 640w\" sizes=\"auto, (max-width: 600px) 100vw, 600px\" \/><figcaption id=\"caption-attachment-8750\" class=\"wp-caption-text\">\u00a0 \u00a0 \u00a0 \u00a0 \u00a0 \u00a0 \u00a0 \u00a0 \u00a0 \u00a0 \u00a0 \u00a0 \u00a0 \u00a0 \u00a0 \u00a0 \u00a0 \u00a0 \u00a0 \u00a0 \u00a0 \u00a0 \u00a0 \u00a0 \u00a0 \u00a0 \u00a0 \u00a0 \u00a0 \u00a0 \u00a0 \u00a0 \u00a0 \u00a0 \u00a0 \u00a0 \u00a0 \u00a0 les cadets<\/figcaption><\/figure>\n<p>&nbsp;<\/p>\n<figure id=\"attachment_8752\" aria-describedby=\"caption-attachment-8752\" style=\"width: 600px\" class=\"wp-caption aligncenter\"><img loading=\"lazy\" decoding=\"async\" class=\"size-medium wp-image-8752\" src=\"http:\/\/www.semlh-morbihan.fr\/wordpress\/wp-content\/uploads\/2023\/05\/IMG_5805-600x338.jpg\" alt=\"\" width=\"600\" height=\"338\" srcset=\"http:\/\/www.semlh-morbihan.fr\/wordpress\/wp-content\/uploads\/2023\/05\/IMG_5805-600x338.jpg 600w, http:\/\/www.semlh-morbihan.fr\/wordpress\/wp-content\/uploads\/2023\/05\/IMG_5805.jpg 640w\" sizes=\"auto, (max-width: 600px) 100vw, 600px\" \/><figcaption id=\"caption-attachment-8752\" class=\"wp-caption-text\">\u00a0 \u00a0 \u00a0 \u00a0 \u00a0 \u00a0 \u00a0 \u00a0 \u00a0 \u00a0 \u00a0 \u00a0 \u00a0 \u00a0 \u00a0 \u00a0 \u00a0 \u00a0 \u00a0 \u00a0 \u00a0 \u00a0 \u00a0 \u00a0 \u00a0 \u00a0 \u00a0 \u00a0 \u00a0photo de groupe des cadets<\/figcaption><\/figure>\n","protected":false},"excerpt":{"rendered":"<p>Remise du prix HEA aux cadets de la s\u00e9curit\u00e9 civile du coll\u00e8ge de Tr\u00e9faven \u00e0 Lorient Cette remise s &lsquo;est d\u00e9roul\u00e9 le mardi 18 avril&#8230;<\/p>\n","protected":false},"author":329,"featured_media":8757,"comment_status":"closed","ping_status":"open","sticky":false,"template":"","format":"standard","meta":{"footnotes":""},"categories":[355,343],"tags":[605],"class_list":["post-8745","post","type-post","status-publish","format-standard","has-post-thumbnail","hentry","category-actualites-comite-de-lorient","category-comite-de-lorient","tag-comite-smlh-du-pays-de-lorient","wpcat-355-id","wpcat-343-id"],"_links":{"self":[{"href":"http:\/\/www.semlh-morbihan.fr\/wordpress\/wp-json\/wp\/v2\/posts\/8745","targetHints":{"allow":["GET"]}}],"collection":[{"href":"http:\/\/www.semlh-morbihan.fr\/wordpress\/wp-json\/wp\/v2\/posts"}],"about":[{"href":"http:\/\/www.semlh-morbihan.fr\/wordpress\/wp-json\/wp\/v2\/types\/post"}],"author":[{"embeddable":true,"href":"http:\/\/www.semlh-morbihan.fr\/wordpress\/wp-json\/wp\/v2\/users\/329"}],"replies":[{"embeddable":true,"href":"http:\/\/www.semlh-morbihan.fr\/wordpress\/wp-json\/wp\/v2\/comments?post=8745"}],"version-history":[{"count":7,"href":"http:\/\/www.semlh-morbihan.fr\/wordpress\/wp-json\/wp\/v2\/posts\/8745\/revisions"}],"predecessor-version":[{"id":8759,"href":"http:\/\/www.semlh-morbihan.fr\/wordpress\/wp-json\/wp\/v2\/posts\/8745\/revisions\/8759"}],"wp:featuredmedia":[{"embeddable":true,"href":"http:\/\/www.semlh-morbihan.fr\/wordpress\/wp-json\/wp\/v2\/media\/8757"}],"wp:attachment":[{"href":"http:\/\/www.semlh-morbihan.fr\/wordpress\/wp-json\/wp\/v2\/media?parent=8745"}],"wp:term":[{"taxonomy":"category","embeddable":true,"href":"http:\/\/www.semlh-morbihan.fr\/wordpress\/wp-json\/wp\/v2\/categories?post=8745"},{"taxonomy":"post_tag","embeddable":true,"href":"http:\/\/www.semlh-morbihan.fr\/wordpress\/wp-json\/wp\/v2\/tags?post=8745"}],"curies":[{"name":"wp","href":"https:\/\/api.w.org\/{rel}","templated":true}]}}