{"id":8785,"date":"2023-05-18T19:23:06","date_gmt":"2023-05-18T17:23:06","guid":{"rendered":"http:\/\/www.semlh-morbihan.fr\/wordpress\/?p=8785"},"modified":"2023-06-04T12:53:31","modified_gmt":"2023-06-04T10:53:31","slug":"reunion-du-bureau-de-la-section-smlh-du-morbihan-le-mardi-16-mai-2023-dans-les-salons-du-conseil-departemental","status":"publish","type":"post","link":"http:\/\/www.semlh-morbihan.fr\/wordpress\/2023\/05\/18\/reunion-du-bureau-de-la-section-smlh-du-morbihan-le-mardi-16-mai-2023-dans-les-salons-du-conseil-departemental\/","title":{"rendered":"R\u00e9union du bureau de la section SMLH du Morbihan le mardi 16 mai 2023 dans les salons du Conseil d\u00e9partemental"},"content":{"rendered":"<p>Le 16 mai 2023, dans le hall du Conseil D\u00e9partemental, le pr\u00e9sident a proc\u00e9d\u00e9 \u00e0 la remise de trois dipl\u00f4mes de porte-drapeau \u00e0 trois membres du bureau, Roland Mergel (15 ans), Raymond Le Lan (20 ans) et Jacques Joly (25 ans).<\/p>\n<p>&nbsp;<\/p>\n<figure id=\"attachment_8786\" aria-describedby=\"caption-attachment-8786\" style=\"width: 600px\" class=\"wp-caption aligncenter\"><img loading=\"lazy\" decoding=\"async\" class=\"size-medium wp-image-8786\" src=\"http:\/\/www.semlh-morbihan.fr\/wordpress\/wp-content\/uploads\/2023\/05\/20230516_172501-600x277.jpg\" alt=\"\" width=\"600\" height=\"277\" srcset=\"http:\/\/www.semlh-morbihan.fr\/wordpress\/wp-content\/uploads\/2023\/05\/20230516_172501-600x277.jpg 600w, http:\/\/www.semlh-morbihan.fr\/wordpress\/wp-content\/uploads\/2023\/05\/20230516_172501-1024x473.jpg 1024w, http:\/\/www.semlh-morbihan.fr\/wordpress\/wp-content\/uploads\/2023\/05\/20230516_172501-768x355.jpg 768w, http:\/\/www.semlh-morbihan.fr\/wordpress\/wp-content\/uploads\/2023\/05\/20230516_172501-1536x710.jpg 1536w, http:\/\/www.semlh-morbihan.fr\/wordpress\/wp-content\/uploads\/2023\/05\/20230516_172501-2048x947.jpg 2048w, http:\/\/www.semlh-morbihan.fr\/wordpress\/wp-content\/uploads\/2023\/05\/20230516_172501-1218x563.jpg 1218w\" sizes=\"auto, (max-width: 600px) 100vw, 600px\" \/><figcaption id=\"caption-attachment-8786\" class=\"wp-caption-text\">Un aper\u00e7u des membres du bureau de section SMLH du Morbihan lors de la r\u00e9union du 16 mai dans les locaux du conseil d\u00e9partemental<\/figcaption><\/figure>\n<figure id=\"attachment_8788\" aria-describedby=\"caption-attachment-8788\" style=\"width: 467px\" class=\"wp-caption aligncenter\"><img loading=\"lazy\" decoding=\"async\" class=\"size-medium wp-image-8788\" src=\"http:\/\/www.semlh-morbihan.fr\/wordpress\/wp-content\/uploads\/2023\/05\/20230516_172133-2-467x600.jpg\" alt=\"\" width=\"467\" height=\"600\" srcset=\"http:\/\/www.semlh-morbihan.fr\/wordpress\/wp-content\/uploads\/2023\/05\/20230516_172133-2-467x600.jpg 467w, http:\/\/www.semlh-morbihan.fr\/wordpress\/wp-content\/uploads\/2023\/05\/20230516_172133-2-797x1024.jpg 797w, http:\/\/www.semlh-morbihan.fr\/wordpress\/wp-content\/uploads\/2023\/05\/20230516_172133-2-768x987.jpg 768w, http:\/\/www.semlh-morbihan.fr\/wordpress\/wp-content\/uploads\/2023\/05\/20230516_172133-2-1195x1536.jpg 1195w, http:\/\/www.semlh-morbihan.fr\/wordpress\/wp-content\/uploads\/2023\/05\/20230516_172133-2-1218x1565.jpg 1218w, http:\/\/www.semlh-morbihan.fr\/wordpress\/wp-content\/uploads\/2023\/05\/20230516_172133-2.jpg 1485w\" sizes=\"auto, (max-width: 467px) 100vw, 467px\" \/><figcaption id=\"caption-attachment-8788\" class=\"wp-caption-text\">Remise du dipl\u00f4me d&rsquo;honneur de porte-drapeaux \u00e0 Roland Mergel par le pr\u00e9sident, le gal Philippe Pr\u00e9vost<\/figcaption><\/figure>\n<p>&nbsp;<\/p>\n<figure id=\"attachment_8787\" aria-describedby=\"caption-attachment-8787\" style=\"width: 600px\" class=\"wp-caption aligncenter\"><img loading=\"lazy\" decoding=\"async\" class=\"size-medium wp-image-8787\" src=\"http:\/\/www.semlh-morbihan.fr\/wordpress\/wp-content\/uploads\/2023\/05\/20230516_172049-2-600x498.jpg\" alt=\"\" width=\"600\" height=\"498\" srcset=\"http:\/\/www.semlh-morbihan.fr\/wordpress\/wp-content\/uploads\/2023\/05\/20230516_172049-2-600x498.jpg 600w, http:\/\/www.semlh-morbihan.fr\/wordpress\/wp-content\/uploads\/2023\/05\/20230516_172049-2-1024x850.jpg 1024w, http:\/\/www.semlh-morbihan.fr\/wordpress\/wp-content\/uploads\/2023\/05\/20230516_172049-2-768x638.jpg 768w, http:\/\/www.semlh-morbihan.fr\/wordpress\/wp-content\/uploads\/2023\/05\/20230516_172049-2-1536x1275.jpg 1536w, http:\/\/www.semlh-morbihan.fr\/wordpress\/wp-content\/uploads\/2023\/05\/20230516_172049-2-2048x1700.jpg 2048w, http:\/\/www.semlh-morbihan.fr\/wordpress\/wp-content\/uploads\/2023\/05\/20230516_172049-2-1218x1011.jpg 1218w\" sizes=\"auto, (max-width: 600px) 100vw, 600px\" \/><figcaption id=\"caption-attachment-8787\" class=\"wp-caption-text\">Remise du dipl\u00f4me de porte drapeaux \u00e0 Jacques Joly pour ses 20 ans de pr\u00e9sence par le g\u00e9n\u00e9ral Philippe Pr\u00e9vost, pr\u00e9sident de section<\/figcaption><\/figure>\n<p>&nbsp;<\/p>\n<figure id=\"attachment_8838\" aria-describedby=\"caption-attachment-8838\" style=\"width: 600px\" class=\"wp-caption aligncenter\"><img loading=\"lazy\" decoding=\"async\" class=\"size-medium wp-image-8838\" src=\"http:\/\/www.semlh-morbihan.fr\/wordpress\/wp-content\/uploads\/2023\/05\/20230516_172116-2-600x600.jpg\" alt=\"\" width=\"600\" height=\"600\" srcset=\"http:\/\/www.semlh-morbihan.fr\/wordpress\/wp-content\/uploads\/2023\/05\/20230516_172116-2-600x600.jpg 600w, http:\/\/www.semlh-morbihan.fr\/wordpress\/wp-content\/uploads\/2023\/05\/20230516_172116-2-1024x1022.jpg 1024w, http:\/\/www.semlh-morbihan.fr\/wordpress\/wp-content\/uploads\/2023\/05\/20230516_172116-2-150x150.jpg 150w, http:\/\/www.semlh-morbihan.fr\/wordpress\/wp-content\/uploads\/2023\/05\/20230516_172116-2-1536x1533.jpg 1536w, http:\/\/www.semlh-morbihan.fr\/wordpress\/wp-content\/uploads\/2023\/05\/20230516_172116-2-1218x1215.jpg 1218w, http:\/\/www.semlh-morbihan.fr\/wordpress\/wp-content\/uploads\/2023\/05\/20230516_172116-2-100x100.jpg 100w, http:\/\/www.semlh-morbihan.fr\/wordpress\/wp-content\/uploads\/2023\/05\/20230516_172116-2.jpg 1911w\" sizes=\"auto, (max-width: 600px) 100vw, 600px\" \/><figcaption id=\"caption-attachment-8838\" class=\"wp-caption-text\">Remise du dipl\u00f4me de porte-drapeau par le pr\u00e9sident de section, le gal Philippe Pr\u00e9vost, \u00e0 Raymond Le Lan<\/figcaption><\/figure>\n","protected":false},"excerpt":{"rendered":"<p>Le 16 mai 2023, dans le hall du Conseil D\u00e9partemental, le pr\u00e9sident a proc\u00e9d\u00e9 \u00e0 la remise de trois dipl\u00f4mes de porte-drapeau \u00e0 trois membres&#8230;<\/p>\n","protected":false},"author":329,"featured_media":8786,"comment_status":"closed","ping_status":"open","sticky":false,"template":"","format":"standard","meta":{"footnotes":""},"categories":[384,337],"tags":[],"class_list":["post-8785","post","type-post","status-publish","format-standard","has-post-thumbnail","hentry","category-actualites-la-section","category-la-section","wpcat-384-id","wpcat-337-id"],"_links":{"self":[{"href":"http:\/\/www.semlh-morbihan.fr\/wordpress\/wp-json\/wp\/v2\/posts\/8785","targetHints":{"allow":["GET"]}}],"collection":[{"href":"http:\/\/www.semlh-morbihan.fr\/wordpress\/wp-json\/wp\/v2\/posts"}],"about":[{"href":"http:\/\/www.semlh-morbihan.fr\/wordpress\/wp-json\/wp\/v2\/types\/post"}],"author":[{"embeddable":true,"href":"http:\/\/www.semlh-morbihan.fr\/wordpress\/wp-json\/wp\/v2\/users\/329"}],"replies":[{"embeddable":true,"href":"http:\/\/www.semlh-morbihan.fr\/wordpress\/wp-json\/wp\/v2\/comments?post=8785"}],"version-history":[{"count":3,"href":"http:\/\/www.semlh-morbihan.fr\/wordpress\/wp-json\/wp\/v2\/posts\/8785\/revisions"}],"predecessor-version":[{"id":8840,"href":"http:\/\/www.semlh-morbihan.fr\/wordpress\/wp-json\/wp\/v2\/posts\/8785\/revisions\/8840"}],"wp:featuredmedia":[{"embeddable":true,"href":"http:\/\/www.semlh-morbihan.fr\/wordpress\/wp-json\/wp\/v2\/media\/8786"}],"wp:attachment":[{"href":"http:\/\/www.semlh-morbihan.fr\/wordpress\/wp-json\/wp\/v2\/media?parent=8785"}],"wp:term":[{"taxonomy":"category","embeddable":true,"href":"http:\/\/www.semlh-morbihan.fr\/wordpress\/wp-json\/wp\/v2\/categories?post=8785"},{"taxonomy":"post_tag","embeddable":true,"href":"http:\/\/www.semlh-morbihan.fr\/wordpress\/wp-json\/wp\/v2\/tags?post=8785"}],"curies":[{"name":"wp","href":"https:\/\/api.w.org\/{rel}","templated":true}]}}