{"id":8796,"date":"2023-05-27T21:30:07","date_gmt":"2023-05-27T19:30:07","guid":{"rendered":"http:\/\/www.semlh-morbihan.fr\/wordpress\/?p=8796"},"modified":"2023-05-27T22:01:03","modified_gmt":"2023-05-27T20:01:03","slug":"ceremonie-du-8-mai-2023-a-lorient","status":"publish","type":"post","link":"http:\/\/www.semlh-morbihan.fr\/wordpress\/2023\/05\/27\/ceremonie-du-8-mai-2023-a-lorient\/","title":{"rendered":"C\u00e9r\u00e9monie du 8 mai 2023 \u00e0 Lorient"},"content":{"rendered":"<p style=\"text-align: center;\"><span style=\"text-decoration: underline;\"><strong>Compte-rendu\u00a0 \u00a0de la\u00a0 c\u00e9r\u00e9monie\u00a0 du\u00a0 8 MAI\u00a0 \u00e0\u00a0 Lorient<\/strong><\/span><\/p>\n<p>\u00a0 \u00a0 \u00a0 \u00a0 \u00a0 \u00a0 \u00a0 \u00a0 \u00a0 \u00a0 \u00a0 \u00a0 \u00a0 \u00a0 \u00a0 \u00a0 \u00a0 \u00a0 \u00a0\u00b0\u00b0\u00b0\u00b0\u00b0\u00b0\u00b0\u00b0\u00b0\u00b0\u00b0\u00b0\u00b0\u00b0\u00b0\u00b0\u00b0\u00b0\u00b0\u00b0\u00b0\u00b0\u00b0\u00b0\u00b0\u00b0\u00b0\u00b0\u00b0\u00b0\u00b0\u00b0\u00b0\u00b0\u00b0\u00b0\u00b0\u00b0\u00b0\u00b0\u00b0\u00b0\u00b0\u00b0\u00b0\u00b0\u00b0\u00b0\u00b0\u00b0\u00b0<\/p>\n<p style=\"text-align: justify;\">Suite \u00e0 la messe, organis\u00e9e\u00a0 par le comit\u00e9 d &lsquo;entente,\u00a0 la c\u00e9r\u00e9monie\u00a0 de la comm\u00e9moration\u00a0 de la victoire\u00a0 du 8 mai 1945 s &lsquo;est d\u00e9roul\u00e9e\u00a0 place\u00a0 Glotin, devant les autorit\u00e9s\u00a0 civiles et militaires, de nombreux drapeaux, des d\u00e9l\u00e9gations, les enfants des \u00e9coles, les cadets de la s\u00e9curit\u00e9 civile du coll\u00e8ge de Tr\u00e9faven, l &lsquo;harmonie\u00a0 municipale\u00a0 et\u00a0 la fanfare\u00a0 des\u00a0 sapeurs pompiers\u00a0 et\u00a0 devant un public important, malgr\u00e9\u00a0 une\u00a0 pluie assez pr\u00e9sente.<\/p>\n<p style=\"text-align: justify;\">Chaque porte -drapeau\u00a0 \u00e9tait accompagn\u00e9\u00a0 par un cadet\u00a0 de la s\u00e9curit\u00e9 civile.<\/p>\n<p style=\"text-align: justify;\">Avant\u00a0 la\u00a0 lecture\u00a0 de textes\u00a0 par les enfants des \u00e9coles et\u00a0 le\u00a0 message\u00a0 du Sous &#8211; Pr\u00e9fet de\u00a0 Lorient,\u00a0 il a\u00a0 \u00e9t\u00e9 proc\u00e9d\u00e9\u00a0 \u00e0\u00a0 une seule\u00a0 remise\u00a0 de d\u00e9coration. de Chevalier de la\u00a0 L\u00e9gion d &lsquo;Honneur.<\/p>\n<p style=\"text-align: justify;\">Il a \u00e9t\u00e9 fait \u00e9tat\u00a0 au public\u00a0 de l &lsquo;origine\u00a0 de la L\u00e9gion d &lsquo;Honneur\u00a0 et des services rendus\u00a0 par\u00a0 le r\u00e9cipiendaire, ancien adjudant-chef.<\/p>\n<p style=\"text-align: justify;\">\u00ab\u00a0L\u2019ordre de la l\u00e9gion d\u2018honneur, cr\u00e9\u00e9 le 19 mai 1802 par Napol\u00e9on Bonaparte, se veut \u00eatre un corps d\u2019\u00e9lite destin\u00e9 \u00e0 r\u00e9unir des militaires et civils les plus m\u00e9ritants. Remise au nom du Chef de l\u2019Etat, c\u2019est <strong><u>La l\u00e9gion d\u2019honneur<\/u>, <\/strong>plus haute distinction fran\u00e7aise.<\/p>\n<p style=\"text-align: justify;\">Pour les militaires, l\u2019obtention de la m\u00e9daille de la l\u00e9gion d\u2019honneur se conditionne \u00e0 la r\u00e9alisation de m\u00e9rites dans l\u2019exercice, pendant au moins 20 ans d\u2019activit\u00e9 au b\u00e9n\u00e9fice de l\u2019int\u00e9r\u00eat g\u00e9n\u00e9ral et de la Nation. Aujourd\u2019hui, la l\u00e9gion d\u2019honneur est remise au titre des Arm\u00e9es.<\/p>\n<figure id=\"attachment_8800\" aria-describedby=\"caption-attachment-8800\" style=\"width: 600px\" class=\"wp-caption aligncenter\"><img loading=\"lazy\" decoding=\"async\" class=\"size-medium wp-image-8800\" src=\"http:\/\/www.semlh-morbihan.fr\/wordpress\/wp-content\/uploads\/2023\/05\/20230508_104425-600x450.jpg\" alt=\"\" width=\"600\" height=\"450\" srcset=\"http:\/\/www.semlh-morbihan.fr\/wordpress\/wp-content\/uploads\/2023\/05\/20230508_104425-600x450.jpg 600w, http:\/\/www.semlh-morbihan.fr\/wordpress\/wp-content\/uploads\/2023\/05\/20230508_104425-1024x768.jpg 1024w, http:\/\/www.semlh-morbihan.fr\/wordpress\/wp-content\/uploads\/2023\/05\/20230508_104425-768x576.jpg 768w, http:\/\/www.semlh-morbihan.fr\/wordpress\/wp-content\/uploads\/2023\/05\/20230508_104425-1536x1152.jpg 1536w, http:\/\/www.semlh-morbihan.fr\/wordpress\/wp-content\/uploads\/2023\/05\/20230508_104425-2048x1536.jpg 2048w, http:\/\/www.semlh-morbihan.fr\/wordpress\/wp-content\/uploads\/2023\/05\/20230508_104425-1218x914.jpg 1218w, http:\/\/www.semlh-morbihan.fr\/wordpress\/wp-content\/uploads\/2023\/05\/20230508_104425-480x360.jpg 480w\" sizes=\"auto, (max-width: 600px) 100vw, 600px\" \/><figcaption id=\"caption-attachment-8800\" class=\"wp-caption-text\">Les cadets de la s\u00e9curit\u00e9 civile accompagnant les porte-drapeaux<\/figcaption><\/figure>\n<figure id=\"attachment_8801\" aria-describedby=\"caption-attachment-8801\" style=\"width: 450px\" class=\"wp-caption aligncenter\"><img loading=\"lazy\" decoding=\"async\" class=\"size-medium wp-image-8801\" src=\"http:\/\/www.semlh-morbihan.fr\/wordpress\/wp-content\/uploads\/2023\/05\/20230508_114313-450x600.jpg\" alt=\"\" width=\"450\" height=\"600\" srcset=\"http:\/\/www.semlh-morbihan.fr\/wordpress\/wp-content\/uploads\/2023\/05\/20230508_114313-450x600.jpg 450w, http:\/\/www.semlh-morbihan.fr\/wordpress\/wp-content\/uploads\/2023\/05\/20230508_114313-768x1024.jpg 768w, http:\/\/www.semlh-morbihan.fr\/wordpress\/wp-content\/uploads\/2023\/05\/20230508_114313-1152x1536.jpg 1152w, http:\/\/www.semlh-morbihan.fr\/wordpress\/wp-content\/uploads\/2023\/05\/20230508_114313-1536x2048.jpg 1536w, http:\/\/www.semlh-morbihan.fr\/wordpress\/wp-content\/uploads\/2023\/05\/20230508_114313-1218x1624.jpg 1218w, http:\/\/www.semlh-morbihan.fr\/wordpress\/wp-content\/uploads\/2023\/05\/20230508_114313-scaled.jpg 1920w\" sizes=\"auto, (max-width: 450px) 100vw, 450px\" \/><figcaption id=\"caption-attachment-8801\" class=\"wp-caption-text\">Les cadets de la s\u00e9curit\u00e9 civile devant le monument aux morts ; \u00e0 gauche Pierre G\u00e9min, le principal du coll\u00e8ge et Guy Sinel<\/figcaption><\/figure>\n<p>&nbsp;<\/p>\n<p style=\"text-align: center;\"><strong><u>Carri\u00e8re de Pierrick Pavec <\/u><\/strong><\/p>\n<p style=\"text-align: justify;\">\u00ab\u00a0Engag\u00e9 volontaire en 1978, il rejoint le 3<sup>\u00e8me<\/sup> RIMa en 1981 en tant que sous-officier de sp\u00e9cialit\u00e9 m\u00e9canicien. Il obtient le grade de sergent-chef en 1988 et sera admis dans le corps des sous-officiers de carri\u00e8re. Il obtient son Brevet Militaire professionnel du 2<sup>\u00e8me<\/sup> degr\u00e9 (aujourd\u2019hui appel\u00e9 Brevet sup\u00e9rieur de technicien de l\u2019arm\u00e9e de terre) en 1991. Deux ans plus tard il est promu adjudant et en 1999 adjudant-chef. Il est d\u00e9ploy\u00e9 de nombreuses fois : Tchad, Bangkok, ex-Yougoslavie, Guyane, C\u00f4te d\u2019Ivoire et d\u2019autres r\u00e9gions. Sa carri\u00e8re se termine avec une blessure de guerre suite aux faits de Bouak\u00e9 du 6 novembre 2004. Parmi toutes ses d\u00e9corations, la croix de Valeur militaire avec \u00e9toile de vermeil lui a \u00e9t\u00e9 d\u00e9cern\u00e9 le 14 mars 2005. Deux ans plus tard, il lui sera conf\u00e9r\u00e9 la m\u00e9daille militaire.\u00a0\u00bb<\/p>\n<p style=\"text-align: justify;\">Puis , le Capitaine\u00a0 de Vaisseau Honoraire\u00a0 Guy Sinel\u00a0 a proc\u00e9d\u00e9 \u00e0 la remise\u00a0 officielle\u00a0 de la\u00a0 croix\u00a0 de Chevalier \u00e0\u00a0 Monsieur Pierrick\u00a0 Pavec ;\u00a0 il a\u00a0 prononc\u00e9 la\u00a0 formule\u00a0 de r\u00e9ception\u00a0 dans l&rsquo;ordre, puis proc\u00e9d\u00e9\u00a0 \u00e0 l&rsquo;adoubement, fix\u00e9 la\u00a0 m\u00e9daille\u00a0 et\u00a0 donn\u00e9 l &lsquo;accolade.<\/p>\n<p style=\"text-align: justify;\">Apr\u00e8s\u00a0 la\u00a0 c\u00e9r\u00e9monie et\u00a0 avant\u00a0 la r\u00e9ception\u00a0 \u00e0\u00a0 l&rsquo;H\u00f4tel de\u00a0 ville, plusieurs membres\u00a0 \u00a0de notre Comit\u00e9\u00a0 \u00a0sont venus\u00a0 f\u00e9liciter\u00a0 le nouveau\u00a0 d\u00e9cor\u00e9.<\/p>\n<p>C.V( H)\u00a0 guy Sinel<\/p>\n<p>pr\u00e9sident du Comit\u00e9 SMLH du pays de Lorient<\/p>\n<figure id=\"attachment_8805\" aria-describedby=\"caption-attachment-8805\" style=\"width: 600px\" class=\"wp-caption aligncenter\"><img loading=\"lazy\" decoding=\"async\" class=\"size-medium wp-image-8805\" src=\"http:\/\/www.semlh-morbihan.fr\/wordpress\/wp-content\/uploads\/2023\/05\/20230508-Pierrick-13-1-600x400.jpg\" alt=\"\" width=\"600\" height=\"400\" srcset=\"http:\/\/www.semlh-morbihan.fr\/wordpress\/wp-content\/uploads\/2023\/05\/20230508-Pierrick-13-1-600x400.jpg 600w, http:\/\/www.semlh-morbihan.fr\/wordpress\/wp-content\/uploads\/2023\/05\/20230508-Pierrick-13-1-1024x683.jpg 1024w, http:\/\/www.semlh-morbihan.fr\/wordpress\/wp-content\/uploads\/2023\/05\/20230508-Pierrick-13-1-768x512.jpg 768w, http:\/\/www.semlh-morbihan.fr\/wordpress\/wp-content\/uploads\/2023\/05\/20230508-Pierrick-13-1-1536x1024.jpg 1536w, http:\/\/www.semlh-morbihan.fr\/wordpress\/wp-content\/uploads\/2023\/05\/20230508-Pierrick-13-1-2048x1365.jpg 2048w, http:\/\/www.semlh-morbihan.fr\/wordpress\/wp-content\/uploads\/2023\/05\/20230508-Pierrick-13-1-1218x812.jpg 1218w\" sizes=\"auto, (max-width: 600px) 100vw, 600px\" \/><figcaption id=\"caption-attachment-8805\" class=\"wp-caption-text\">\u00a0 \u00a0 \u00a0 \u00a0 \u00a0 \u00a0 \u00a0 \u00a0 \u00a0 \u00a0 \u00a0 \u00a0 \u00a0 \u00a0 \u00a0 \u00a0 \u00a0 \u00a0 \u00a0 \u00a0le CV(H) Guy Sinel prononce la formule de r\u00e9ception<\/figcaption><\/figure>\n<figure id=\"attachment_8804\" aria-describedby=\"caption-attachment-8804\" style=\"width: 600px\" class=\"wp-caption aligncenter\"><img loading=\"lazy\" decoding=\"async\" class=\"size-medium wp-image-8804\" src=\"http:\/\/www.semlh-morbihan.fr\/wordpress\/wp-content\/uploads\/2023\/05\/20230508-Pierrick-14-1-600x400.jpg\" alt=\"\" width=\"600\" height=\"400\" srcset=\"http:\/\/www.semlh-morbihan.fr\/wordpress\/wp-content\/uploads\/2023\/05\/20230508-Pierrick-14-1-600x400.jpg 600w, http:\/\/www.semlh-morbihan.fr\/wordpress\/wp-content\/uploads\/2023\/05\/20230508-Pierrick-14-1-1024x683.jpg 1024w, http:\/\/www.semlh-morbihan.fr\/wordpress\/wp-content\/uploads\/2023\/05\/20230508-Pierrick-14-1-768x512.jpg 768w, http:\/\/www.semlh-morbihan.fr\/wordpress\/wp-content\/uploads\/2023\/05\/20230508-Pierrick-14-1-1536x1024.jpg 1536w, http:\/\/www.semlh-morbihan.fr\/wordpress\/wp-content\/uploads\/2023\/05\/20230508-Pierrick-14-1-2048x1365.jpg 2048w, http:\/\/www.semlh-morbihan.fr\/wordpress\/wp-content\/uploads\/2023\/05\/20230508-Pierrick-14-1-1218x812.jpg 1218w\" sizes=\"auto, (max-width: 600px) 100vw, 600px\" \/><figcaption id=\"caption-attachment-8804\" class=\"wp-caption-text\">\u00a0 \u00a0 \u00a0 \u00a0 \u00a0 \u00a0 \u00a0 \u00a0 \u00a0 \u00a0 \u00a0 \u00a0 \u00a0 \u00a0 \u00a0 \u00a0 \u00a0 \u00a0 \u00a0 \u00a0 \u00a0 \u00a0 \u00a0 \u00a0 \u00a0 \u00a0 \u00a0 \u00a0 \u00a0 \u00a0 \u00a0 \u00a0 \u00a0 Remise de la d\u00e9coration<\/figcaption><\/figure>\n","protected":false},"excerpt":{"rendered":"<p>Compte-rendu\u00a0 \u00a0de la\u00a0 c\u00e9r\u00e9monie\u00a0 du\u00a0 8 MAI\u00a0 \u00e0\u00a0 Lorient \u00a0 \u00a0 \u00a0 \u00a0 \u00a0 \u00a0 \u00a0 \u00a0 \u00a0 \u00a0 \u00a0 \u00a0 \u00a0 \u00a0 \u00a0 \u00a0&#8230;<\/p>\n","protected":false},"author":329,"featured_media":8801,"comment_status":"closed","ping_status":"open","sticky":false,"template":"","format":"standard","meta":{"footnotes":""},"categories":[496,343],"tags":[610,605],"class_list":["post-8796","post","type-post","status-publish","format-standard","has-post-thumbnail","hentry","category-ceremonies-comite-de-lorient","category-comite-de-lorient","tag-ceremonies-lorient","tag-comite-smlh-du-pays-de-lorient","wpcat-496-id","wpcat-343-id"],"_links":{"self":[{"href":"http:\/\/www.semlh-morbihan.fr\/wordpress\/wp-json\/wp\/v2\/posts\/8796","targetHints":{"allow":["GET"]}}],"collection":[{"href":"http:\/\/www.semlh-morbihan.fr\/wordpress\/wp-json\/wp\/v2\/posts"}],"about":[{"href":"http:\/\/www.semlh-morbihan.fr\/wordpress\/wp-json\/wp\/v2\/types\/post"}],"author":[{"embeddable":true,"href":"http:\/\/www.semlh-morbihan.fr\/wordpress\/wp-json\/wp\/v2\/users\/329"}],"replies":[{"embeddable":true,"href":"http:\/\/www.semlh-morbihan.fr\/wordpress\/wp-json\/wp\/v2\/comments?post=8796"}],"version-history":[{"count":7,"href":"http:\/\/www.semlh-morbihan.fr\/wordpress\/wp-json\/wp\/v2\/posts\/8796\/revisions"}],"predecessor-version":[{"id":8807,"href":"http:\/\/www.semlh-morbihan.fr\/wordpress\/wp-json\/wp\/v2\/posts\/8796\/revisions\/8807"}],"wp:featuredmedia":[{"embeddable":true,"href":"http:\/\/www.semlh-morbihan.fr\/wordpress\/wp-json\/wp\/v2\/media\/8801"}],"wp:attachment":[{"href":"http:\/\/www.semlh-morbihan.fr\/wordpress\/wp-json\/wp\/v2\/media?parent=8796"}],"wp:term":[{"taxonomy":"category","embeddable":true,"href":"http:\/\/www.semlh-morbihan.fr\/wordpress\/wp-json\/wp\/v2\/categories?post=8796"},{"taxonomy":"post_tag","embeddable":true,"href":"http:\/\/www.semlh-morbihan.fr\/wordpress\/wp-json\/wp\/v2\/tags?post=8796"}],"curies":[{"name":"wp","href":"https:\/\/api.w.org\/{rel}","templated":true}]}}