{"id":8808,"date":"2023-05-27T22:09:32","date_gmt":"2023-05-27T20:09:32","guid":{"rendered":"http:\/\/www.semlh-morbihan.fr\/wordpress\/?p=8808"},"modified":"2023-05-27T22:21:14","modified_gmt":"2023-05-27T20:21:14","slug":"ceremonie-de-remise-des-insignes-aux-stagiaires-de-la-preparation-militaire-marine-pmmp-de-lorient-a-guidel-le-13-mai-2023","status":"publish","type":"post","link":"http:\/\/www.semlh-morbihan.fr\/wordpress\/2023\/05\/27\/ceremonie-de-remise-des-insignes-aux-stagiaires-de-la-preparation-militaire-marine-pmmp-de-lorient-a-guidel-le-13-mai-2023\/","title":{"rendered":"C\u00e9r\u00e9monie de remise des insignes aux stagiaires de la Pr\u00e9paration Militaire Marine (PMMp de Lorient, \u00e0 Guidel, le  13 mai 2023"},"content":{"rendered":"<figure id=\"attachment_8810\" aria-describedby=\"caption-attachment-8810\" style=\"width: 450px\" class=\"wp-caption aligncenter\"><img loading=\"lazy\" decoding=\"async\" class=\"size-medium wp-image-8810\" src=\"http:\/\/www.semlh-morbihan.fr\/wordpress\/wp-content\/uploads\/2023\/05\/P_20230513_114015_vHDR_Auto-450x600.jpg\" alt=\"\" width=\"450\" height=\"600\" srcset=\"http:\/\/www.semlh-morbihan.fr\/wordpress\/wp-content\/uploads\/2023\/05\/P_20230513_114015_vHDR_Auto-450x600.jpg 450w, http:\/\/www.semlh-morbihan.fr\/wordpress\/wp-content\/uploads\/2023\/05\/P_20230513_114015_vHDR_Auto-768x1024.jpg 768w, http:\/\/www.semlh-morbihan.fr\/wordpress\/wp-content\/uploads\/2023\/05\/P_20230513_114015_vHDR_Auto-1152x1536.jpg 1152w, http:\/\/www.semlh-morbihan.fr\/wordpress\/wp-content\/uploads\/2023\/05\/P_20230513_114015_vHDR_Auto-1536x2048.jpg 1536w, http:\/\/www.semlh-morbihan.fr\/wordpress\/wp-content\/uploads\/2023\/05\/P_20230513_114015_vHDR_Auto-1218x1624.jpg 1218w, http:\/\/www.semlh-morbihan.fr\/wordpress\/wp-content\/uploads\/2023\/05\/P_20230513_114015_vHDR_Auto-scaled.jpg 1920w\" sizes=\"auto, (max-width: 450px) 100vw, 450px\" \/><figcaption id=\"caption-attachment-8810\" class=\"wp-caption-text\">Remise du prix de la SMLH au major de la promotion par le pr\u00e9sident du comit\u00e9 du pays de Lorient<\/figcaption><\/figure>\n<p style=\"text-align: justify;\">En pr\u00e9sence des autorit\u00e9s civiles et militaires, et des familles, cette c\u00e9r\u00e9monie a \u00e9t\u00e9 plac\u00e9e sous la pr\u00e9sidence conjointe du capitaine de vaisseau Pierre Marcellin, commandant l&rsquo;a\u00e9ronautique navale de Lann-Bihou\u00e9 et de Monsieur Jo Daniel, maire de Guidel.<\/p>\n<p style=\"text-align: justify;\">Le chef du centre de la PMM a pr\u00e9cis\u00e9 :\u00a0\u00bb cette 52\u00e8me promotion est compos\u00e9e de 45 stagiaires, dont 11 jeunes femmes, \u00e2g\u00e9s de 16 \u00e0 20 ans. Notre r\u00f4le est de les former et de leur faire d\u00e9couvrir le monde de la Marine nationale. D\u00e9butant en septembre 2022, cette session se cl\u00f4ture ce jour par la remise des insignes. Encadr\u00e9s par six instructeurs, les stagiaires ont re\u00e7u une formation dans plusieurs domaines : maritime, navigation, s\u00e9curit\u00e9 et militaire. Ils ont aussi particip\u00e9 aux c\u00e9r\u00e9monies patriotiques des 11 novembre et 8 mai et la remise du fanion s &lsquo;est d\u00e9roul\u00e9e en d\u00e9cembre dernier \u00e0 Merlevenez.\u00a0\u00bb<\/p>\n<p style=\"text-align: justify;\">Comme chaque ann\u00e9e, notre Comit\u00e9 \u00e9tait d\u00e9j\u00e0 pr\u00e9sent \u00e0 la remise du Fanion ( c\/ sur le site \u00b0 et le pr\u00e9sident du comit\u00e9 est intervenu aupr\u00e8s des jeunes pour leur pr\u00e9senter la L\u00e9gion d &lsquo;Honneur, la SMLH et ses actions ainsi que l&rsquo;esprit de d\u00e9fense ( c\/r sur le site ).<\/p>\n<p style=\"text-align: justify;\">Plusieurs membres du Comit\u00e9 du Pays de Lorient \u00e9taient pr\u00e9sents : le pr\u00e9sident, les 2 vice-pr\u00e9sidents le C.A (2S) Sarrade, et Guy de Fombelle ; Pierre G\u00e9min et notre porte-drapeau Pierre S\u00e9ailles.<\/p>\n<p style=\"text-align: justify;\">Le pr\u00e9sident Guy Sinel a remis le prix de la SMLH \u00e0 la jeune femme , major de cette 52 \u00e8me promotion.<\/p>\n<p style=\"text-align: justify;\">Il l&rsquo;a f\u00e9licit\u00e9e pour les r\u00e9sultats obtenus et pour son engagement ainsi que tous les autres stagiaires, et il a soulign\u00e9 le d\u00e9vouement et le temps consacr\u00e9 aux jeunes stagiaires par les instructeurs de la PMM.<\/p>\n<p>C.V(H) guy Sinel<\/p>\n<p>pr\u00e9sident du Comit\u00e9 du Pays de Lorient de la SMLH<\/p>\n<p>&nbsp;<\/p>\n<figure id=\"attachment_8812\" aria-describedby=\"caption-attachment-8812\" style=\"width: 600px\" class=\"wp-caption aligncenter\"><img loading=\"lazy\" decoding=\"async\" class=\"size-medium wp-image-8812\" src=\"http:\/\/www.semlh-morbihan.fr\/wordpress\/wp-content\/uploads\/2023\/05\/P_20230513_104957_vHDR_Auto-600x450.jpg\" alt=\"\" width=\"600\" height=\"450\" srcset=\"http:\/\/www.semlh-morbihan.fr\/wordpress\/wp-content\/uploads\/2023\/05\/P_20230513_104957_vHDR_Auto-600x450.jpg 600w, http:\/\/www.semlh-morbihan.fr\/wordpress\/wp-content\/uploads\/2023\/05\/P_20230513_104957_vHDR_Auto-1024x768.jpg 1024w, http:\/\/www.semlh-morbihan.fr\/wordpress\/wp-content\/uploads\/2023\/05\/P_20230513_104957_vHDR_Auto-768x576.jpg 768w, http:\/\/www.semlh-morbihan.fr\/wordpress\/wp-content\/uploads\/2023\/05\/P_20230513_104957_vHDR_Auto-1536x1152.jpg 1536w, http:\/\/www.semlh-morbihan.fr\/wordpress\/wp-content\/uploads\/2023\/05\/P_20230513_104957_vHDR_Auto-2048x1536.jpg 2048w, http:\/\/www.semlh-morbihan.fr\/wordpress\/wp-content\/uploads\/2023\/05\/P_20230513_104957_vHDR_Auto-1218x914.jpg 1218w, http:\/\/www.semlh-morbihan.fr\/wordpress\/wp-content\/uploads\/2023\/05\/P_20230513_104957_vHDR_Auto-480x360.jpg 480w\" sizes=\"auto, (max-width: 600px) 100vw, 600px\" \/><figcaption id=\"caption-attachment-8812\" class=\"wp-caption-text\">\u00e0 c\u00f4t\u00e9 de la garde au fanion de la PMM, Guy Sinel<\/figcaption><\/figure>\n<figure id=\"attachment_8813\" aria-describedby=\"caption-attachment-8813\" style=\"width: 600px\" class=\"wp-caption aligncenter\"><img loading=\"lazy\" decoding=\"async\" class=\"size-medium wp-image-8813\" src=\"http:\/\/www.semlh-morbihan.fr\/wordpress\/wp-content\/uploads\/2023\/05\/P_20230513_104917_vHDR_Auto_HP-600x300.jpg\" alt=\"\" width=\"600\" height=\"300\" srcset=\"http:\/\/www.semlh-morbihan.fr\/wordpress\/wp-content\/uploads\/2023\/05\/P_20230513_104917_vHDR_Auto_HP-600x300.jpg 600w, http:\/\/www.semlh-morbihan.fr\/wordpress\/wp-content\/uploads\/2023\/05\/P_20230513_104917_vHDR_Auto_HP-1024x512.jpg 1024w, http:\/\/www.semlh-morbihan.fr\/wordpress\/wp-content\/uploads\/2023\/05\/P_20230513_104917_vHDR_Auto_HP-768x384.jpg 768w, http:\/\/www.semlh-morbihan.fr\/wordpress\/wp-content\/uploads\/2023\/05\/P_20230513_104917_vHDR_Auto_HP-1536x768.jpg 1536w, http:\/\/www.semlh-morbihan.fr\/wordpress\/wp-content\/uploads\/2023\/05\/P_20230513_104917_vHDR_Auto_HP-2048x1024.jpg 2048w, http:\/\/www.semlh-morbihan.fr\/wordpress\/wp-content\/uploads\/2023\/05\/P_20230513_104917_vHDR_Auto_HP-1218x609.jpg 1218w, http:\/\/www.semlh-morbihan.fr\/wordpress\/wp-content\/uploads\/2023\/05\/P_20230513_104917_vHDR_Auto_HP-480x240.jpg 480w\" sizes=\"auto, (max-width: 600px) 100vw, 600px\" \/><figcaption id=\"caption-attachment-8813\" class=\"wp-caption-text\">Pierre G\u00e9min et Guy Sinel au milieu des atagiaires<\/figcaption><\/figure>\n<p>&nbsp;<\/p>\n<figure id=\"attachment_8814\" aria-describedby=\"caption-attachment-8814\" style=\"width: 600px\" class=\"wp-caption aligncenter\"><img loading=\"lazy\" decoding=\"async\" class=\"size-medium wp-image-8814\" src=\"http:\/\/www.semlh-morbihan.fr\/wordpress\/wp-content\/uploads\/2023\/05\/P_20230513_103350_vHDR_Auto-600x450.jpg\" alt=\"\" width=\"600\" height=\"450\" srcset=\"http:\/\/www.semlh-morbihan.fr\/wordpress\/wp-content\/uploads\/2023\/05\/P_20230513_103350_vHDR_Auto-600x450.jpg 600w, http:\/\/www.semlh-morbihan.fr\/wordpress\/wp-content\/uploads\/2023\/05\/P_20230513_103350_vHDR_Auto-1024x768.jpg 1024w, http:\/\/www.semlh-morbihan.fr\/wordpress\/wp-content\/uploads\/2023\/05\/P_20230513_103350_vHDR_Auto-768x576.jpg 768w, http:\/\/www.semlh-morbihan.fr\/wordpress\/wp-content\/uploads\/2023\/05\/P_20230513_103350_vHDR_Auto-1536x1152.jpg 1536w, http:\/\/www.semlh-morbihan.fr\/wordpress\/wp-content\/uploads\/2023\/05\/P_20230513_103350_vHDR_Auto-2048x1536.jpg 2048w, http:\/\/www.semlh-morbihan.fr\/wordpress\/wp-content\/uploads\/2023\/05\/P_20230513_103350_vHDR_Auto-1218x914.jpg 1218w, http:\/\/www.semlh-morbihan.fr\/wordpress\/wp-content\/uploads\/2023\/05\/P_20230513_103350_vHDR_Auto-480x360.jpg 480w\" sizes=\"auto, (max-width: 600px) 100vw, 600px\" \/><figcaption id=\"caption-attachment-8814\" class=\"wp-caption-text\">Devant le monument aux morts, les autorit\u00e9s civiles et militaires devant les drapeaux<\/figcaption><\/figure>\n","protected":false},"excerpt":{"rendered":"<p>En pr\u00e9sence des autorit\u00e9s civiles et militaires, et des familles, cette c\u00e9r\u00e9monie a \u00e9t\u00e9 plac\u00e9e sous la pr\u00e9sidence conjointe du capitaine de vaisseau Pierre Marcellin,&#8230;<\/p>\n","protected":false},"author":329,"featured_media":8814,"comment_status":"closed","ping_status":"open","sticky":false,"template":"","format":"standard","meta":{"footnotes":""},"categories":[355,496,343],"tags":[610,605],"class_list":["post-8808","post","type-post","status-publish","format-standard","has-post-thumbnail","hentry","category-actualites-comite-de-lorient","category-ceremonies-comite-de-lorient","category-comite-de-lorient","tag-ceremonies-lorient","tag-comite-smlh-du-pays-de-lorient","wpcat-355-id","wpcat-496-id","wpcat-343-id"],"_links":{"self":[{"href":"http:\/\/www.semlh-morbihan.fr\/wordpress\/wp-json\/wp\/v2\/posts\/8808","targetHints":{"allow":["GET"]}}],"collection":[{"href":"http:\/\/www.semlh-morbihan.fr\/wordpress\/wp-json\/wp\/v2\/posts"}],"about":[{"href":"http:\/\/www.semlh-morbihan.fr\/wordpress\/wp-json\/wp\/v2\/types\/post"}],"author":[{"embeddable":true,"href":"http:\/\/www.semlh-morbihan.fr\/wordpress\/wp-json\/wp\/v2\/users\/329"}],"replies":[{"embeddable":true,"href":"http:\/\/www.semlh-morbihan.fr\/wordpress\/wp-json\/wp\/v2\/comments?post=8808"}],"version-history":[{"count":5,"href":"http:\/\/www.semlh-morbihan.fr\/wordpress\/wp-json\/wp\/v2\/posts\/8808\/revisions"}],"predecessor-version":[{"id":8817,"href":"http:\/\/www.semlh-morbihan.fr\/wordpress\/wp-json\/wp\/v2\/posts\/8808\/revisions\/8817"}],"wp:featuredmedia":[{"embeddable":true,"href":"http:\/\/www.semlh-morbihan.fr\/wordpress\/wp-json\/wp\/v2\/media\/8814"}],"wp:attachment":[{"href":"http:\/\/www.semlh-morbihan.fr\/wordpress\/wp-json\/wp\/v2\/media?parent=8808"}],"wp:term":[{"taxonomy":"category","embeddable":true,"href":"http:\/\/www.semlh-morbihan.fr\/wordpress\/wp-json\/wp\/v2\/categories?post=8808"},{"taxonomy":"post_tag","embeddable":true,"href":"http:\/\/www.semlh-morbihan.fr\/wordpress\/wp-json\/wp\/v2\/tags?post=8808"}],"curies":[{"name":"wp","href":"https:\/\/api.w.org\/{rel}","templated":true}]}}