{"id":8818,"date":"2023-05-27T23:19:37","date_gmt":"2023-05-27T21:19:37","guid":{"rendered":"http:\/\/www.semlh-morbihan.fr\/wordpress\/?p=8818"},"modified":"2023-05-27T23:34:59","modified_gmt":"2023-05-27T21:34:59","slug":"fondation-un-avenir-ensemble-4-nouveaux-parrainages-au-printemps-2023-dans-le-morbiahn","status":"publish","type":"post","link":"http:\/\/www.semlh-morbihan.fr\/wordpress\/2023\/05\/27\/fondation-un-avenir-ensemble-4-nouveaux-parrainages-au-printemps-2023-dans-le-morbiahn\/","title":{"rendered":"Fondation \u00ab\u00a0un avenir ensemble\u00a0\u00bb 4 nouveaux parrainages au printemps 2023 dans le Morbihan"},"content":{"rendered":"<p><strong>Fondation\u00a0 \u00ab\u00a0Un Avenir\u00a0 Ensemble\u00a0\u00bb de la\u00a0 Grande Chancellerie\u00a0 de\u00a0 la\u00a0 L\u00e9gion d\u2019Honneur<\/strong><\/p>\n<p style=\"text-align: center;\"><strong>LE MERITE SE PARTAGE\u00a0\u00a0\u00a0\u00a0\u00a0\u00a0\u00a0\u00a0<\/strong><\/p>\n<p>&nbsp;<\/p>\n<p>Au\u00a0 printemps\u00a0 2023,\u00a0 4\u00a0 nouveaux\u00a0 parrainages\u00a0 dans le\u00a0\u00a0 Morbihan.<\/p>\n<p style=\"text-align: justify;\">Depuis\u00a0\u00a0 plus\u00a0 de\u00a0 15 ans, la\u00a0 Fondation \u00a0\u0153uvre pour que l\u2019enseignement et le savoir demeure\u00a0 source\u00a0 d\u2019 \u00e9mancipation pour tous les jeunes, quelle que\u00a0 soit\u00a0 leur origine\u00a0 sociale.\u00a0 Dans cet\u00a0 objectif, elle\u00a0 mobilise\u00a0 des\u00a0 d\u00e9cor\u00e9s de la\u00a0 Nation (\u00a0 LH, ONM, MM ) pour\u00a0 offrir\u00a0\u00a0 \u00e0\u00a0 des\u00a0 jeunes\u00a0 m\u00e9ritants les cl\u00e9s\u00a0 pour se construire\u00a0 un avenir\u00a0 \u00e0 la\u00a0 hauteur\u00a0\u00a0 de leurs capacit\u00e9s.<\/p>\n<p style=\"text-align: justify;\">Elle\u00a0 permet\u00a0\u00a0 de\u00a0 soutenir\u00a0 \u00a0de\u00a0 jeunes\u00a0 boursiers\u00a0 m\u00e9ritants\u00a0\u00a0 de la\u00a0 classe\u00a0 de seconde\u00a0 jusqu&rsquo;\u00e0 leur\u00a0 entr\u00e9e\u00a0 dans\u00a0 la\u00a0 vie\u00a0 active. Ils b\u00e9n\u00e9ficient\u00a0 d\u2019un accompagnement\u00a0 personnalis\u00e9, par le biais\u00a0 d\u2019un parrainage.<\/p>\n<p style=\"text-align: justify;\">Reconnue\u00a0 d\u2019utilit\u00e9\u00a0 publique en 2009, la\u00a0 Fondation\u00a0 assure\u00a0\u00a0 cette\u00a0 relation unique\u00a0 par\u00a0 des actions\u00a0 de\u00a0 formation et\u00a0 d\u2019aide\u00a0 \u00e0\u00a0 l\u2019 orientation\u00a0 et \u00e0\u00a0 l\u2019insertion professionnelle.<\/p>\n<p style=\"text-align: justify;\">En transmettant leur\u00a0 exp\u00e9rience\u00a0 et\u00a0 leurs\u00a0 valeurs, en les conseillant avec bienveillance, les\u00a0 d\u00e9cor\u00e9s de la\u00a0 Nation guident\u00a0 les\u00a0 filleuls\u00a0 vers un avenir\u00a0 \u00e0 la\u00a0 hauteur\u00a0\u00a0 de \u00a0leur\u00a0 m\u00e9rite.<\/p>\n<p>Les\u00a0 3\u00a0 objectifs\u00a0\u00a0 fondamentaux\u00a0:<\/p>\n<ul>\n<li>Contribuer\u00a0\u00a0 \u00e0 relancer\u00a0\u00a0 l\u2019ascenseur\u00a0 social,<\/li>\n<li>Promouvoir la\u00a0 notion de m\u00e9rite, fondement des 2 ordres\u00a0 nationaux\u00a0 et\u00a0 de la MM,<\/li>\n<li>Poursuivre l&rsquo;engagement\u00a0 des\u00a0\u00a0 d\u00e9cor\u00e9s au\u00a0 profit\u00a0 de\u00a0 jeunes compatriotes.<\/li>\n<\/ul>\n<p>&nbsp;<\/p>\n<p style=\"text-align: justify;\">La\u00a0 premi\u00e8re attente\u00a0 des filleuls\u00a0 int\u00e9grant\u00a0 le\u00a0 dispositif de parrainage\u00a0 est\u00a0 d\u2019 \u00eatre soutenus moralement ainsi\u00a0 que\u00a0 dans\u00a0 leur\u00a0 choix\u00a0 d\u2019 orientation. Avoir\u00a0 confiance\u00a0 en soi\u00a0 est\u00a0 une\u00a0 condition\u00a0 n\u00e9cessaire pour\u00a0 permettre \u00e0\u00a0 chaque\u00a0 jeune de trouver\u00a0 sa\u00a0 voie, de\u00a0 d\u00e9cider\u00a0 de son\u00a0 orientation, de\u00a0 r\u00e9aliser\u00a0 son projet\u00a0 d\u2019avenir.\u00a0 Chaque\u00a0 marraine\u00a0 et\u00a0 chaque\u00a0 parrain de\u00a0 la Fondation\u00a0 a\u00a0 \u00e0 c\u0153ur\u00a0\u00a0 d\u2019accompagner\u00a0 son filleul\u00a0 dans cette qu\u00eate.<\/p>\n<p style=\"text-align: justify;\">Le candidat\u00a0 filleul\u00a0 est\u00a0 boursier ; par son s\u00e9rieux\u00a0 et ses r\u00e9sultats, il a m\u00e9rit\u00e9 les encouragements\u00a0 ou\u00a0 les\u00a0 f\u00e9licitations ; avec un\u00a0 bon comportement\u00a0 dans sa classe et\u00a0 dans le lyc\u00e9e\u00a0\u00a0 ;il est\u00a0 motiv\u00e9 pour\u00a0 r\u00e9ussir\u00a0 ses\u00a0 \u00e9tudes et pr\u00e9parer son avenir\u00a0 professionnel. C\u2019est\u00a0 pourquoi\u00a0 le proviseur avec l\u2019\u00e9quipe p\u00e9dagogique \u00a0a identifi\u00e9\u00a0\u00a0 des\u00a0 jeunes\u00a0 lyc\u00e9ens\u00a0 m\u00e9ritants\u00a0 et\u00a0 nous\u00a0\u00a0 les a\u00a0 propos\u00e9.<\/p>\n<p>Gr\u00e2ce\u00a0\u00a0 \u00e0 l\u2019engagement\u00a0 b\u00e9n\u00e9vole\u00a0\u00a0 des d\u00e9cor\u00e9s , les\u00a0 filleuls pourront\u00a0 b\u00e9n\u00e9ficier :<\/p>\n<p>*d\u2019un soutien moral et socio-\u00e9ducatif,<\/p>\n<p>* d\u2019une aide \u00e0 l\u2019 orientation, \u00e0 la\u00a0 formation \u00e0 l\u2019insertion professionnelle,<\/p>\n<p>*d\u2019une aide financi\u00e8re , principalement en \u00e9tudes sup\u00e9rieures.<\/p>\n<p style=\"text-align: justify;\">Coordinateur\u00a0 R\u00e9gional,\u00a0 \u00a0depuis 2018, je\u00a0 contacte\u00a0 des\u00a0 futurs\u00a0 parrains\/ marraines et\u00a0 rencontre\u00a0 les\u00a0 proviseurs\u00a0 et\u00a0 directeurs\u00a0 des\u00a0\u00a0 lyc\u00e9es\u00a0 pour\u00a0 leur\u00a0 proposer \u00a0\u00a0et\u00a0 les\u00a0 convaincre \u00a0de\u00a0 mettre\u00a0 en place\u00a0 ce\u00a0 partenariat.<\/p>\n<p style=\"text-align: justify;\">Ainsi,\u00a0 en\u00a0 Morbihan \u00a0\u00a0depuis\u00a0 plusieurs\u00a0 ann\u00e9es, nous aons\u00a0 sign\u00e9\u00a0 des conventions\u00a0 de\u00a0 parrainage dans\u00a0\u00a0 des\u00a0 lyc\u00e9es\u00a0 de\u00a0 Lanester, \u00a0\u00a0d\u2019Auray ,\u00a0 d\u2019 \u00a0Etel,\u00a0 de Vannes\u00a0 et\u00a0 de\u00a0 Lorient.\u00a0 Parmi \u00a0les\u00a0 filleuls\u00a0 certains\u00a0\u00a0 sont en \u00e9tudes\u00a0 sup\u00e9rieures , d\u2019autres en \u00a0\u00a0terminale,\u00a0 en premi\u00e8re ou\u00a0 en seconde.<\/p>\n<p style=\"text-align: justify;\">En Morbihan,\u00a0 nous avons\u00a0 comme\u00a0 lyc\u00e9es\u00a0 partenaires\u00a0 des\u00a0 \u00e9tablissements de formation g\u00e9n\u00e9rale\u00a0 et\u00a0 aussi\u00a0 des\u00a0 \u00e9tablissements\u00a0 de formation professionnelle.<\/p>\n<p style=\"text-align: justify;\">Au\u00a0 niveau\u00a0 national, la\u00a0 Fondation\u00a0 compte \u00a0\u00a0actuellement\u00a0 plus de 1 000 \u00a0filleuls soutenus ainsi\u00a0 que 112\u00a0 lyc\u00e9es partenaires\u00a0 actifs et\u00a0 durant l\u2019ann\u00e9e\u00a0 pass\u00e9e, 150\u00a0 nouveaux parrainages\u00a0 dont 5 dans le\u00a0 Morbihan.<\/p>\n<p style=\"text-align: justify;\">La dur\u00e9e\u00a0 moyenne\u00a0\u00a0 d\u2019un parrainage\u00a0 est\u00a0 de 8 ann\u00e9es.<\/p>\n<p style=\"text-align: justify;\">Pour 202 , 5 parrainages ont \u00e9t\u00e9 sign\u00e9s \u00a0en\u00a0 Morbihan\u00a0 :\u00a0 1 au\u00a0 lyc\u00e9e Colber\u00a0 \u00a0de\u00a0 Lorient,\u00a0 \u00a0 \u00a0\u00e0\u00a0 jean\u00a0 Mac\u00e9 \u00a0de Lanester, \u00a02 au lyc\u00e9e professionnel\u00a0 jean\u00a0 Gu\u00e9henno\u00a0 de Vannes\u00a0 et 1 au \u00a0\u00a0lyc\u00e9e\u00a0 Le sage\u00a0 de Vannes.<\/p>\n<p>2023 ,\u00a0 4 \u00a0signatures\u00a0 de\u00a0 conventions, point\u00a0 de\u00a0 d\u00e9part\u00a0 des\u00a0 parrainages.<\/p>\n<p>=\u00a0\u00a0 En avril, les 03\u00a0 et 06<\/p>\n<p>*\u00a0\u00a0 1 au lyc\u00e9e\u00a0 Colbert\u00a0 de\u00a0 Lo rient,<\/p>\n<p>Parrain\u00a0 Eric Collin\u00a0 ( d\u00e9cor\u00e9 ONM ) &#8211; Filleule\u00a0 Maelly Crosnier\u00a0 Alanique,\u00a0 \u00e9l\u00e8ve de\u00a0 2 \u00e8me<\/p>\n<p>,,*\u00a0\u00a0 2 au lyc\u00e9e\u00a0 Dupuy\u00a0 de\u00a0 L\u00f4me\u00a0\u00a0 de\u00a0 Lorient<\/p>\n<p>Parrain\u00a0 \u00a0Alain Houlou\u00a0\u00a0\u00a0 (LH )\u00a0 &#8211;\u00a0 Fiileule\u00a0\u00a0 Charlotte Hado , \u00e9l\u00e8ve de 2 \u00e8me,<\/p>\n<p>Parrain\u00a0\u00a0 Sylv\u00e8re\u00a0\u00a0 Quillerou\u00a0 (ONM\u00a0 ) &#8211; Filleul\u00a0 Illhan\u00a0 lE Cam , \u00e9l\u00e8ve de 2\u00a0 \u00e8me\u00a0 GT<\/p>\n<p>= En mai , le10, 1\u00a0 au lyc\u00e9e\u00a0 Lesage\u00a0 de Vannes<\/p>\n<p>Parrain\u00a0\u00a0\u00a0 Georges\u00a0 Chaury\u00a0 \u00a0\u00a0( ONM\u00a0 ) &#8211; Filleule\u00a0\u00a0 Maud\u00a0\u00a0 Ben Mafhoud, \u00e9l\u00e8ve\u00a0 de\u00a0 seconde,\u00a0 \u00a0 \u00a0 \u00a0 \u00a0 \u00a0 \u00a0 \u00a0 \u00a0 \u00a0 \u00a0 \u00a0 \u00a0 \u00a0 \u00a0 \u00a0 \u00a0 \u00a0 \u00a0 \u00a0 \u00a0 \u00a0 \u00a0 \u00a0 \u00a0 \u00a0 \u00a0 \u00a0 \u00a0 \u00a0 \u00a0 \u00a0 \u00a0 \u00a0 \u00a0 \u00a0 \u00a0 \u00a0 \u00a0 \u00a0 \u00a0 \u00a0 \u00a0 \u00a0 \u00a0 \u00a0 \u00a0 \u00a0 \u00a0 \u00a0 \u00a0 \u00a0 \u00a0 \u00a0 \u00a0 \u00a0 \u00a0 \u00a0 \u00a0 \u00a0 \u00a0 \u00a0 \u00a0 \u00a0 \u00a0 \u00a0 \u00a0 \u00a0 \u00a0 \u00a0 \u00a0 \u00a0 \u00a0 \u00a0 \u00a0 \u00a0 \u00a0 \u00a0 \u00a0 \u00a0 &#8211;<\/p>\n<p>Les conventions ont \u00e9t\u00e9 sign\u00e9es\u00a0 par\u00a0 la\u00a0 Fondation,\u00a0 les proviseurs\u00a0 des lyc\u00e9es , les\u00a0 parrains , les filleuls\u00a0 et leurs parents.<\/p>\n<p>&nbsp;<\/p>\n<p>Ainsi\u00a0 la COMUNAUTE\u00a0\u00a0 des parrains\u00a0 et\u00a0 des\u00a0 Filleuls\u00a0 du Morbihan continue\u00a0 sur sa lanc\u00e9e.<\/p>\n<p>Guy\u00a0 Sinel, Coordinateur R\u00e9gional de la Fondation \u00ab\u00a0Un Avenir\u00a0 Ensemble\u00a0\u00bb<\/p>\n<p>Pr\u00e9sident du Comit\u00e9\u00a0 du\u00a0 Pays de Lorient\u00a0 de la\u00a0 SMLH<\/p>\n<p>&nbsp;<\/p>\n<figure id=\"attachment_8822\" aria-describedby=\"caption-attachment-8822\" style=\"width: 320px\" class=\"wp-caption aligncenter\"><img loading=\"lazy\" decoding=\"async\" class=\"size-full wp-image-8822\" src=\"http:\/\/www.semlh-morbihan.fr\/wordpress\/wp-content\/uploads\/2023\/05\/IMG_1671.jpg\" alt=\"\" width=\"320\" height=\"240\" \/><figcaption id=\"caption-attachment-8822\" class=\"wp-caption-text\">au lyc\u00e9e Colbert, de gauche \u00e0 droite, la filleule Ma\u00eblly encadr\u00e9e par son parrain Eric Collin et Guy Sinel, coordinateur de la fondation et ses parents aux extr\u00e9mit\u00e9s.<\/figcaption><\/figure>\n<p>&nbsp;<\/p>\n<figure id=\"attachment_8824\" aria-describedby=\"caption-attachment-8824\" style=\"width: 600px\" class=\"wp-caption aligncenter\"><img loading=\"lazy\" decoding=\"async\" class=\"size-medium wp-image-8824\" src=\"http:\/\/www.semlh-morbihan.fr\/wordpress\/wp-content\/uploads\/2023\/05\/IMG_2792-600x450.jpg\" alt=\"\" width=\"600\" height=\"450\" srcset=\"http:\/\/www.semlh-morbihan.fr\/wordpress\/wp-content\/uploads\/2023\/05\/IMG_2792-600x450.jpg 600w, http:\/\/www.semlh-morbihan.fr\/wordpress\/wp-content\/uploads\/2023\/05\/IMG_2792-1024x768.jpg 1024w, http:\/\/www.semlh-morbihan.fr\/wordpress\/wp-content\/uploads\/2023\/05\/IMG_2792-768x576.jpg 768w, http:\/\/www.semlh-morbihan.fr\/wordpress\/wp-content\/uploads\/2023\/05\/IMG_2792-1536x1152.jpg 1536w, http:\/\/www.semlh-morbihan.fr\/wordpress\/wp-content\/uploads\/2023\/05\/IMG_2792-2048x1536.jpg 2048w, http:\/\/www.semlh-morbihan.fr\/wordpress\/wp-content\/uploads\/2023\/05\/IMG_2792-1218x914.jpg 1218w, http:\/\/www.semlh-morbihan.fr\/wordpress\/wp-content\/uploads\/2023\/05\/IMG_2792-480x360.jpg 480w\" sizes=\"auto, (max-width: 600px) 100vw, 600px\" \/><figcaption id=\"caption-attachment-8824\" class=\"wp-caption-text\">au lyc\u00e9e Dupuyde L\u00f4me, de gauche \u00e0 droite, la m\u00e8re de la filleule, la filleule Charlotte, le parrain Alain Houlou, Guy Sinel, le parrain Sylv\u00e8re Quillerou, le filleul Illhan et son p\u00e8re<\/figcaption><\/figure>\n<p>&nbsp;<\/p>\n<p>&nbsp;<\/p>\n<p>&nbsp;<\/p>\n<p>&nbsp;<\/p>\n<p>&nbsp;<\/p>\n<p>&nbsp;<\/p>\n<p>.<\/p>\n<p>.<\/p>\n<p>&nbsp;<\/p>\n<p>&nbsp;<\/p>\n<p>&nbsp;<\/p>\n","protected":false},"excerpt":{"rendered":"<p>Fondation\u00a0 \u00ab\u00a0Un Avenir\u00a0 Ensemble\u00a0\u00bb de la\u00a0 Grande Chancellerie\u00a0 de\u00a0 la\u00a0 L\u00e9gion d\u2019Honneur LE MERITE SE PARTAGE\u00a0\u00a0\u00a0\u00a0\u00a0\u00a0\u00a0\u00a0 &nbsp; Au\u00a0 printemps\u00a0 2023,\u00a0 4\u00a0 nouveaux\u00a0 parrainages\u00a0 dans le\u00a0\u00a0&#8230;<\/p>\n","protected":false},"author":329,"featured_media":8824,"comment_status":"closed","ping_status":"open","sticky":false,"template":"","format":"standard","meta":{"footnotes":""},"categories":[355,343],"tags":[605],"class_list":["post-8818","post","type-post","status-publish","format-standard","has-post-thumbnail","hentry","category-actualites-comite-de-lorient","category-comite-de-lorient","tag-comite-smlh-du-pays-de-lorient","wpcat-355-id","wpcat-343-id"],"_links":{"self":[{"href":"http:\/\/www.semlh-morbihan.fr\/wordpress\/wp-json\/wp\/v2\/posts\/8818","targetHints":{"allow":["GET"]}}],"collection":[{"href":"http:\/\/www.semlh-morbihan.fr\/wordpress\/wp-json\/wp\/v2\/posts"}],"about":[{"href":"http:\/\/www.semlh-morbihan.fr\/wordpress\/wp-json\/wp\/v2\/types\/post"}],"author":[{"embeddable":true,"href":"http:\/\/www.semlh-morbihan.fr\/wordpress\/wp-json\/wp\/v2\/users\/329"}],"replies":[{"embeddable":true,"href":"http:\/\/www.semlh-morbihan.fr\/wordpress\/wp-json\/wp\/v2\/comments?post=8818"}],"version-history":[{"count":9,"href":"http:\/\/www.semlh-morbihan.fr\/wordpress\/wp-json\/wp\/v2\/posts\/8818\/revisions"}],"predecessor-version":[{"id":8829,"href":"http:\/\/www.semlh-morbihan.fr\/wordpress\/wp-json\/wp\/v2\/posts\/8818\/revisions\/8829"}],"wp:featuredmedia":[{"embeddable":true,"href":"http:\/\/www.semlh-morbihan.fr\/wordpress\/wp-json\/wp\/v2\/media\/8824"}],"wp:attachment":[{"href":"http:\/\/www.semlh-morbihan.fr\/wordpress\/wp-json\/wp\/v2\/media?parent=8818"}],"wp:term":[{"taxonomy":"category","embeddable":true,"href":"http:\/\/www.semlh-morbihan.fr\/wordpress\/wp-json\/wp\/v2\/categories?post=8818"},{"taxonomy":"post_tag","embeddable":true,"href":"http:\/\/www.semlh-morbihan.fr\/wordpress\/wp-json\/wp\/v2\/tags?post=8818"}],"curies":[{"name":"wp","href":"https:\/\/api.w.org\/{rel}","templated":true}]}}