{"id":8841,"date":"2023-06-10T19:01:29","date_gmt":"2023-06-10T17:01:29","guid":{"rendered":"http:\/\/www.semlh-morbihan.fr\/wordpress\/?p=8841"},"modified":"2023-06-10T19:15:49","modified_gmt":"2023-06-10T17:15:49","slug":"cleo-championne-du-monde-du-50-m-papillon-lors-des-jeux-adaptes-a-son-handicap","status":"publish","type":"post","link":"http:\/\/www.semlh-morbihan.fr\/wordpress\/2023\/06\/10\/cleo-championne-du-monde-du-50-m-papillon-lors-des-jeux-adaptes-a-son-handicap\/","title":{"rendered":"Cl\u00e9o, championne du monde du 50 m papillon lors des jeux adapt\u00e9s \u00e0 son handicap"},"content":{"rendered":"<p><img loading=\"lazy\" decoding=\"async\" class=\"aligncenter size-medium wp-image-8842\" src=\"http:\/\/www.semlh-morbihan.fr\/wordpress\/wp-content\/uploads\/2023\/06\/IMG_1723-scaled-e1686417007543-450x600.jpg\" alt=\"\" width=\"450\" height=\"600\" \/><\/p>\n<pre class=\"moz-quote-pre\">\"Cl\u00e9o, suivie par le bureau du comit\u00e9 du Pays de Vannes et en particulier par son pr\u00e9sident Bruno Bodard,\r\ns'est distingu\u00e9e le 5 juin, \u00e0 Vichy, lors des jeux adapt\u00e9s \u00e0 son handicap , en devenant la championne du monde du 50 m\u00e8tres \"papillon\".\r\nElle concourrait au titre de la \"FFSA- F\u00e9d\u00e9ration fran\u00e7aise du Sport Adapt\u00e9\".\r\nChapeau Cl\u00e9o!\"\r\n<img loading=\"lazy\" decoding=\"async\" class=\"aligncenter size-medium wp-image-8842\" src=\"http:\/\/www.semlh-morbihan.fr\/wordpress\/wp-content\/uploads\/2023\/06\/IMG_1723-scaled-e1686416333518-450x600.jpg\" alt=\"\" width=\"450\" height=\"600\" \/><\/pre>\n","protected":false},"excerpt":{"rendered":"<p>\u00ab\u00a0Cl\u00e9o, suivie par le bureau du comit\u00e9 du Pays de Vannes et en particulier par son pr\u00e9sident Bruno Bodard, s&rsquo;est distingu\u00e9e le 5 juin, \u00e0&#8230;<\/p>\n","protected":false},"author":329,"featured_media":8842,"comment_status":"closed","ping_status":"open","sticky":false,"template":"","format":"standard","meta":{"footnotes":""},"categories":[350,346],"tags":[623],"class_list":["post-8841","post","type-post","status-publish","format-standard","has-post-thumbnail","hentry","category-actualites-comite-du-pays-de-vannes","category-comite-du-pays-de-vannes","tag-comite-du-pays-de-vannes","wpcat-350-id","wpcat-346-id"],"_links":{"self":[{"href":"http:\/\/www.semlh-morbihan.fr\/wordpress\/wp-json\/wp\/v2\/posts\/8841","targetHints":{"allow":["GET"]}}],"collection":[{"href":"http:\/\/www.semlh-morbihan.fr\/wordpress\/wp-json\/wp\/v2\/posts"}],"about":[{"href":"http:\/\/www.semlh-morbihan.fr\/wordpress\/wp-json\/wp\/v2\/types\/post"}],"author":[{"embeddable":true,"href":"http:\/\/www.semlh-morbihan.fr\/wordpress\/wp-json\/wp\/v2\/users\/329"}],"replies":[{"embeddable":true,"href":"http:\/\/www.semlh-morbihan.fr\/wordpress\/wp-json\/wp\/v2\/comments?post=8841"}],"version-history":[{"count":3,"href":"http:\/\/www.semlh-morbihan.fr\/wordpress\/wp-json\/wp\/v2\/posts\/8841\/revisions"}],"predecessor-version":[{"id":8845,"href":"http:\/\/www.semlh-morbihan.fr\/wordpress\/wp-json\/wp\/v2\/posts\/8841\/revisions\/8845"}],"wp:featuredmedia":[{"embeddable":true,"href":"http:\/\/www.semlh-morbihan.fr\/wordpress\/wp-json\/wp\/v2\/media\/8842"}],"wp:attachment":[{"href":"http:\/\/www.semlh-morbihan.fr\/wordpress\/wp-json\/wp\/v2\/media?parent=8841"}],"wp:term":[{"taxonomy":"category","embeddable":true,"href":"http:\/\/www.semlh-morbihan.fr\/wordpress\/wp-json\/wp\/v2\/categories?post=8841"},{"taxonomy":"post_tag","embeddable":true,"href":"http:\/\/www.semlh-morbihan.fr\/wordpress\/wp-json\/wp\/v2\/tags?post=8841"}],"curies":[{"name":"wp","href":"https:\/\/api.w.org\/{rel}","templated":true}]}}