{"id":8847,"date":"2023-06-19T18:14:20","date_gmt":"2023-06-19T16:14:20","guid":{"rendered":"http:\/\/www.semlh-morbihan.fr\/wordpress\/?p=8847"},"modified":"2023-06-19T18:37:03","modified_gmt":"2023-06-19T16:37:03","slug":"ceremonie-a-lauzach-le-jeudi-8-juin-2023","status":"publish","type":"post","link":"http:\/\/www.semlh-morbihan.fr\/wordpress\/2023\/06\/19\/ceremonie-a-lauzach-le-jeudi-8-juin-2023\/","title":{"rendered":"C\u00e9r\u00e9monie \u00e0 Lauzach le jeudi 8 juin 2023"},"content":{"rendered":"<p style=\"text-align: justify;\"><img loading=\"lazy\" decoding=\"async\" class=\"aligncenter size-medium wp-image-8854\" src=\"http:\/\/www.semlh-morbihan.fr\/wordpress\/wp-content\/uploads\/2023\/06\/20230608_113157-2-scaled-e1687191954915-600x311.jpg\" alt=\"\" width=\"600\" height=\"311\" srcset=\"http:\/\/www.semlh-morbihan.fr\/wordpress\/wp-content\/uploads\/2023\/06\/20230608_113157-2-scaled-e1687191954915-600x311.jpg 600w, http:\/\/www.semlh-morbihan.fr\/wordpress\/wp-content\/uploads\/2023\/06\/20230608_113157-2-scaled-e1687191954915-768x398.jpg 768w, http:\/\/www.semlh-morbihan.fr\/wordpress\/wp-content\/uploads\/2023\/06\/20230608_113157-2-scaled-e1687191954915.jpg 1024w\" sizes=\"auto, (max-width: 600px) 100vw, 600px\" \/>La c\u00e9r\u00e9monie \u00e0 la m\u00e9moire des soldats morts pour la France pendant les guerres de Cor\u00e9e et d&rsquo;Indochine s&rsquo;est d\u00e9roul\u00e9e jeudi 8 Juin 2023 \u00e0 Lauzach devant 40 porte-drapeaux et un porte fanion du 13\u00e8me RCP, sous la pr\u00e9sidence de Mr Pascal Bolot pr\u00e9fet du Morbihan , qui a lu le message de la Secr\u00e9taire d&rsquo;Etat charg\u00e9e des Anciens Combattants et de la M\u00e9moire.<\/p>\n<p style=\"text-align: justify;\">Elle a \u00e9t\u00e9 pr\u00e9c\u00e9d\u00e9e par une messe \u00e0 l&rsquo;\u00e9glise de Lauzach, conc\u00e9l\u00e9br\u00e9e par deux futurs \u00ab\u00a0naturalis\u00e9s fran\u00e7ais\u00a0\u00bb inscrits \u00e0 notre dixi\u00e8me session de \u00ab\u00a0Devenir Fran\u00e7ais \u00ab\u00a0, Ephrem, cur\u00e9 de Saint-Av\u00e9 et Meucon et Charlemagne, cur\u00e9 de Saint Nolff , avec le vicaire de Questembert .<\/p>\n<p style=\"text-align: justify;\">Pascal Lecomte, 1er Vice-Pr\u00e9sident, repr\u00e9sentait la section, accompagn\u00e9 du 2\u00e8me Vice-Pr\u00e9sident, Raymond Le Lan, et Jean-Pierre Tessier portait notre drapeau.<\/p>\n<p style=\"text-align: justify;\">Roland Mergel \u00e9tait \u00e9galement pr\u00e9sent, porteur du drapeau de l&rsquo;association nationale des anciens d&rsquo;Indochine, ainsi que Jacques Joly, pr\u00e9sident du comit\u00e9 de Vannes du Souvenir Fran\u00e7ais et le G\u00e9n\u00e9ral (2s) Fran\u00e7ois Loeuilet, d\u00e9l\u00e9gu\u00e9 G\u00e9n\u00e9ral du Souvenir Fran\u00e7ais du Morbihan. \u00ab\u00a0<\/p>\n<p style=\"text-align: justify;\">Tr\u00e8s cordialement<\/p>\n<p style=\"text-align: justify;\">Pascal Lecomte<\/p>\n<p><img loading=\"lazy\" decoding=\"async\" class=\"aligncenter size-medium wp-image-8851\" src=\"http:\/\/www.semlh-morbihan.fr\/wordpress\/wp-content\/uploads\/2023\/06\/20230608_092943-2-1-e1687191152701-600x434.jpg\" alt=\"\" width=\"600\" height=\"434\" srcset=\"http:\/\/www.semlh-morbihan.fr\/wordpress\/wp-content\/uploads\/2023\/06\/20230608_092943-2-1-e1687191152701-600x434.jpg 600w, http:\/\/www.semlh-morbihan.fr\/wordpress\/wp-content\/uploads\/2023\/06\/20230608_092943-2-1-e1687191152701-768x556.jpg 768w, http:\/\/www.semlh-morbihan.fr\/wordpress\/wp-content\/uploads\/2023\/06\/20230608_092943-2-1-e1687191152701.jpg 1024w\" sizes=\"auto, (max-width: 600px) 100vw, 600px\" \/><\/p>\n<p>&nbsp;<\/p>\n<p><img loading=\"lazy\" decoding=\"async\" class=\"aligncenter size-medium wp-image-8850\" src=\"http:\/\/www.semlh-morbihan.fr\/wordpress\/wp-content\/uploads\/2023\/06\/20230608_093012-2-600x397.jpg\" alt=\"\" width=\"600\" height=\"397\" srcset=\"http:\/\/www.semlh-morbihan.fr\/wordpress\/wp-content\/uploads\/2023\/06\/20230608_093012-2-600x397.jpg 600w, http:\/\/www.semlh-morbihan.fr\/wordpress\/wp-content\/uploads\/2023\/06\/20230608_093012-2-1024x677.jpg 1024w, http:\/\/www.semlh-morbihan.fr\/wordpress\/wp-content\/uploads\/2023\/06\/20230608_093012-2-768x508.jpg 768w, http:\/\/www.semlh-morbihan.fr\/wordpress\/wp-content\/uploads\/2023\/06\/20230608_093012-2-1536x1016.jpg 1536w, http:\/\/www.semlh-morbihan.fr\/wordpress\/wp-content\/uploads\/2023\/06\/20230608_093012-2-2048x1354.jpg 2048w, http:\/\/www.semlh-morbihan.fr\/wordpress\/wp-content\/uploads\/2023\/06\/20230608_093012-2-1218x805.jpg 1218w\" sizes=\"auto, (max-width: 600px) 100vw, 600px\" \/><\/p>\n<p>&nbsp;<\/p>\n<p><img loading=\"lazy\" decoding=\"async\" class=\"aligncenter size-medium wp-image-8856\" src=\"http:\/\/www.semlh-morbihan.fr\/wordpress\/wp-content\/uploads\/2023\/06\/20230608_113200-2-scaled-e1687192398168-600x335.jpg\" alt=\"\" width=\"600\" height=\"335\" srcset=\"http:\/\/www.semlh-morbihan.fr\/wordpress\/wp-content\/uploads\/2023\/06\/20230608_113200-2-scaled-e1687192398168-600x335.jpg 600w, http:\/\/www.semlh-morbihan.fr\/wordpress\/wp-content\/uploads\/2023\/06\/20230608_113200-2-scaled-e1687192398168-768x428.jpg 768w, http:\/\/www.semlh-morbihan.fr\/wordpress\/wp-content\/uploads\/2023\/06\/20230608_113200-2-scaled-e1687192398168.jpg 1024w\" sizes=\"auto, (max-width: 600px) 100vw, 600px\" \/><\/p>\n<p>&nbsp;<\/p>\n<p>&nbsp;<\/p>\n<p>&nbsp;<\/p>\n<p>&nbsp;<\/p>\n<p>&nbsp;<\/p>\n","protected":false},"excerpt":{"rendered":"<p>La c\u00e9r\u00e9monie \u00e0 la m\u00e9moire des soldats morts pour la France pendant les guerres de Cor\u00e9e et d&rsquo;Indochine s&rsquo;est d\u00e9roul\u00e9e jeudi 8 Juin 2023 \u00e0&#8230;<\/p>\n","protected":false},"author":329,"featured_media":8858,"comment_status":"closed","ping_status":"open","sticky":false,"template":"","format":"standard","meta":{"footnotes":""},"categories":[417,337],"tags":[607],"class_list":["post-8847","post","type-post","status-publish","format-standard","has-post-thumbnail","hentry","category-ceremonies-patriotiques","category-la-section","tag-section-smlh-du-morbihan","wpcat-417-id","wpcat-337-id"],"_links":{"self":[{"href":"http:\/\/www.semlh-morbihan.fr\/wordpress\/wp-json\/wp\/v2\/posts\/8847","targetHints":{"allow":["GET"]}}],"collection":[{"href":"http:\/\/www.semlh-morbihan.fr\/wordpress\/wp-json\/wp\/v2\/posts"}],"about":[{"href":"http:\/\/www.semlh-morbihan.fr\/wordpress\/wp-json\/wp\/v2\/types\/post"}],"author":[{"embeddable":true,"href":"http:\/\/www.semlh-morbihan.fr\/wordpress\/wp-json\/wp\/v2\/users\/329"}],"replies":[{"embeddable":true,"href":"http:\/\/www.semlh-morbihan.fr\/wordpress\/wp-json\/wp\/v2\/comments?post=8847"}],"version-history":[{"count":4,"href":"http:\/\/www.semlh-morbihan.fr\/wordpress\/wp-json\/wp\/v2\/posts\/8847\/revisions"}],"predecessor-version":[{"id":8857,"href":"http:\/\/www.semlh-morbihan.fr\/wordpress\/wp-json\/wp\/v2\/posts\/8847\/revisions\/8857"}],"wp:featuredmedia":[{"embeddable":true,"href":"http:\/\/www.semlh-morbihan.fr\/wordpress\/wp-json\/wp\/v2\/media\/8858"}],"wp:attachment":[{"href":"http:\/\/www.semlh-morbihan.fr\/wordpress\/wp-json\/wp\/v2\/media?parent=8847"}],"wp:term":[{"taxonomy":"category","embeddable":true,"href":"http:\/\/www.semlh-morbihan.fr\/wordpress\/wp-json\/wp\/v2\/categories?post=8847"},{"taxonomy":"post_tag","embeddable":true,"href":"http:\/\/www.semlh-morbihan.fr\/wordpress\/wp-json\/wp\/v2\/tags?post=8847"}],"curies":[{"name":"wp","href":"https:\/\/api.w.org\/{rel}","templated":true}]}}