{"id":8859,"date":"2023-06-19T19:10:23","date_gmt":"2023-06-19T17:10:23","guid":{"rendered":"http:\/\/www.semlh-morbihan.fr\/wordpress\/?p=8859"},"modified":"2023-06-19T19:10:23","modified_gmt":"2023-06-19T17:10:23","slug":"comemoration-de-lappel-du-18-juin-1940-du-general-de-gaulle-a-vannes-le-18-juin-2023","status":"publish","type":"post","link":"http:\/\/www.semlh-morbihan.fr\/wordpress\/2023\/06\/19\/comemoration-de-lappel-du-18-juin-1940-du-general-de-gaulle-a-vannes-le-18-juin-2023\/","title":{"rendered":"Com\u00e9moration de l&rsquo;appel du 18 juin 1940 du g\u00e9n\u00e9ral de Gaulle \u00e0 Vannes, le 18 juin 2023"},"content":{"rendered":"<p class=\"moz-quote-pre\">La comm\u00e9moration de l&rsquo;appel du 18 Juin 1940 du G\u00e9n\u00e9ral de Gaulle depuis Londres s&rsquo;est effectu\u00e9e ce dimanche \u00e0 Vannes, sous la pr\u00e9sidence du Pr\u00e9fet, Mr Pascal Bolot, sur le plateau de la Garenne. Le texte de l&rsquo;appel a \u00e9t\u00e9 lu par une lyc\u00e9enne d&rsquo;Auray, puis le pr\u00e9fet du Morbihan a lu le message de Madame Patricia Mirall\u00e8s, secr\u00e9taire d&rsquo;tat charg\u00e9e des Anciens Combattants et de la M\u00e9moire.<\/p>\n<p class=\"moz-quote-pre\">Notre Pr\u00e9sident, le G\u00e9n\u00e9ral (air 2s) Philippe Pr\u00e9vost, repr\u00e9sentait la section accompagn\u00e9 du premier vice-pr\u00e9sident. Onze porte-drapeaux entouraient Jean-pierre Tessier, porte-drapeau de la SMLH 56.<\/p>\n<p>\u00a0Onze Philippe Pr\u00e9vost<\/p>\n<p><img loading=\"lazy\" decoding=\"async\" class=\"aligncenter size-medium wp-image-8864\" src=\"http:\/\/www.semlh-morbihan.fr\/wordpress\/wp-content\/uploads\/2023\/06\/20230618_110304-2-600x332.jpg\" alt=\"\" width=\"600\" height=\"332\" srcset=\"http:\/\/www.semlh-morbihan.fr\/wordpress\/wp-content\/uploads\/2023\/06\/20230618_110304-2-600x332.jpg 600w, http:\/\/www.semlh-morbihan.fr\/wordpress\/wp-content\/uploads\/2023\/06\/20230618_110304-2-1024x567.jpg 1024w, http:\/\/www.semlh-morbihan.fr\/wordpress\/wp-content\/uploads\/2023\/06\/20230618_110304-2-768x425.jpg 768w, http:\/\/www.semlh-morbihan.fr\/wordpress\/wp-content\/uploads\/2023\/06\/20230618_110304-2-1536x851.jpg 1536w, http:\/\/www.semlh-morbihan.fr\/wordpress\/wp-content\/uploads\/2023\/06\/20230618_110304-2-2048x1134.jpg 2048w, http:\/\/www.semlh-morbihan.fr\/wordpress\/wp-content\/uploads\/2023\/06\/20230618_110304-2-1218x675.jpg 1218w\" sizes=\"auto, (max-width: 600px) 100vw, 600px\" \/><\/p>\n<figure id=\"attachment_8863\" aria-describedby=\"caption-attachment-8863\" style=\"width: 600px\" class=\"wp-caption aligncenter\"><img loading=\"lazy\" decoding=\"async\" class=\"size-medium wp-image-8863\" src=\"http:\/\/www.semlh-morbihan.fr\/wordpress\/wp-content\/uploads\/2023\/06\/20230618_110013-2-600x274.jpg\" alt=\"\" width=\"600\" height=\"274\" srcset=\"http:\/\/www.semlh-morbihan.fr\/wordpress\/wp-content\/uploads\/2023\/06\/20230618_110013-2-600x274.jpg 600w, http:\/\/www.semlh-morbihan.fr\/wordpress\/wp-content\/uploads\/2023\/06\/20230618_110013-2-1024x468.jpg 1024w, http:\/\/www.semlh-morbihan.fr\/wordpress\/wp-content\/uploads\/2023\/06\/20230618_110013-2-768x351.jpg 768w, http:\/\/www.semlh-morbihan.fr\/wordpress\/wp-content\/uploads\/2023\/06\/20230618_110013-2-1536x702.jpg 1536w, http:\/\/www.semlh-morbihan.fr\/wordpress\/wp-content\/uploads\/2023\/06\/20230618_110013-2-2048x936.jpg 2048w, http:\/\/www.semlh-morbihan.fr\/wordpress\/wp-content\/uploads\/2023\/06\/20230618_110013-2-1218x557.jpg 1218w\" sizes=\"auto, (max-width: 600px) 100vw, 600px\" \/><figcaption id=\"caption-attachment-8863\" class=\"wp-caption-text\">\u00a0 \u00a0 \u00a0 \u00a0 \u00a0 \u00a0 \u00a0 \u00a0 \u00a0 \u00a0 \u00a0 \u00a0 \u00a0 \u00a0 \u00a0 \u00a0 \u00a0 \u00a0 \u00a0 \u00a0 \u00a0 \u00a0 \u00a0 \u00a0 \u00a0 \u00a0 \u00a0 \u00a0 \u00a0 \u00a0 \u00a0 \u00a0 Arriv\u00e9e des autorit\u00e9s<\/figcaption><\/figure>\n","protected":false},"excerpt":{"rendered":"<p>La comm\u00e9moration de l&rsquo;appel du 18 Juin 1940 du G\u00e9n\u00e9ral de Gaulle depuis Londres s&rsquo;est effectu\u00e9e ce dimanche \u00e0 Vannes, sous la pr\u00e9sidence du Pr\u00e9fet,&#8230;<\/p>\n","protected":false},"author":329,"featured_media":8865,"comment_status":"closed","ping_status":"open","sticky":false,"template":"","format":"standard","meta":{"footnotes":""},"categories":[417,337],"tags":[607],"class_list":["post-8859","post","type-post","status-publish","format-standard","has-post-thumbnail","hentry","category-ceremonies-patriotiques","category-la-section","tag-section-smlh-du-morbihan","wpcat-417-id","wpcat-337-id"],"_links":{"self":[{"href":"http:\/\/www.semlh-morbihan.fr\/wordpress\/wp-json\/wp\/v2\/posts\/8859","targetHints":{"allow":["GET"]}}],"collection":[{"href":"http:\/\/www.semlh-morbihan.fr\/wordpress\/wp-json\/wp\/v2\/posts"}],"about":[{"href":"http:\/\/www.semlh-morbihan.fr\/wordpress\/wp-json\/wp\/v2\/types\/post"}],"author":[{"embeddable":true,"href":"http:\/\/www.semlh-morbihan.fr\/wordpress\/wp-json\/wp\/v2\/users\/329"}],"replies":[{"embeddable":true,"href":"http:\/\/www.semlh-morbihan.fr\/wordpress\/wp-json\/wp\/v2\/comments?post=8859"}],"version-history":[{"count":4,"href":"http:\/\/www.semlh-morbihan.fr\/wordpress\/wp-json\/wp\/v2\/posts\/8859\/revisions"}],"predecessor-version":[{"id":8866,"href":"http:\/\/www.semlh-morbihan.fr\/wordpress\/wp-json\/wp\/v2\/posts\/8859\/revisions\/8866"}],"wp:featuredmedia":[{"embeddable":true,"href":"http:\/\/www.semlh-morbihan.fr\/wordpress\/wp-json\/wp\/v2\/media\/8865"}],"wp:attachment":[{"href":"http:\/\/www.semlh-morbihan.fr\/wordpress\/wp-json\/wp\/v2\/media?parent=8859"}],"wp:term":[{"taxonomy":"category","embeddable":true,"href":"http:\/\/www.semlh-morbihan.fr\/wordpress\/wp-json\/wp\/v2\/categories?post=8859"},{"taxonomy":"post_tag","embeddable":true,"href":"http:\/\/www.semlh-morbihan.fr\/wordpress\/wp-json\/wp\/v2\/tags?post=8859"}],"curies":[{"name":"wp","href":"https:\/\/api.w.org\/{rel}","templated":true}]}}