{"id":9002,"date":"2023-07-14T21:07:30","date_gmt":"2023-07-14T19:07:30","guid":{"rendered":"http:\/\/www.semlh-morbihan.fr\/wordpress\/?p=9002"},"modified":"2023-07-14T22:04:04","modified_gmt":"2023-07-14T20:04:04","slug":"reception-des-porte-drapeaux-a-la-prefecture-du-morbihan-le-12-juillet-2023","status":"publish","type":"post","link":"http:\/\/www.semlh-morbihan.fr\/wordpress\/2023\/07\/14\/reception-des-porte-drapeaux-a-la-prefecture-du-morbihan-le-12-juillet-2023\/","title":{"rendered":"R\u00e9ception des porte drapeaux \u00e0 la pr\u00e9fecture du Morbihan le 12 juillet 2023"},"content":{"rendered":"<p>&nbsp;<\/p>\n<figure id=\"attachment_9008\" aria-describedby=\"caption-attachment-9008\" style=\"width: 600px\" class=\"wp-caption aligncenter\"><img loading=\"lazy\" decoding=\"async\" class=\"size-medium wp-image-9008\" src=\"http:\/\/www.semlh-morbihan.fr\/wordpress\/wp-content\/uploads\/2023\/07\/portedrpeau5-600x399.jpg\" alt=\"\" width=\"600\" height=\"399\" srcset=\"http:\/\/www.semlh-morbihan.fr\/wordpress\/wp-content\/uploads\/2023\/07\/portedrpeau5-600x399.jpg 600w, http:\/\/www.semlh-morbihan.fr\/wordpress\/wp-content\/uploads\/2023\/07\/portedrpeau5-1024x681.jpg 1024w, http:\/\/www.semlh-morbihan.fr\/wordpress\/wp-content\/uploads\/2023\/07\/portedrpeau5-768x511.jpg 768w, http:\/\/www.semlh-morbihan.fr\/wordpress\/wp-content\/uploads\/2023\/07\/portedrpeau5-1536x1022.jpg 1536w, http:\/\/www.semlh-morbihan.fr\/wordpress\/wp-content\/uploads\/2023\/07\/portedrpeau5-1218x811.jpg 1218w, http:\/\/www.semlh-morbihan.fr\/wordpress\/wp-content\/uploads\/2023\/07\/portedrpeau5.jpg 2000w\" sizes=\"auto, (max-width: 600px) 100vw, 600px\" \/><figcaption id=\"caption-attachment-9008\" class=\"wp-caption-text\">Discours du pr\u00e9fet devant les porte-drapeaux<\/figcaption><\/figure>\n<figure id=\"attachment_9005\" aria-describedby=\"caption-attachment-9005\" style=\"width: 600px\" class=\"wp-caption aligncenter\"><img loading=\"lazy\" decoding=\"async\" class=\"size-medium wp-image-9005\" src=\"http:\/\/www.semlh-morbihan.fr\/wordpress\/wp-content\/uploads\/2023\/07\/porte-drapeau3-600x399.jpg\" alt=\"\" width=\"600\" height=\"399\" srcset=\"http:\/\/www.semlh-morbihan.fr\/wordpress\/wp-content\/uploads\/2023\/07\/porte-drapeau3-600x399.jpg 600w, http:\/\/www.semlh-morbihan.fr\/wordpress\/wp-content\/uploads\/2023\/07\/porte-drapeau3-1024x681.jpg 1024w, http:\/\/www.semlh-morbihan.fr\/wordpress\/wp-content\/uploads\/2023\/07\/porte-drapeau3-768x511.jpg 768w, http:\/\/www.semlh-morbihan.fr\/wordpress\/wp-content\/uploads\/2023\/07\/porte-drapeau3-1536x1022.jpg 1536w, http:\/\/www.semlh-morbihan.fr\/wordpress\/wp-content\/uploads\/2023\/07\/porte-drapeau3-1218x811.jpg 1218w, http:\/\/www.semlh-morbihan.fr\/wordpress\/wp-content\/uploads\/2023\/07\/porte-drapeau3.jpg 2000w\" sizes=\"auto, (max-width: 600px) 100vw, 600px\" \/><figcaption id=\"caption-attachment-9005\" class=\"wp-caption-text\">les porte-drapeaux r\u00e9unis devant la pr\u00e9fecture de Vannes<\/figcaption><\/figure>\n<p>&nbsp;<\/p>\n<p><img loading=\"lazy\" decoding=\"async\" class=\"aligncenter size-medium wp-image-9007\" src=\"http:\/\/www.semlh-morbihan.fr\/wordpress\/wp-content\/uploads\/2023\/07\/porte-drapeauxa-600x399.jpg\" alt=\"\" width=\"600\" height=\"399\" srcset=\"http:\/\/www.semlh-morbihan.fr\/wordpress\/wp-content\/uploads\/2023\/07\/porte-drapeauxa-600x399.jpg 600w, http:\/\/www.semlh-morbihan.fr\/wordpress\/wp-content\/uploads\/2023\/07\/porte-drapeauxa-1024x681.jpg 1024w, http:\/\/www.semlh-morbihan.fr\/wordpress\/wp-content\/uploads\/2023\/07\/porte-drapeauxa-768x511.jpg 768w, http:\/\/www.semlh-morbihan.fr\/wordpress\/wp-content\/uploads\/2023\/07\/porte-drapeauxa-1536x1022.jpg 1536w, http:\/\/www.semlh-morbihan.fr\/wordpress\/wp-content\/uploads\/2023\/07\/porte-drapeauxa-1218x811.jpg 1218w, http:\/\/www.semlh-morbihan.fr\/wordpress\/wp-content\/uploads\/2023\/07\/porte-drapeauxa.jpg 2000w\" sizes=\"auto, (max-width: 600px) 100vw, 600px\" \/><\/p>\n<figure id=\"attachment_9006\" aria-describedby=\"caption-attachment-9006\" style=\"width: 600px\" class=\"wp-caption aligncenter\"><img loading=\"lazy\" decoding=\"async\" class=\"size-medium wp-image-9006\" src=\"http:\/\/www.semlh-morbihan.fr\/wordpress\/wp-content\/uploads\/2023\/07\/portedrapeau4-600x401.jpg\" alt=\"\" width=\"600\" height=\"401\" srcset=\"http:\/\/www.semlh-morbihan.fr\/wordpress\/wp-content\/uploads\/2023\/07\/portedrapeau4-600x401.jpg 600w, http:\/\/www.semlh-morbihan.fr\/wordpress\/wp-content\/uploads\/2023\/07\/portedrapeau4-1024x684.jpg 1024w, http:\/\/www.semlh-morbihan.fr\/wordpress\/wp-content\/uploads\/2023\/07\/portedrapeau4-768x513.jpg 768w, http:\/\/www.semlh-morbihan.fr\/wordpress\/wp-content\/uploads\/2023\/07\/portedrapeau4-1536x1025.jpg 1536w, http:\/\/www.semlh-morbihan.fr\/wordpress\/wp-content\/uploads\/2023\/07\/portedrapeau4-1218x813.jpg 1218w, http:\/\/www.semlh-morbihan.fr\/wordpress\/wp-content\/uploads\/2023\/07\/portedrapeau4.jpg 2000w\" sizes=\"auto, (max-width: 600px) 100vw, 600px\" \/><figcaption id=\"caption-attachment-9006\" class=\"wp-caption-text\">Roland\u00a0 Mergel, porte-drapeau du comit\u00e9 de Vannes \u00e0 l&rsquo;honneur. Le dipl\u00f4me de porte drapeau de la SMLH a \u00e9t\u00e9 remis par le pr\u00e9fet \u00e0 Roland MERGEL, pour 15 ann\u00e9es de service, le 12 juillet en pr\u00e9fecture de Vannes, en pr\u00e9sence du pr\u00e9sident de la section Philippe Pr\u00e9vost.<\/figcaption><\/figure>\n<p style=\"text-align: center;\"><strong><span dir=\"ltr\" role=\"presentation\">C\u00e9r\u00e9monie d\u2019hommage aux porte-drapeau<\/span><\/strong><strong><span dir=\"ltr\" role=\"presentation\">x d\u00e9partementaux<\/span><\/strong><br role=\"presentation\" \/><strong><span dir=\"ltr\" role=\"presentation\">Discours de M. Pascal Bolot, pr\u00e9fet du Morbihan<\/span><\/strong><br role=\"presentation\" \/><strong><span dir=\"ltr\" role=\"presentation\">12 juillet 2023<\/span><\/strong><br role=\"presentation\" \/><span dir=\"ltr\" role=\"presentation\">Jardins de la pr\u00e9fecture<\/span><\/p>\n<p style=\"text-align: justify;\"><span dir=\"ltr\" role=\"presentation\">C\u2019est pour moi un immense plaisir de vous accueillir aussi nombreux \u00e0 la pr\u00e9fecture du <\/span><span dir=\"ltr\" role=\"presentation\">Morbihan afin d\u2019honorer le r\u00f4le que vous jouez dans vos associations respectives en faveur du <\/span><span dir=\"ltr\" role=\"presentation\">civisme<\/span> <span dir=\"ltr\" role=\"presentation\">et<\/span> <span dir=\"ltr\" role=\"presentation\">de la m\u00e9moire<\/span> <span dir=\"ltr\" role=\"presentation\">aux c\u00f4t\u00e9s des \u00e9lus et des forces de s\u00e9curit\u00e9 du d\u00e9partement.<\/span><br role=\"presentation\" \/><span dir=\"ltr\" role=\"presentation\">Que seraient nos c\u00e9r\u00e9monies sans vous, sans votre pr\u00e9sence fid\u00e8le. Ayons une pens\u00e9e pour <\/span><span dir=\"ltr\" role=\"presentation\">Jacques Devaux, qui s\u2019est \u00e9teint \u00e0 78 ans, chevalier et porte-drapeau de la L\u00e9gion d\u2019honneur de <\/span><span dir=\"ltr\" role=\"presentation\">la section de Lorient, dont les obs\u00e8ques ont lieu en ce moment m\u00eame \u00e0 Kervignac.<\/span><\/p>\n<p style=\"text-align: justify;\"><span dir=\"ltr\" role=\"presentation\">Vous<\/span> <span dir=\"ltr\" role=\"presentation\">avez<\/span> <span dir=\"ltr\" role=\"presentation\">la<\/span> <span dir=\"ltr\" role=\"presentation\">lourde<\/span> <span dir=\"ltr\" role=\"presentation\">responsabilit\u00e9<\/span> <span dir=\"ltr\" role=\"presentation\">d\u2019arborer<\/span> <span dir=\"ltr\" role=\"presentation\">lors<\/span> <span dir=\"ltr\" role=\"presentation\">des<\/span> <span dir=\"ltr\" role=\"presentation\">manifestations<\/span> <span dir=\"ltr\" role=\"presentation\">comm\u00e9moratives <\/span><span dir=\"ltr\" role=\"presentation\">nationales l\u2019embl\u00e8me tricolore et de rendre ainsi hommage, au nom de la Nation fran\u00e7aise, <\/span><span dir=\"ltr\" role=\"presentation\">aux combattants et aux disparus.<\/span><br role=\"presentation\" \/><span dir=\"ltr\" role=\"presentation\">Vous \u00eates ainsi les gardiens du premier symbole de la Nation et de la devise r\u00e9publicaine <\/span><span dir=\"ltr\" role=\"presentation\">\u00ab Libert\u00e9, Egalit\u00e9, Fraternit\u00e9 \u00bb. Aujourd\u2019hui, le drapeau tricolore flotte sur tous les b\u00e2timents <\/span><span dir=\"ltr\" role=\"presentation\">publics<\/span> <span dir=\"ltr\" role=\"presentation\">et<\/span> <span dir=\"ltr\" role=\"presentation\">s\u2019il<\/span> <span dir=\"ltr\" role=\"presentation\">est<\/span> <span dir=\"ltr\" role=\"presentation\">largement<\/span> <span dir=\"ltr\" role=\"presentation\">d\u00e9ploy\u00e9<\/span> <span dir=\"ltr\" role=\"presentation\">\u00e0 l\u2019occasion<\/span> <span dir=\"ltr\" role=\"presentation\">des manifestations<\/span> <span dir=\"ltr\" role=\"presentation\">comm\u00e9moratives<\/span>\u00e2 <span dir=\"ltr\" role=\"presentation\">nationales ; c\u2019est gr\u00e2ce \u00e0 vous.<\/span><\/p>\n<p style=\"text-align: justify;\"><br role=\"presentation\" \/><span dir=\"ltr\" role=\"presentation\">C\u2019est cet engagement civique, l\u2019engagement personnel et b\u00e9n\u00e9vole de chacun de vous au <\/span><span dir=\"ltr\" role=\"presentation\">service, qui d\u2019une association, qui d\u2019une communaut\u00e9 de m\u00e9moire, et tous, au service d\u2019un id\u00e9al <\/span><span dir=\"ltr\" role=\"presentation\">national que je souhaite honorer aujourd\u2019hui. Vous incarnez dans votre engagement des valeurs <\/span><span dir=\"ltr\" role=\"presentation\">de courage, de g\u00e9n\u00e9rosit\u00e9 et de fraternit\u00e9.<\/span><br role=\"presentation\" \/><span dir=\"ltr\" role=\"presentation\">Je sais que les actions que vous menez au nom de la m\u00e9moire combattante : l\u2019organisation des <\/span><span dir=\"ltr\" role=\"presentation\">c\u00e9r\u00e9monies qui sans vous seraient depuis<\/span> <span dir=\"ltr\" role=\"presentation\">bien longtemps abandonn\u00e9es, l\u2019entretien des <\/span><span dir=\"ltr\" role=\"presentation\">monuments dont vous \u00eates souvent les seuls \u00e0 vous pr\u00e9occuper, la transmission aux jeunes <\/span><span dir=\"ltr\" role=\"presentation\">g\u00e9n\u00e9rations des valeurs qui sont les v\u00f4tres, en allant \u00e0 leur rencontre dans les classes et aussi en <\/span><span dir=\"ltr\" role=\"presentation\">les emmenant sur le terrain pour mieux leur expliquer l\u2019histoire \u00e0 la lumi\u00e8re de votre exp\u00e9rience.<\/span><\/p>\n<p style=\"text-align: justify;\"><span dir=\"ltr\" role=\"presentation\">Le d\u00e9vouement que vous manifestez dans les associations que vous pr\u00e9sidez ou dont vous \u00eates <\/span><span dir=\"ltr\" role=\"presentation\">membres a valeur d\u2019exemple pour nos jeunes. De m\u00eame que la solidarit\u00e9 qui s\u2019exerce entre <\/span><span dir=\"ltr\" role=\"presentation\">vous, dans le domaine social : vous aidez les plus fragiles d\u2019entre vous, et particuli\u00e8rement les <\/span><span dir=\"ltr\" role=\"presentation\">veuves que vous soutenez moralement et financi\u00e8rement.<\/span><\/p>\n<p><span dir=\"ltr\" role=\"presentation\">Je sais que vous avez le souci de la transmission de votre mission. Je suis particuli\u00e8rement <\/span><span dir=\"ltr\" role=\"presentation\">heureux de savoir que des jeunes ont rejoint vos rangs.<\/span><br role=\"presentation\" \/><span dir=\"ltr\" role=\"presentation\">Lors des c\u00e9r\u00e9monies qui vous assemblent en hommage aux morts, ce sont vos drapeaux qui <\/span><span dir=\"ltr\" role=\"presentation\">sont \u00e0 l\u2019honneur et rendent les honneurs. Vous placez, je le sais, toute votre fiert\u00e9, en cet instant, <\/span><span dir=\"ltr\" role=\"presentation\">dans le fait de n\u2019\u00eatre que les porte-drapeaux, c\u2019est-\u00e0-dire de vous effacer derri\u00e8re votre devoir, <\/span><span dir=\"ltr\" role=\"presentation\">de vous effacer pour ainsi dire derri\u00e8re l\u2019oriflamme que vous servez.<\/span><\/p>\n<p><span dir=\"ltr\" role=\"presentation\">Vous \u00eates des serviteurs anonymes, d\u2019un grand engagement personnel bas\u00e9 sur le sens du <\/span><span dir=\"ltr\" role=\"presentation\">devoir, de l\u2019honneur, de la rigueur et de la discipline, qui honorez avec la plus grande dignit\u00e9 <\/span><span dir=\"ltr\" role=\"presentation\">une fonction hautement symbolique pour la m\u00e9moire de ceux qui sont morts pour la France. <\/span><span dir=\"ltr\" role=\"presentation\">\u00catre au service des autres est une grandeur.<\/span><\/p>\n<p><span dir=\"ltr\" role=\"presentation\">C\u2019est donc pour vous remercier que j\u2019ai souhait\u00e9 organiser cette r\u00e9ception. Pour immortaliser <\/span><span dir=\"ltr\" role=\"presentation\">ce moment, une photo portrait va vous \u00eatre remise. Une par porte-drapeau d\u00e9partemental <\/span><span dir=\"ltr\" role=\"presentation\">r\u00e9alis\u00e9e par la DMD dans le cadre de l\u2019\u00e9laboration du vademecum\/du guide des porte-drapeaux <\/span><span dir=\"ltr\" role=\"presentation\">pour notre d\u00e9partement.<\/span><br role=\"presentation\" \/><span dir=\"ltr\" role=\"presentation\">C\u2019est l\u2019occasion de remercier plus particuli\u00e8rement la cheville ouvri\u00e8re de ce projet \u00e0 savoir le <\/span><span dir=\"ltr\" role=\"presentation\">LCL Barot, le MP Tr\u00e9guier, r\u00e9servistes \u00e0 la DMD et bien s\u00fbr Mme Chapuis de l\u2019ONACVG, <\/span><span dir=\"ltr\" role=\"presentation\">aupr\u00e8s de qui, d\u2019ailleurs, vous pourrez r\u00e9cup\u00e9rer les photos.<\/span><\/p>\n<div id=\"outerContainer\">\n<div id=\"dialogContainer\" style=\"text-align: center;\"><div id=\"metaslider-id-9011\" style=\"width: 100%; margin: 0 auto;\" class=\"ml-slider-3-108-0 metaslider metaslider-flex metaslider-9011 ml-slider has-carousel-mode ms-theme-default nav-hidden\" role=\"region\" aria-label=\"C\u00e9r\u00e9monie de remise des dipl\u00f4mes de porte-drapeau dans les jardins de la pr\u00e9fecture de Vannes\" data-height=\"500\" data-width=\"700\">\n    <div id=\"metaslider_container_9011\">\n        <div id=\"metaslider_9011\">\n            <ul class='slides'>\n                <li style=\"display: none; width: 100%;\" class=\"slide-9041 ms-image \" aria-roledescription=\"slide\" data-date=\"2023-07-14 21:35:48\" data-filename=\"porte-drpaeau6-700x500.jpg\" data-slide-type=\"image\"><img loading=\"lazy\" decoding=\"async\" src=\"http:\/\/www.semlh-morbihan.fr\/wordpress\/wp-content\/uploads\/2023\/07\/porte-drpaeau6-700x500.jpg\" height=\"500\" width=\"700\" alt=\"\" class=\"slider-9011 slide-9041 msDefaultImage\" title=\"porte-drpaeau6\" \/><\/li>\n                <li style=\"display: none; width: 100%;\" class=\"slide-9042 ms-image \" aria-roledescription=\"slide\" data-date=\"2023-07-14 21:35:48\" data-filename=\"porte-drapeauxa-1-700x500.jpg\" data-slide-type=\"image\"><img loading=\"lazy\" decoding=\"async\" src=\"http:\/\/www.semlh-morbihan.fr\/wordpress\/wp-content\/uploads\/2023\/07\/porte-drapeauxa-1-700x500.jpg\" height=\"500\" width=\"700\" alt=\"\" class=\"slider-9011 slide-9042 msDefaultImage\" title=\"porte-drapeaux\u00e0&amp;\" \/><\/li>\n                <li style=\"display: none; width: 100%;\" class=\"slide-9043 ms-image \" aria-roledescription=\"slide\" data-date=\"2023-07-14 21:35:48\" data-filename=\"porte-drapeaue-700x500.jpg\" data-slide-type=\"image\"><img loading=\"lazy\" decoding=\"async\" src=\"http:\/\/www.semlh-morbihan.fr\/wordpress\/wp-content\/uploads\/2023\/07\/porte-drapeaue-700x500.jpg\" height=\"500\" width=\"700\" alt=\"\" class=\"slider-9011 slide-9043 msDefaultImage\" title=\"porte-drapeau\u00e8\" \/><\/li>\n                <li style=\"display: none; width: 100%;\" class=\"slide-9044 ms-image \" aria-roledescription=\"slide\" data-date=\"2023-07-14 21:35:48\" data-filename=\"porte-drapeauc-700x500.jpg\" data-slide-type=\"image\"><img loading=\"lazy\" decoding=\"async\" src=\"http:\/\/www.semlh-morbihan.fr\/wordpress\/wp-content\/uploads\/2023\/07\/porte-drapeauc-700x500.jpg\" height=\"500\" width=\"700\" alt=\"\" class=\"slider-9011 slide-9044 msDefaultImage\" title=\"porte-drapeau\u00e7\" \/><\/li>\n                <li style=\"display: none; width: 100%;\" class=\"slide-9045 ms-image \" aria-roledescription=\"slide\" data-date=\"2023-07-14 21:35:48\" data-filename=\"porte-drapeau28-700x500.jpg\" data-slide-type=\"image\"><img loading=\"lazy\" decoding=\"async\" src=\"http:\/\/www.semlh-morbihan.fr\/wordpress\/wp-content\/uploads\/2023\/07\/porte-drapeau28-700x500.jpg\" height=\"500\" width=\"700\" alt=\"\" class=\"slider-9011 slide-9045 msDefaultImage\" title=\"porte-drapeau28\" \/><\/li>\n                <li style=\"display: none; width: 100%;\" class=\"slide-9046 ms-image \" aria-roledescription=\"slide\" data-date=\"2023-07-14 21:35:48\" data-filename=\"porte-drapeau27-700x500.jpg\" data-slide-type=\"image\"><img loading=\"lazy\" decoding=\"async\" src=\"http:\/\/www.semlh-morbihan.fr\/wordpress\/wp-content\/uploads\/2023\/07\/porte-drapeau27-700x500.jpg\" height=\"500\" width=\"700\" alt=\"\" class=\"slider-9011 slide-9046 msDefaultImage\" title=\"porte-drapeau27\" \/><\/li>\n                <li style=\"display: none; width: 100%;\" class=\"slide-9047 ms-image \" aria-roledescription=\"slide\" data-date=\"2023-07-14 21:35:49\" data-filename=\"porte-drapeau26-700x500.jpg\" data-slide-type=\"image\"><img loading=\"lazy\" decoding=\"async\" src=\"http:\/\/www.semlh-morbihan.fr\/wordpress\/wp-content\/uploads\/2023\/07\/porte-drapeau26-700x500.jpg\" height=\"500\" width=\"700\" alt=\"\" class=\"slider-9011 slide-9047 msDefaultImage\" title=\"porte-drapeau26\" \/><\/li>\n                <li style=\"display: none; width: 100%;\" class=\"slide-9048 ms-image \" aria-roledescription=\"slide\" data-date=\"2023-07-14 21:35:49\" data-filename=\"porte-drapeau25-700x500.jpg\" data-slide-type=\"image\"><img loading=\"lazy\" decoding=\"async\" src=\"http:\/\/www.semlh-morbihan.fr\/wordpress\/wp-content\/uploads\/2023\/07\/porte-drapeau25-700x500.jpg\" height=\"500\" width=\"700\" alt=\"\" class=\"slider-9011 slide-9048 msDefaultImage\" title=\"porte-drapeau25\" \/><\/li>\n                <li style=\"display: none; width: 100%;\" class=\"slide-9049 ms-image \" aria-roledescription=\"slide\" data-date=\"2023-07-14 21:35:49\" data-filename=\"porte-drapeau24-700x500.jpg\" data-slide-type=\"image\"><img loading=\"lazy\" decoding=\"async\" src=\"http:\/\/www.semlh-morbihan.fr\/wordpress\/wp-content\/uploads\/2023\/07\/porte-drapeau24-700x500.jpg\" height=\"500\" width=\"700\" alt=\"\" class=\"slider-9011 slide-9049 msDefaultImage\" title=\"porte-drapeau24\" \/><\/li>\n                <li style=\"display: none; width: 100%;\" class=\"slide-9050 ms-image \" aria-roledescription=\"slide\" data-date=\"2023-07-14 21:35:49\" data-filename=\"porte-drapeau23-700x500.jpg\" data-slide-type=\"image\"><img loading=\"lazy\" decoding=\"async\" src=\"http:\/\/www.semlh-morbihan.fr\/wordpress\/wp-content\/uploads\/2023\/07\/porte-drapeau23-700x500.jpg\" height=\"500\" width=\"700\" alt=\"\" class=\"slider-9011 slide-9050 msDefaultImage\" title=\"porte-drapeau23\" \/><\/li>\n                <li style=\"display: none; width: 100%;\" class=\"slide-9051 ms-image \" aria-roledescription=\"slide\" data-date=\"2023-07-14 21:35:49\" data-filename=\"porte-drapeau22-700x500.jpg\" data-slide-type=\"image\"><img loading=\"lazy\" decoding=\"async\" src=\"http:\/\/www.semlh-morbihan.fr\/wordpress\/wp-content\/uploads\/2023\/07\/porte-drapeau22-700x500.jpg\" height=\"500\" width=\"700\" alt=\"\" class=\"slider-9011 slide-9051 msDefaultImage\" title=\"porte-drapeau22\" \/><\/li>\n                <li style=\"display: none; width: 100%;\" class=\"slide-9052 ms-image \" aria-roledescription=\"slide\" data-date=\"2023-07-14 21:35:49\" data-filename=\"porte-drapeau21-700x500.jpg\" data-slide-type=\"image\"><img loading=\"lazy\" decoding=\"async\" src=\"http:\/\/www.semlh-morbihan.fr\/wordpress\/wp-content\/uploads\/2023\/07\/porte-drapeau21-700x500.jpg\" height=\"500\" width=\"700\" alt=\"\" class=\"slider-9011 slide-9052 msDefaultImage\" title=\"porte-drapeau21\" \/><\/li>\n                <li style=\"display: none; width: 100%;\" class=\"slide-9053 ms-image \" aria-roledescription=\"slide\" data-date=\"2023-07-14 21:35:49\" data-filename=\"porte-drapeau20-700x500.jpg\" data-slide-type=\"image\"><img loading=\"lazy\" decoding=\"async\" src=\"http:\/\/www.semlh-morbihan.fr\/wordpress\/wp-content\/uploads\/2023\/07\/porte-drapeau20-700x500.jpg\" height=\"500\" width=\"700\" alt=\"\" class=\"slider-9011 slide-9053 msDefaultImage\" title=\"porte-drapeau20\" \/><\/li>\n                <li style=\"display: none; width: 100%;\" class=\"slide-9054 ms-image \" aria-roledescription=\"slide\" data-date=\"2023-07-14 21:35:49\" data-filename=\"porte-drapeau19-700x500.jpg\" data-slide-type=\"image\"><img loading=\"lazy\" decoding=\"async\" src=\"http:\/\/www.semlh-morbihan.fr\/wordpress\/wp-content\/uploads\/2023\/07\/porte-drapeau19-700x500.jpg\" height=\"500\" width=\"700\" alt=\"\" class=\"slider-9011 slide-9054 msDefaultImage\" title=\"porte-drapeau19\" \/><\/li>\n                <li style=\"display: none; width: 100%;\" class=\"slide-9055 ms-image \" aria-roledescription=\"slide\" data-date=\"2023-07-14 21:35:49\" data-filename=\"porte-drapeau18-700x500.jpg\" data-slide-type=\"image\"><img loading=\"lazy\" decoding=\"async\" src=\"http:\/\/www.semlh-morbihan.fr\/wordpress\/wp-content\/uploads\/2023\/07\/porte-drapeau18-700x500.jpg\" height=\"500\" width=\"700\" alt=\"\" class=\"slider-9011 slide-9055 msDefaultImage\" title=\"porte-drapeau18\" \/><\/li>\n                <li style=\"display: none; width: 100%;\" class=\"slide-9056 ms-image \" aria-roledescription=\"slide\" data-date=\"2023-07-14 21:35:49\" data-filename=\"porte-drapeau16-700x500.jpg\" data-slide-type=\"image\"><img loading=\"lazy\" decoding=\"async\" src=\"http:\/\/www.semlh-morbihan.fr\/wordpress\/wp-content\/uploads\/2023\/07\/porte-drapeau16-700x500.jpg\" height=\"500\" width=\"700\" alt=\"\" class=\"slider-9011 slide-9056 msDefaultImage\" title=\"porte-drapeau16\" \/><\/li>\n                <li style=\"display: none; width: 100%;\" class=\"slide-9057 ms-image \" aria-roledescription=\"slide\" data-date=\"2023-07-14 21:35:49\" data-filename=\"porte-drapeau14-700x500.jpg\" data-slide-type=\"image\"><img loading=\"lazy\" decoding=\"async\" src=\"http:\/\/www.semlh-morbihan.fr\/wordpress\/wp-content\/uploads\/2023\/07\/porte-drapeau14-700x500.jpg\" height=\"500\" width=\"700\" alt=\"\" class=\"slider-9011 slide-9057 msDefaultImage\" title=\"porte-drapeau14\" \/><\/li>\n                <li style=\"display: none; width: 100%;\" class=\"slide-9058 ms-image \" aria-roledescription=\"slide\" data-date=\"2023-07-14 21:35:49\" data-filename=\"porte-drapeau13-700x500.jpg\" data-slide-type=\"image\"><img loading=\"lazy\" decoding=\"async\" src=\"http:\/\/www.semlh-morbihan.fr\/wordpress\/wp-content\/uploads\/2023\/07\/porte-drapeau13-700x500.jpg\" height=\"500\" width=\"700\" alt=\"\" class=\"slider-9011 slide-9058 msDefaultImage\" title=\"porte-drapeau13\" \/><\/li>\n                <li style=\"display: none; width: 100%;\" class=\"slide-9059 ms-image \" aria-roledescription=\"slide\" data-date=\"2023-07-14 21:35:49\" data-filename=\"porte-drapeau12-700x500.jpg\" data-slide-type=\"image\"><img loading=\"lazy\" decoding=\"async\" src=\"http:\/\/www.semlh-morbihan.fr\/wordpress\/wp-content\/uploads\/2023\/07\/porte-drapeau12-700x500.jpg\" height=\"500\" width=\"700\" alt=\"\" class=\"slider-9011 slide-9059 msDefaultImage\" title=\"porte-drapeau12\" \/><\/li>\n                <li style=\"display: none; width: 100%;\" class=\"slide-9060 ms-image \" aria-roledescription=\"slide\" data-date=\"2023-07-14 21:35:49\" data-filename=\"porte-drapeau11-700x500.jpg\" data-slide-type=\"image\"><img loading=\"lazy\" decoding=\"async\" src=\"http:\/\/www.semlh-morbihan.fr\/wordpress\/wp-content\/uploads\/2023\/07\/porte-drapeau11-700x500.jpg\" height=\"500\" width=\"700\" alt=\"\" class=\"slider-9011 slide-9060 msDefaultImage\" title=\"porte-drapeau11\" \/><\/li>\n                <li style=\"display: none; width: 100%;\" class=\"slide-9061 ms-image \" aria-roledescription=\"slide\" data-date=\"2023-07-14 21:35:50\" data-filename=\"porte-drapeau10-700x500.jpg\" data-slide-type=\"image\"><img loading=\"lazy\" decoding=\"async\" src=\"http:\/\/www.semlh-morbihan.fr\/wordpress\/wp-content\/uploads\/2023\/07\/porte-drapeau10-700x500.jpg\" height=\"500\" width=\"700\" alt=\"\" class=\"slider-9011 slide-9061 msDefaultImage\" title=\"porte-drapeau10\" \/><\/li>\n                <li style=\"display: none; width: 100%;\" class=\"slide-9062 ms-image \" aria-roledescription=\"slide\" data-date=\"2023-07-14 21:35:50\" data-filename=\"porte-drapeau9-700x500.jpg\" data-slide-type=\"image\"><img loading=\"lazy\" decoding=\"async\" src=\"http:\/\/www.semlh-morbihan.fr\/wordpress\/wp-content\/uploads\/2023\/07\/porte-drapeau9-700x500.jpg\" height=\"500\" width=\"700\" alt=\"\" class=\"slider-9011 slide-9062 msDefaultImage\" title=\"porte-drapeau9\" \/><\/li>\n                <li style=\"display: none; width: 100%;\" class=\"slide-9063 ms-image \" aria-roledescription=\"slide\" data-date=\"2023-07-14 21:35:50\" data-filename=\"porte-drapeau8-700x500.jpg\" data-slide-type=\"image\"><img loading=\"lazy\" decoding=\"async\" src=\"http:\/\/www.semlh-morbihan.fr\/wordpress\/wp-content\/uploads\/2023\/07\/porte-drapeau8-700x500.jpg\" height=\"500\" width=\"700\" alt=\"\" class=\"slider-9011 slide-9063 msDefaultImage\" title=\"porte-drapeau8\" \/><\/li>\n                <li style=\"display: none; width: 100%;\" class=\"slide-9064 ms-image \" aria-roledescription=\"slide\" data-date=\"2023-07-14 21:35:50\" data-filename=\"portedrapeau4-1-700x500.jpg\" data-slide-type=\"image\"><img loading=\"lazy\" decoding=\"async\" src=\"http:\/\/www.semlh-morbihan.fr\/wordpress\/wp-content\/uploads\/2023\/07\/portedrapeau4-1-700x500.jpg\" height=\"500\" width=\"700\" alt=\"\" class=\"slider-9011 slide-9064 msDefaultImage\" title=\"portedrapeau4\" \/><\/li>\n                <li style=\"display: none; width: 100%;\" class=\"slide-9065 ms-image \" aria-roledescription=\"slide\" data-date=\"2023-07-14 21:35:50\" data-filename=\"porte-drapeau3-1-700x500.jpg\" data-slide-type=\"image\"><img loading=\"lazy\" decoding=\"async\" src=\"http:\/\/www.semlh-morbihan.fr\/wordpress\/wp-content\/uploads\/2023\/07\/porte-drapeau3-1-700x500.jpg\" height=\"500\" width=\"700\" alt=\"\" class=\"slider-9011 slide-9065 msDefaultImage\" title=\"porte-drapeau3\" \/><\/li>\n                <li style=\"display: none; width: 100%;\" class=\"slide-9066 ms-image \" aria-roledescription=\"slide\" data-date=\"2023-07-14 21:35:50\" data-filename=\"porte-drapeau2-1-700x500.jpg\" data-slide-type=\"image\"><img loading=\"lazy\" decoding=\"async\" src=\"http:\/\/www.semlh-morbihan.fr\/wordpress\/wp-content\/uploads\/2023\/07\/porte-drapeau2-1-700x500.jpg\" height=\"500\" width=\"700\" alt=\"\" class=\"slider-9011 slide-9066 msDefaultImage\" title=\"porte-drapeau2\" \/><\/li>\n                <li style=\"display: none; width: 100%;\" class=\"slide-9067 ms-image \" aria-roledescription=\"slide\" data-date=\"2023-07-14 21:35:50\" data-filename=\"porte-drapeau_-700x500.jpg\" data-slide-type=\"image\"><img loading=\"lazy\" decoding=\"async\" src=\"http:\/\/www.semlh-morbihan.fr\/wordpress\/wp-content\/uploads\/2023\/07\/porte-drapeau_-700x500.jpg\" height=\"500\" width=\"700\" alt=\"\" class=\"slider-9011 slide-9067 msDefaultImage\" title=\"porte-drapeau_\" \/><\/li>\n                <li style=\"display: none; width: 100%;\" class=\"slide-9068 ms-image \" aria-roledescription=\"slide\" data-date=\"2023-07-14 21:35:50\" data-filename=\"pore-drapeau15-700x500.jpg\" data-slide-type=\"image\"><img loading=\"lazy\" decoding=\"async\" src=\"http:\/\/www.semlh-morbihan.fr\/wordpress\/wp-content\/uploads\/2023\/07\/pore-drapeau15-700x500.jpg\" height=\"500\" width=\"700\" alt=\"\" class=\"slider-9011 slide-9068 msDefaultImage\" title=\"pore-drapeau15\" \/><\/li>\n                <li style=\"display: none; width: 100%;\" class=\"slide-9069 ms-image \" aria-roledescription=\"slide\" data-date=\"2023-07-14 21:35:50\" data-filename=\"portedrpeau5-1-700x500.jpg\" data-slide-type=\"image\"><img loading=\"lazy\" decoding=\"async\" src=\"http:\/\/www.semlh-morbihan.fr\/wordpress\/wp-content\/uploads\/2023\/07\/portedrpeau5-1-700x500.jpg\" height=\"500\" width=\"700\" alt=\"\" class=\"slider-9011 slide-9069 msDefaultImage\" title=\"portedrpeau5\" \/><\/li>\n                <li style=\"display: none; width: 100%;\" class=\"slide-9070 ms-image \" aria-roledescription=\"slide\" data-date=\"2023-07-14 21:35:50\" data-filename=\"portedrpeau5-700x500.jpg\" data-slide-type=\"image\"><img loading=\"lazy\" decoding=\"async\" src=\"http:\/\/www.semlh-morbihan.fr\/wordpress\/wp-content\/uploads\/2023\/07\/portedrpeau5-700x500.jpg\" height=\"500\" width=\"700\" alt=\"\" class=\"slider-9011 slide-9070 msDefaultImage\" title=\"portedrpeau5\" \/><div class=\"caption-wrap\"><div class=\"caption\">Discours du pr\u00e9fet devant les porte-drapeaux<\/div><\/div><\/li>\n                <li style=\"display: none; width: 100%;\" class=\"slide-9071 ms-image \" aria-roledescription=\"slide\" data-date=\"2023-07-14 21:35:50\" data-filename=\"porte-drapeauxa-700x500.jpg\" data-slide-type=\"image\"><img loading=\"lazy\" decoding=\"async\" src=\"http:\/\/www.semlh-morbihan.fr\/wordpress\/wp-content\/uploads\/2023\/07\/porte-drapeauxa-700x500.jpg\" height=\"500\" width=\"700\" alt=\"\" class=\"slider-9011 slide-9071 msDefaultImage\" title=\"porte-drapeaux\u00e0&amp;\" \/><\/li>\n                <li style=\"display: none; width: 100%;\" class=\"slide-9072 ms-image \" aria-roledescription=\"slide\" data-date=\"2023-07-14 21:35:50\" data-filename=\"portedrapeau4-700x500.jpg\" data-slide-type=\"image\"><img loading=\"lazy\" decoding=\"async\" src=\"http:\/\/www.semlh-morbihan.fr\/wordpress\/wp-content\/uploads\/2023\/07\/portedrapeau4-700x500.jpg\" height=\"500\" width=\"700\" alt=\"\" class=\"slider-9011 slide-9072 msDefaultImage\" title=\"portedrapeau4\" \/><div class=\"caption-wrap\"><div class=\"caption\">Rolande Mergel, porte-drapeau du comit\u00e9 de Vannes \u00e0 l'honneur<\/div><\/div><\/li>\n                <li style=\"display: none; width: 100%;\" class=\"slide-9073 ms-image \" aria-roledescription=\"slide\" data-date=\"2023-07-14 21:35:50\" data-filename=\"porte-drapeau3-700x500.jpg\" data-slide-type=\"image\"><img loading=\"lazy\" decoding=\"async\" src=\"http:\/\/www.semlh-morbihan.fr\/wordpress\/wp-content\/uploads\/2023\/07\/porte-drapeau3-700x500.jpg\" height=\"500\" width=\"700\" alt=\"\" class=\"slider-9011 slide-9073 msDefaultImage\" title=\"porte-drapeau3\" \/><div class=\"caption-wrap\"><div class=\"caption\">les porte-drapeaux r\u00e9unis devant la pr\u00e9efcture de Vannes<\/div><\/div><\/li>\n                <li style=\"display: none; width: 100%;\" class=\"slide-9074 ms-image \" aria-roledescription=\"slide\" data-date=\"2023-07-14 21:35:51\" data-filename=\"porte-drapeau2-700x500.jpg\" data-slide-type=\"image\"><img loading=\"lazy\" decoding=\"async\" src=\"http:\/\/www.semlh-morbihan.fr\/wordpress\/wp-content\/uploads\/2023\/07\/porte-drapeau2-700x500.jpg\" height=\"500\" width=\"700\" alt=\"\" class=\"slider-9011 slide-9074 msDefaultImage\" title=\"porte-drapeau2\" \/><div class=\"caption-wrap\"><div class=\"caption\">vue g\u00e9n\u00e9rale de porte-drapeaux re\u00e7us \u00e0 la pr\u00e9fecture du Morbihan<\/div><\/div><\/li>\n            <\/ul>\n        <\/div>\n        \n    <\/div>\n<\/div><\/div>\n<\/div>\n","protected":false},"excerpt":{"rendered":"<p>&nbsp; &nbsp; C\u00e9r\u00e9monie d\u2019hommage aux porte-drapeaux d\u00e9partementauxDiscours de M. Pascal Bolot, pr\u00e9fet du Morbihan12 juillet 2023Jardins de la pr\u00e9fecture C\u2019est pour moi un immense plaisir&#8230;<\/p>\n","protected":false},"author":329,"featured_media":9004,"comment_status":"closed","ping_status":"open","sticky":false,"template":"","format":"standard","meta":{"footnotes":""},"categories":[351],"tags":[607],"class_list":["post-9002","post","type-post","status-publish","format-standard","has-post-thumbnail","hentry","category-manifestations-diverses","tag-section-smlh-du-morbihan","wpcat-351-id"],"_links":{"self":[{"href":"http:\/\/www.semlh-morbihan.fr\/wordpress\/wp-json\/wp\/v2\/posts\/9002","targetHints":{"allow":["GET"]}}],"collection":[{"href":"http:\/\/www.semlh-morbihan.fr\/wordpress\/wp-json\/wp\/v2\/posts"}],"about":[{"href":"http:\/\/www.semlh-morbihan.fr\/wordpress\/wp-json\/wp\/v2\/types\/post"}],"author":[{"embeddable":true,"href":"http:\/\/www.semlh-morbihan.fr\/wordpress\/wp-json\/wp\/v2\/users\/329"}],"replies":[{"embeddable":true,"href":"http:\/\/www.semlh-morbihan.fr\/wordpress\/wp-json\/wp\/v2\/comments?post=9002"}],"version-history":[{"count":5,"href":"http:\/\/www.semlh-morbihan.fr\/wordpress\/wp-json\/wp\/v2\/posts\/9002\/revisions"}],"predecessor-version":[{"id":9076,"href":"http:\/\/www.semlh-morbihan.fr\/wordpress\/wp-json\/wp\/v2\/posts\/9002\/revisions\/9076"}],"wp:featuredmedia":[{"embeddable":true,"href":"http:\/\/www.semlh-morbihan.fr\/wordpress\/wp-json\/wp\/v2\/media\/9004"}],"wp:attachment":[{"href":"http:\/\/www.semlh-morbihan.fr\/wordpress\/wp-json\/wp\/v2\/media?parent=9002"}],"wp:term":[{"taxonomy":"category","embeddable":true,"href":"http:\/\/www.semlh-morbihan.fr\/wordpress\/wp-json\/wp\/v2\/categories?post=9002"},{"taxonomy":"post_tag","embeddable":true,"href":"http:\/\/www.semlh-morbihan.fr\/wordpress\/wp-json\/wp\/v2\/tags?post=9002"}],"curies":[{"name":"wp","href":"https:\/\/api.w.org\/{rel}","templated":true}]}}