{"id":9080,"date":"2023-06-30T16:43:20","date_gmt":"2023-06-30T14:43:20","guid":{"rendered":"http:\/\/www.semlh-morbihan.fr\/wordpress\/?p=9080"},"modified":"2023-08-05T16:48:13","modified_gmt":"2023-08-05T14:48:13","slug":"gouter-pour-les-veuves-du-comite-du-pays-dauray-le-jeudi-15-juin-2023","status":"publish","type":"post","link":"http:\/\/www.semlh-morbihan.fr\/wordpress\/2023\/06\/30\/gouter-pour-les-veuves-du-comite-du-pays-dauray-le-jeudi-15-juin-2023\/","title":{"rendered":"Go\u00fbter pour les veuves du comit\u00e9 du pays d&rsquo;Auray le jeudi 15 juin 2023"},"content":{"rendered":"<p style=\"text-align: justify;\"><img loading=\"lazy\" decoding=\"async\" class=\"aligncenter size-medium wp-image-9083\" src=\"http:\/\/www.semlh-morbihan.fr\/wordpress\/wp-content\/uploads\/2023\/06\/IMG_1851-scaled-e1691246858661-600x366.jpg\" alt=\"\" width=\"600\" height=\"366\" srcset=\"http:\/\/www.semlh-morbihan.fr\/wordpress\/wp-content\/uploads\/2023\/06\/IMG_1851-scaled-e1691246858661-600x366.jpg 600w, http:\/\/www.semlh-morbihan.fr\/wordpress\/wp-content\/uploads\/2023\/06\/IMG_1851-scaled-e1691246858661-1024x625.jpg 1024w, http:\/\/www.semlh-morbihan.fr\/wordpress\/wp-content\/uploads\/2023\/06\/IMG_1851-scaled-e1691246858661-768x468.jpg 768w, http:\/\/www.semlh-morbihan.fr\/wordpress\/wp-content\/uploads\/2023\/06\/IMG_1851-scaled-e1691246858661.jpg 1200w\" sizes=\"auto, (max-width: 600px) 100vw, 600px\" \/>Jeudi 15 Juin, le comit\u00e9 de Vannes \u00e0 invit\u00e9 les veuves et veufs \u00e0 une rencontre amicale sous forme d\u2019un go\u00fbter. Une rencontre appr\u00e9ci\u00e9e par tous les participants sensibles \u00e0 ce moment d\u2019\u00e9changes, parfois rare pour certaines. Le moment fort a \u00e9t\u00e9 la communication visuelle avec Cleo et sa maman Alexandra, de retour des championnats du monde de natation de Sport Adapt\u00e9 \u00e0 Vichy.<\/p>\n<p style=\"text-align: justify;\">Sous nos applaudissements nourris, Cl\u00e9o \u00e9tait fi\u00e8re de nous montrer ses m\u00e9dailles, dont 7 en Or ! Sans oublier un nouveau record du monde par \u00e9quipe mixte. Le comit\u00e9s a souhait\u00e9 l\u2019accueillir lors d\u2019une prochaine rencontre pour la f\u00e9liciter de vive voix.<\/p>\n<p>Bruno Bodard<\/p>\n<p>pr\u00e9sident du comit\u00e9 du pays de Vannes<\/p>\n","protected":false},"excerpt":{"rendered":"<p>Jeudi 15 Juin, le comit\u00e9 de Vannes \u00e0 invit\u00e9 les veuves et veufs \u00e0 une rencontre amicale sous forme d\u2019un go\u00fbter. Une rencontre appr\u00e9ci\u00e9e par&#8230;<\/p>\n","protected":false},"author":329,"featured_media":9083,"comment_status":"closed","ping_status":"open","sticky":false,"template":"","format":"standard","meta":{"footnotes":""},"categories":[346],"tags":[623],"class_list":["post-9080","post","type-post","status-publish","format-standard","has-post-thumbnail","hentry","category-comite-du-pays-de-vannes","tag-comite-du-pays-de-vannes","wpcat-346-id"],"_links":{"self":[{"href":"http:\/\/www.semlh-morbihan.fr\/wordpress\/wp-json\/wp\/v2\/posts\/9080","targetHints":{"allow":["GET"]}}],"collection":[{"href":"http:\/\/www.semlh-morbihan.fr\/wordpress\/wp-json\/wp\/v2\/posts"}],"about":[{"href":"http:\/\/www.semlh-morbihan.fr\/wordpress\/wp-json\/wp\/v2\/types\/post"}],"author":[{"embeddable":true,"href":"http:\/\/www.semlh-morbihan.fr\/wordpress\/wp-json\/wp\/v2\/users\/329"}],"replies":[{"embeddable":true,"href":"http:\/\/www.semlh-morbihan.fr\/wordpress\/wp-json\/wp\/v2\/comments?post=9080"}],"version-history":[{"count":4,"href":"http:\/\/www.semlh-morbihan.fr\/wordpress\/wp-json\/wp\/v2\/posts\/9080\/revisions"}],"predecessor-version":[{"id":9085,"href":"http:\/\/www.semlh-morbihan.fr\/wordpress\/wp-json\/wp\/v2\/posts\/9080\/revisions\/9085"}],"wp:featuredmedia":[{"embeddable":true,"href":"http:\/\/www.semlh-morbihan.fr\/wordpress\/wp-json\/wp\/v2\/media\/9083"}],"wp:attachment":[{"href":"http:\/\/www.semlh-morbihan.fr\/wordpress\/wp-json\/wp\/v2\/media?parent=9080"}],"wp:term":[{"taxonomy":"category","embeddable":true,"href":"http:\/\/www.semlh-morbihan.fr\/wordpress\/wp-json\/wp\/v2\/categories?post=9080"},{"taxonomy":"post_tag","embeddable":true,"href":"http:\/\/www.semlh-morbihan.fr\/wordpress\/wp-json\/wp\/v2\/tags?post=9080"}],"curies":[{"name":"wp","href":"https:\/\/api.w.org\/{rel}","templated":true}]}}