{"id":9092,"date":"2023-06-15T17:21:18","date_gmt":"2023-06-15T15:21:18","guid":{"rendered":"http:\/\/www.semlh-morbihan.fr\/wordpress\/?p=9092"},"modified":"2023-08-05T17:26:21","modified_gmt":"2023-08-05T15:26:21","slug":"intervention-au-lycee-professionnel-ker-anna-de-kervignac-le-1er-juin-2023","status":"publish","type":"post","link":"http:\/\/www.semlh-morbihan.fr\/wordpress\/2023\/06\/15\/intervention-au-lycee-professionnel-ker-anna-de-kervignac-le-1er-juin-2023\/","title":{"rendered":"Intervention au lyc\u00e9e professionnel Ker Anna de Kervignac le 1er juin 2023"},"content":{"rendered":"<p style=\"text-align: center;\"><span style=\"text-decoration: underline;\"><strong>Compte -rendu de l &lsquo;intervention au lyc\u00e9e professionnel Ker anna de Kervignac<\/strong><\/span><\/p>\n<p style=\"text-align: center;\">================================<\/p>\n<p style=\"text-align: justify;\">Dans le cadre de l &lsquo; Honneur en Action 2021, le comit\u00e9 du Pays de Lorient a propos\u00e9 un projet au profit du Lyc\u00e9e professionnel keranna de Kervignac, en soutenant le programme p\u00e9dagogique qui vise \u00e0 redonner confiance \u00e0 des jeunes ayant des troubles de langage et de l \u2018apprentissage.\u00a0 Ce projet a \u00e9t\u00e9 laur\u00e9at et a re\u00e7u un prix. Cette aide a permis d\u2019acheter du mat\u00e9riel p\u00e9dagogique, mais est aussi compl\u00e9t\u00e9e par l\u2019organisation d\u2019interventions aupr\u00e8s des \u00e9l\u00e8ves sur le Civisme.<\/p>\n<p style=\"text-align: justify;\">Le prix a \u00e9t\u00e9 remis en mars 2022, puis 3 membres du Comit\u00e9 sont intervenus au printemps aupr\u00e8s des \u00e9l\u00e8ves. De plus, le bureau du comit\u00e9 s &lsquo;est r\u00e9uni au lyc\u00e9e, en novembre 2022, ce qui a permis \u00e0 tous les membres de visiter l&rsquo;\u00e9tablissement et de voir la mise en place du mat\u00e9riel p\u00e9dagogique et l&rsquo;utilisation par les \u00e9l\u00e8ves .<\/p>\n<p style=\"text-align: justify;\">Cette ann\u00e9e, le 1er juin, trois membres de notre Comit\u00e9 sont \u00e0 nouveau intervenus aupr\u00e8s de 35 \u00e9l\u00e8ves de 3\u00e8me pour leur pr\u00e9senter notamment les collectivit\u00e9s territoriales et les \u00e9lections. Ils ont aussi r\u00e9pondu aux questions des \u00e9l\u00e8ves.<\/p>\n<p style=\"text-align: justify;\">Une r\u00e9union est pr\u00e9vue \u00e0 la rentr\u00e9e avec l &lsquo;\u00e9quipe p\u00e9dagogique pour d\u00e9finir les modalit\u00e9s de notre future intervention de l &lsquo;ann\u00e9e \u00e0 venir .<\/p>\n<p style=\"text-align: justify;\">Notre partenariat avec ce lyc\u00e9e professionnel continue de se d\u00e9velopper .<\/p>\n<p>&nbsp;<\/p>\n<p>C.V( H) Guy Sinel<\/p>\n<p>pr\u00e9sident du Comit\u00e9 du Pays de Lorient SMLH.<\/p>\n<figure id=\"attachment_9094\" aria-describedby=\"caption-attachment-9094\" style=\"width: 600px\" class=\"wp-caption aligncenter\"><img loading=\"lazy\" decoding=\"async\" class=\"size-medium wp-image-9094\" src=\"http:\/\/www.semlh-morbihan.fr\/wordpress\/wp-content\/uploads\/2023\/06\/IMG20230601162859-scaled-e1691249040694-600x450.jpg\" alt=\"\" width=\"600\" height=\"450\" \/><figcaption id=\"caption-attachment-9094\" class=\"wp-caption-text\">de droite\u00e0 gauche : Jacques Devaux, Hubert de Lageneste et Guy Sinel<\/figcaption><\/figure>\n","protected":false},"excerpt":{"rendered":"<p>Compte -rendu de l &lsquo;intervention au lyc\u00e9e professionnel Ker anna de Kervignac ================================ Dans le cadre de l &lsquo; Honneur en Action 2021, le comit\u00e9&#8230;<\/p>\n","protected":false},"author":329,"featured_media":9094,"comment_status":"closed","ping_status":"open","sticky":false,"template":"","format":"standard","meta":{"footnotes":""},"categories":[355,343],"tags":[605],"class_list":["post-9092","post","type-post","status-publish","format-standard","has-post-thumbnail","hentry","category-actualites-comite-de-lorient","category-comite-de-lorient","tag-comite-smlh-du-pays-de-lorient","wpcat-355-id","wpcat-343-id"],"_links":{"self":[{"href":"http:\/\/www.semlh-morbihan.fr\/wordpress\/wp-json\/wp\/v2\/posts\/9092","targetHints":{"allow":["GET"]}}],"collection":[{"href":"http:\/\/www.semlh-morbihan.fr\/wordpress\/wp-json\/wp\/v2\/posts"}],"about":[{"href":"http:\/\/www.semlh-morbihan.fr\/wordpress\/wp-json\/wp\/v2\/types\/post"}],"author":[{"embeddable":true,"href":"http:\/\/www.semlh-morbihan.fr\/wordpress\/wp-json\/wp\/v2\/users\/329"}],"replies":[{"embeddable":true,"href":"http:\/\/www.semlh-morbihan.fr\/wordpress\/wp-json\/wp\/v2\/comments?post=9092"}],"version-history":[{"count":2,"href":"http:\/\/www.semlh-morbihan.fr\/wordpress\/wp-json\/wp\/v2\/posts\/9092\/revisions"}],"predecessor-version":[{"id":9095,"href":"http:\/\/www.semlh-morbihan.fr\/wordpress\/wp-json\/wp\/v2\/posts\/9092\/revisions\/9095"}],"wp:featuredmedia":[{"embeddable":true,"href":"http:\/\/www.semlh-morbihan.fr\/wordpress\/wp-json\/wp\/v2\/media\/9094"}],"wp:attachment":[{"href":"http:\/\/www.semlh-morbihan.fr\/wordpress\/wp-json\/wp\/v2\/media?parent=9092"}],"wp:term":[{"taxonomy":"category","embeddable":true,"href":"http:\/\/www.semlh-morbihan.fr\/wordpress\/wp-json\/wp\/v2\/categories?post=9092"},{"taxonomy":"post_tag","embeddable":true,"href":"http:\/\/www.semlh-morbihan.fr\/wordpress\/wp-json\/wp\/v2\/tags?post=9092"}],"curies":[{"name":"wp","href":"https:\/\/api.w.org\/{rel}","templated":true}]}}