{"id":9096,"date":"2023-07-15T17:43:12","date_gmt":"2023-07-15T15:43:12","guid":{"rendered":"http:\/\/www.semlh-morbihan.fr\/wordpress\/?p=9096"},"modified":"2023-08-05T17:57:16","modified_gmt":"2023-08-05T15:57:16","slug":"ceremonie-a-penthievre-le-13-juillet-2023","status":"publish","type":"post","link":"http:\/\/www.semlh-morbihan.fr\/wordpress\/2023\/07\/15\/ceremonie-a-penthievre-le-13-juillet-2023\/","title":{"rendered":"C\u00e9r\u00e9monie \u00e0 Penthi\u00e8vre le 13 juillet 2023"},"content":{"rendered":"<p>\u00ab\u00a0Apr\u00e8s la traditionnelle messe en plein air sur le site, c\u00e9l\u00e9br\u00e9e par le Recteur de Saint-Pierre Quiberon accompagn\u00e9 du Cur\u00e9 de Locmin\u00e9, la c\u00e9r\u00e9monie \u00e0 la m\u00e9moire des fusill\u00e9s du 13 Juillet 1944 au Fort de Penthi\u00e8vre s&rsquo;est d\u00e9roul\u00e9e sous la pr\u00e9sidence effective de Mr Pascal Bolot, Pr\u00e9fet du Morbihan, avec une participation exceptionnelle de plus de 50 porte-drapeaux, dont celui du Comit\u00e9 d&rsquo;Auray et d&rsquo;une dizaine d&rsquo;\u00e9lus repr\u00e9sentant la plupart des communes d&rsquo;origine des victimes mentionn\u00e9es.<\/p>\n<p>L&rsquo;appel aux\u00a0\u00bb morts pour la France\u00a0\u00bb a \u00e9t\u00e9 fait par des enfants, membres du conseil municipal des jeunes de Saint-Pierre Quiberon .<\/p>\n<p>Le Comit\u00e9 du Pays d&rsquo;Auray \u00e9tait repr\u00e9sent\u00e9 par sa pr\u00e9sidente, Mme Annick Guillou-Moinard, et ses deux vice-pr\u00e9sidents , Mme Michelle Th\u00e9ry et le G\u00e9n\u00e9ral Vaillant, et la Section par le premier vice-pr\u00e9sident.<\/p>\n<p>Mrs Pascal Mabin , pr\u00e9sident d&rsquo;honneur du Comit\u00e9 et Jacques Joly, membre du bureau de la Section, ainsi que d&rsquo;autres l\u00e9gionnaires \u00e9taient \u00e9galement pr\u00e9sents.<\/p>\n<p>Pascal LECOMTE<\/p>\n<p>1erVice-Pr\u00e9sident SMLH56 \u00a0\u00bb<\/p>\n<p><img loading=\"lazy\" decoding=\"async\" class=\"aligncenter size-medium wp-image-9108\" src=\"http:\/\/www.semlh-morbihan.fr\/wordpress\/wp-content\/uploads\/2023\/07\/IMG_4695-600x400.jpg\" alt=\"\" width=\"600\" height=\"400\" srcset=\"http:\/\/www.semlh-morbihan.fr\/wordpress\/wp-content\/uploads\/2023\/07\/IMG_4695-600x400.jpg 600w, http:\/\/www.semlh-morbihan.fr\/wordpress\/wp-content\/uploads\/2023\/07\/IMG_4695-768x512.jpg 768w, http:\/\/www.semlh-morbihan.fr\/wordpress\/wp-content\/uploads\/2023\/07\/IMG_4695.jpg 1024w\" sizes=\"auto, (max-width: 600px) 100vw, 600px\" \/> <img loading=\"lazy\" decoding=\"async\" class=\"aligncenter size-medium wp-image-9107\" src=\"http:\/\/www.semlh-morbihan.fr\/wordpress\/wp-content\/uploads\/2023\/07\/IMG_4670-600x400.jpg\" alt=\"\" width=\"600\" height=\"400\" srcset=\"http:\/\/www.semlh-morbihan.fr\/wordpress\/wp-content\/uploads\/2023\/07\/IMG_4670-600x400.jpg 600w, http:\/\/www.semlh-morbihan.fr\/wordpress\/wp-content\/uploads\/2023\/07\/IMG_4670-768x512.jpg 768w, http:\/\/www.semlh-morbihan.fr\/wordpress\/wp-content\/uploads\/2023\/07\/IMG_4670.jpg 1024w\" sizes=\"auto, (max-width: 600px) 100vw, 600px\" \/> <img loading=\"lazy\" decoding=\"async\" class=\"aligncenter size-medium wp-image-9106\" src=\"http:\/\/www.semlh-morbihan.fr\/wordpress\/wp-content\/uploads\/2023\/07\/IMG_4798-600x400.jpg\" alt=\"\" width=\"600\" height=\"400\" srcset=\"http:\/\/www.semlh-morbihan.fr\/wordpress\/wp-content\/uploads\/2023\/07\/IMG_4798-600x400.jpg 600w, http:\/\/www.semlh-morbihan.fr\/wordpress\/wp-content\/uploads\/2023\/07\/IMG_4798-768x512.jpg 768w, http:\/\/www.semlh-morbihan.fr\/wordpress\/wp-content\/uploads\/2023\/07\/IMG_4798.jpg 1024w\" sizes=\"auto, (max-width: 600px) 100vw, 600px\" \/> <img loading=\"lazy\" decoding=\"async\" class=\"aligncenter size-medium wp-image-9105\" src=\"http:\/\/www.semlh-morbihan.fr\/wordpress\/wp-content\/uploads\/2023\/07\/IMG_4750-600x400.jpg\" alt=\"\" width=\"600\" height=\"400\" srcset=\"http:\/\/www.semlh-morbihan.fr\/wordpress\/wp-content\/uploads\/2023\/07\/IMG_4750-600x400.jpg 600w, http:\/\/www.semlh-morbihan.fr\/wordpress\/wp-content\/uploads\/2023\/07\/IMG_4750-768x512.jpg 768w, http:\/\/www.semlh-morbihan.fr\/wordpress\/wp-content\/uploads\/2023\/07\/IMG_4750.jpg 1024w\" sizes=\"auto, (max-width: 600px) 100vw, 600px\" \/> <img loading=\"lazy\" decoding=\"async\" class=\"aligncenter size-medium wp-image-9104\" src=\"http:\/\/www.semlh-morbihan.fr\/wordpress\/wp-content\/uploads\/2023\/07\/IMG_4680-600x400.jpg\" alt=\"\" width=\"600\" height=\"400\" srcset=\"http:\/\/www.semlh-morbihan.fr\/wordpress\/wp-content\/uploads\/2023\/07\/IMG_4680-600x400.jpg 600w, http:\/\/www.semlh-morbihan.fr\/wordpress\/wp-content\/uploads\/2023\/07\/IMG_4680-768x512.jpg 768w, http:\/\/www.semlh-morbihan.fr\/wordpress\/wp-content\/uploads\/2023\/07\/IMG_4680.jpg 1024w\" sizes=\"auto, (max-width: 600px) 100vw, 600px\" \/><\/p>\n<p>&nbsp;<\/p>\n<p style=\"text-align: center;\"><span style=\"text-decoration: underline;\"><strong>Article de Ouest-France du 15\/07\/2023<\/strong><\/span><\/p>\n<p><img loading=\"lazy\" decoding=\"async\" class=\"aligncenter size-full wp-image-9100\" src=\"http:\/\/www.semlh-morbihan.fr\/wordpress\/wp-content\/uploads\/2023\/08\/penthievre.jpg\" alt=\"\" width=\"575\" height=\"364\" \/><\/p>\n<p>Une d\u00e9l\u00e9gation compos\u00e9e de St\u00e9phane Hamon, maire de Plumelec\u00a0; Gilles Lamarre, adjoint au maire et correspondant d\u00e9fense\u00a0; Anne J\u00e9go et Paul Brunel, conseillers municipaux, ont particip\u00e9, jeudi, \u00e0 la c\u00e9r\u00e9monie qui s\u2019est tenue en m\u00e9moire des r\u00e9sistants fusill\u00e9s par les Allemands, \u00e0 cette m\u00eame date en 1944, au Fort de Penthi\u00e8vre, \u00e0 Saint-Pierre-Quiberon. Apr\u00e8s la c\u00e9r\u00e9monie religieuse, les \u00e9lus, les anciens combattants, les porte-drapeaux et les repr\u00e9sentants des autorit\u00e9s se sont retrouv\u00e9s autour du monument aux morts du Fort de Penthi\u00e8vre.<\/p>\n<p><strong>\u00ab\u00a0Chaque 13\u00a0juillet, nous sommes r\u00e9unis pour honorer ces 59\u00a0hommes. Soixante-dix-neuf ans apr\u00e8s, il faut perp\u00e9tuer leur m\u00e9moire. Gr\u00e2ce \u00e0 leur courage et \u00e0 leur sacrifice, nous poursuivrons le combat pour la paix\u00a0\u00bb,\u00a0<\/strong>a d\u00e9clar\u00e9 St\u00e9phanie Doyen, maire de Saint-Pierre-Quiberon.<\/p>\n<p>St\u00e9phane Hamon a d\u00e9pos\u00e9 une gerbe et a rendu hommage aux huit\u00a0M\u00e9l\u00e9ciens qui faisaient partie des 59\u00a0fusill\u00e9s du 13\u00a0juillet 1944\u00a0: Jean Brul\u00e9 (21\u00a0ans), Mathurin J\u00e9go (48\u00a0ans), Jean Le Coq (32\u00a0ans), Henri Le Gal (19\u00a0ans), Paul Lemaire (33\u00a0ans), Jean Mar\u00e9chal (21\u00a0ans), Henri Mounier (23\u00a0ans) et Robert Pichot (19\u00a0ans).<\/p>\n<p>&nbsp;<\/p>\n<p><img loading=\"lazy\" decoding=\"async\" class=\"aligncenter size-medium wp-image-9097\" src=\"http:\/\/www.semlh-morbihan.fr\/wordpress\/wp-content\/uploads\/2023\/08\/20230713_113806-600x277.jpg\" alt=\"\" width=\"600\" height=\"277\" \/><\/p>\n<p>&nbsp;<\/p>\n<p><img loading=\"lazy\" decoding=\"async\" class=\"aligncenter size-medium wp-image-9098\" src=\"http:\/\/www.semlh-morbihan.fr\/wordpress\/wp-content\/uploads\/2023\/08\/20230713_113811-277x600.jpg\" alt=\"\" width=\"277\" height=\"600\" srcset=\"http:\/\/www.semlh-morbihan.fr\/wordpress\/wp-content\/uploads\/2023\/08\/20230713_113811-277x600.jpg 277w, http:\/\/www.semlh-morbihan.fr\/wordpress\/wp-content\/uploads\/2023\/08\/20230713_113811-473x1024.jpg 473w, http:\/\/www.semlh-morbihan.fr\/wordpress\/wp-content\/uploads\/2023\/08\/20230713_113811-768x1662.jpg 768w, http:\/\/www.semlh-morbihan.fr\/wordpress\/wp-content\/uploads\/2023\/08\/20230713_113811-710x1536.jpg 710w, http:\/\/www.semlh-morbihan.fr\/wordpress\/wp-content\/uploads\/2023\/08\/20230713_113811-947x2048.jpg 947w, http:\/\/www.semlh-morbihan.fr\/wordpress\/wp-content\/uploads\/2023\/08\/20230713_113811-1218x2635.jpg 1218w, http:\/\/www.semlh-morbihan.fr\/wordpress\/wp-content\/uploads\/2023\/08\/20230713_113811-scaled.jpg 1183w\" sizes=\"auto, (max-width: 277px) 100vw, 277px\" \/><\/p>\n","protected":false},"excerpt":{"rendered":"<p>\u00ab\u00a0Apr\u00e8s la traditionnelle messe en plein air sur le site, c\u00e9l\u00e9br\u00e9e par le Recteur de Saint-Pierre Quiberon accompagn\u00e9 du Cur\u00e9 de Locmin\u00e9, la c\u00e9r\u00e9monie \u00e0&#8230;<\/p>\n","protected":false},"author":329,"featured_media":9104,"comment_status":"closed","ping_status":"open","sticky":false,"template":"","format":"standard","meta":{"footnotes":""},"categories":[495,342,1],"tags":[627],"class_list":["post-9096","post","type-post","status-publish","format-standard","has-post-thumbnail","hentry","category-ceremonies-comite-du-pays-dauray","category-comite-du-pays-dauray","category-non-classe","tag-comite-du-pays-dauray","wpcat-495-id","wpcat-342-id","wpcat-1-id"],"_links":{"self":[{"href":"http:\/\/www.semlh-morbihan.fr\/wordpress\/wp-json\/wp\/v2\/posts\/9096","targetHints":{"allow":["GET"]}}],"collection":[{"href":"http:\/\/www.semlh-morbihan.fr\/wordpress\/wp-json\/wp\/v2\/posts"}],"about":[{"href":"http:\/\/www.semlh-morbihan.fr\/wordpress\/wp-json\/wp\/v2\/types\/post"}],"author":[{"embeddable":true,"href":"http:\/\/www.semlh-morbihan.fr\/wordpress\/wp-json\/wp\/v2\/users\/329"}],"replies":[{"embeddable":true,"href":"http:\/\/www.semlh-morbihan.fr\/wordpress\/wp-json\/wp\/v2\/comments?post=9096"}],"version-history":[{"count":5,"href":"http:\/\/www.semlh-morbihan.fr\/wordpress\/wp-json\/wp\/v2\/posts\/9096\/revisions"}],"predecessor-version":[{"id":9109,"href":"http:\/\/www.semlh-morbihan.fr\/wordpress\/wp-json\/wp\/v2\/posts\/9096\/revisions\/9109"}],"wp:featuredmedia":[{"embeddable":true,"href":"http:\/\/www.semlh-morbihan.fr\/wordpress\/wp-json\/wp\/v2\/media\/9104"}],"wp:attachment":[{"href":"http:\/\/www.semlh-morbihan.fr\/wordpress\/wp-json\/wp\/v2\/media?parent=9096"}],"wp:term":[{"taxonomy":"category","embeddable":true,"href":"http:\/\/www.semlh-morbihan.fr\/wordpress\/wp-json\/wp\/v2\/categories?post=9096"},{"taxonomy":"post_tag","embeddable":true,"href":"http:\/\/www.semlh-morbihan.fr\/wordpress\/wp-json\/wp\/v2\/tags?post=9096"}],"curies":[{"name":"wp","href":"https:\/\/api.w.org\/{rel}","templated":true}]}}