{"id":9110,"date":"2023-05-30T18:06:30","date_gmt":"2023-05-30T16:06:30","guid":{"rendered":"http:\/\/www.semlh-morbihan.fr\/wordpress\/?p=9110"},"modified":"2023-08-05T18:09:14","modified_gmt":"2023-08-05T16:09:14","slug":"la-journee-du-marin-a-la-base-des-fusiliers-marins-de-lorient-lnester-le-24-mai-2023","status":"publish","type":"post","link":"http:\/\/www.semlh-morbihan.fr\/wordpress\/2023\/05\/30\/la-journee-du-marin-a-la-base-des-fusiliers-marins-de-lorient-lnester-le-24-mai-2023\/","title":{"rendered":"La journ\u00e9e du marin \u00e0 la base des fusiliers marins de Lorient-Lnester le 24 mai 2023"},"content":{"rendered":"<p>A l\u2019instar de l\u2019ensemble des unit\u00e9s de la marine nationale, la base des fusiliers marins et commandos a organis\u00e9, le 24 mai 2023, sa 10\u00e8me \u00e9dition de la Journ\u00e9e du marin.<\/p>\n<p>En matin\u00e9e, les fusiliers marins et commandos marine ont organis\u00e9 des \u00e9preuves sportives. Il y a eu un challenge Crossfit &#8211; <em>In memoriam<\/em> &#8211; en hommage aux commandos marine morts en op\u00e9ration, et un tournoi de volley. Les marins des diff\u00e9rentes entit\u00e9s rattach\u00e9s \u00e0 la base de Lanester (dont l\u2019\u00e9cole des fusiliers marins, le groupement de soutien de la base de d\u00e9fense, etc.) ont particip\u00e9 \u00e0 ces tournois.<\/p>\n<p>Les familles du personnel militaire et civil de la BASEFUSCO sont venues partager le d\u00e9jeuner.<\/p>\n<p>Le contre-amiral Pierre de Brian\u00e7on \u2013 ALFUSCO\/COMAR Lorient \u2013 a remerci\u00e9 les familles pour leur soutien actif envers les militaires en activit\u00e9 souvent d\u00e9ploy\u00e9s en op\u00e9rations ext\u00e9rieures.<\/p>\n<p>Puis il a r\u00e9compens\u00e9 trois laur\u00e9ats lorientais du 1<sup>er<\/sup> concours de <em>Contes des mille et un phares<\/em>.<\/p>\n<p>L&rsquo;organisation de ce concours cherche \u00e0 valoriser l&rsquo;esprit d&rsquo;entraide par le partage d&rsquo;exp\u00e9rience des familles au profit du d\u00e9veloppement de leurs comp\u00e9tences dans la gestion des situations du quotidien.<\/p>\n<p><strong>Concours de contes :<\/strong> Les contes des mille et un phares est organis\u00e9 par la Marine nationale (une \u00e9quipe de volontaires soutenue par le bureau CPM) avec le concours des \u00e9crivains de Marine.<\/p>\n<p><strong>Objectif du concours :<\/strong> Proposer aux familles de marins d&rsquo;\u00e9crire des contes \u00e0 destination des enfants \u00e9voquant des situations de mal-\u00eatre qu&rsquo;elles peuvent rencontrer au cours de leur vie de \u00ab\u00a0Familles de marins\u00a0\u00bb comme la gestion de l\u2019absence, le stress li\u00e9 au d\u00e9m\u00e9nagement ou les difficult\u00e9s d\u2019insertion scolaire.\u00a0 Les contes sont en effet un moyen pour les parents d&rsquo;aider leurs enfants \u00e0 d\u00e9passer les difficult\u00e9s susceptibles de perturber les enfants sur le plan \u00e9motionnel par le biais d&rsquo;histoires m\u00e9taphoriques.<\/p>\n<p>Un programme dense et diversifi\u00e9, l\u2019apr\u00e8s-midi,\u00a0 a permis des d\u00e9monstrations de savoir-faire op\u00e9rationnels de la Marine et aussi de rencontrer des responsables institutionnels et associatifs.<\/p>\n<p>Le bureau\u00a0 du\u00a0 Comit\u00e9 du\u00a0 Pays\u00a0 de Lorient\u00a0 de la SMLH\u00a0 \u00e9tait repr\u00e9sent\u00e9\u00a0 par 4\u00a0 membres , dont le\u00a0 pr\u00e9sient.<\/p>\n<p>C.V (H) guy Sinel\u00a0 pr\u00e9sident du Comit\u00e9 du Pays de Lorient de laSMLH.<\/p>\n","protected":false},"excerpt":{"rendered":"<p>A l\u2019instar de l\u2019ensemble des unit\u00e9s de la marine nationale, la base des fusiliers marins et commandos a organis\u00e9, le 24 mai 2023, sa 10\u00e8me&#8230;<\/p>\n","protected":false},"author":329,"featured_media":9112,"comment_status":"closed","ping_status":"open","sticky":false,"template":"","format":"standard","meta":{"footnotes":""},"categories":[355,343],"tags":[605],"class_list":["post-9110","post","type-post","status-publish","format-standard","has-post-thumbnail","hentry","category-actualites-comite-de-lorient","category-comite-de-lorient","tag-comite-smlh-du-pays-de-lorient","wpcat-355-id","wpcat-343-id"],"_links":{"self":[{"href":"http:\/\/www.semlh-morbihan.fr\/wordpress\/wp-json\/wp\/v2\/posts\/9110","targetHints":{"allow":["GET"]}}],"collection":[{"href":"http:\/\/www.semlh-morbihan.fr\/wordpress\/wp-json\/wp\/v2\/posts"}],"about":[{"href":"http:\/\/www.semlh-morbihan.fr\/wordpress\/wp-json\/wp\/v2\/types\/post"}],"author":[{"embeddable":true,"href":"http:\/\/www.semlh-morbihan.fr\/wordpress\/wp-json\/wp\/v2\/users\/329"}],"replies":[{"embeddable":true,"href":"http:\/\/www.semlh-morbihan.fr\/wordpress\/wp-json\/wp\/v2\/comments?post=9110"}],"version-history":[{"count":1,"href":"http:\/\/www.semlh-morbihan.fr\/wordpress\/wp-json\/wp\/v2\/posts\/9110\/revisions"}],"predecessor-version":[{"id":9111,"href":"http:\/\/www.semlh-morbihan.fr\/wordpress\/wp-json\/wp\/v2\/posts\/9110\/revisions\/9111"}],"wp:featuredmedia":[{"embeddable":true,"href":"http:\/\/www.semlh-morbihan.fr\/wordpress\/wp-json\/wp\/v2\/media\/9112"}],"wp:attachment":[{"href":"http:\/\/www.semlh-morbihan.fr\/wordpress\/wp-json\/wp\/v2\/media?parent=9110"}],"wp:term":[{"taxonomy":"category","embeddable":true,"href":"http:\/\/www.semlh-morbihan.fr\/wordpress\/wp-json\/wp\/v2\/categories?post=9110"},{"taxonomy":"post_tag","embeddable":true,"href":"http:\/\/www.semlh-morbihan.fr\/wordpress\/wp-json\/wp\/v2\/tags?post=9110"}],"curies":[{"name":"wp","href":"https:\/\/api.w.org\/{rel}","templated":true}]}}