{"id":9119,"date":"2023-08-24T19:51:37","date_gmt":"2023-08-24T17:51:37","guid":{"rendered":"http:\/\/www.semlh-morbihan.fr\/wordpress\/?p=9119"},"modified":"2023-08-28T16:47:27","modified_gmt":"2023-08-28T14:47:27","slug":"9119","status":"publish","type":"post","link":"http:\/\/www.semlh-morbihan.fr\/wordpress\/2023\/08\/24\/9119\/","title":{"rendered":"Championnat du monde militaire de rugby \u00e0 XV le  16 ao\u00fbt 2023 \u00e0 Pontivy"},"content":{"rendered":"<p style=\"text-align: center;\"><span style=\"text-decoration: underline;\"><strong>Championnat du monde militaire de rugby \u00e0 XV 16 Ao\u00fbt 2023<\/strong><\/span><\/p>\n<p style=\"text-align: justify;\">\u00a0\u00a0\u00a0\u00a0\u00a0\u00a0\u00a0\u00a0\u00a0\u00a0\u00a0\u00a0\u00a0\u00a0\u00a0\u00a0\u00a0\u00a0 Le 16 Ao\u00fbt dernier, la ville de Pontivy accueillait la c\u00e9r\u00e9monie d&rsquo;ouverture du championnat du monde militaire de rugby \u00e0 XV. \u00c0 11 heures les d\u00e9l\u00e9gations des 12 Nations participantes ont \u00e9t\u00e9 accueillies\u00a0 au palais des congr\u00e8s. L&rsquo; apr\u00e8s midi la c\u00e9r\u00e9monie d&rsquo;ouverture s&rsquo;est d\u00e9roul\u00e9e sur la plaine en pr\u00e9sence des autorit\u00e9s pr\u00e9fectorales, de madame la d\u00e9put\u00e9e, de madame la maire de Pontivy ainsi que des autorit\u00e9s militaires et civiles, le g\u00e9n\u00e9ral de corps d&rsquo;arm\u00e9e Laurent MICHON, officier g\u00e9n\u00e9ral de zone de d\u00e9fense et de s\u00e9curit\u00e9 ouest, le g\u00e9n\u00e9ral de brigade Paul SANZEY, commissaire aux sports militaires, M. Fabrice QU\u00c9N\u00c9HERV\u00c9, pr\u00e9sident de la ligue r\u00e9gionale Bretagne de rugby.<\/p>\n<p style=\"text-align: justify;\">Apr\u00e8s le d\u00e9fil\u00e9 des 12 d\u00e9l\u00e9gations et l&rsquo;arriv\u00e9e des parachutistes de l&rsquo;\u00e9quipe de France militaire avec les drapeaux des nations participantes, le bagad de Lann-Bihou\u00e9 a donn\u00e9 l\u2019aubade.<\/p>\n<p style=\"text-align: justify;\">A 17h30 un match de Gala a oppos\u00e9 une s\u00e9lection de militaires du pacifique \u00e0 une \u00e9quipe de jeunes rugbymans de la ligue de bretagne de rugby. Quelques images de la journ\u00e9e illustrent cette belle journ\u00e9e ensoleill\u00e9e.<\/p>\n<p>Jo Rouxel<\/p>\n<p>Pr\u00e9sident du comit\u00e9 du Pays de Pontivy.<\/p>\n<figure id=\"attachment_9126\" aria-describedby=\"caption-attachment-9126\" style=\"width: 600px\" class=\"wp-caption aligncenter\"><img loading=\"lazy\" decoding=\"async\" class=\"size-medium wp-image-9126\" src=\"http:\/\/www.semlh-morbihan.fr\/wordpress\/wp-content\/uploads\/2023\/08\/Le-bagad-de-Lann-Bihoue-600x338.jpg\" alt=\"\" width=\"600\" height=\"338\" srcset=\"http:\/\/www.semlh-morbihan.fr\/wordpress\/wp-content\/uploads\/2023\/08\/Le-bagad-de-Lann-Bihoue-600x338.jpg 600w, http:\/\/www.semlh-morbihan.fr\/wordpress\/wp-content\/uploads\/2023\/08\/Le-bagad-de-Lann-Bihoue-768x432.jpg 768w, http:\/\/www.semlh-morbihan.fr\/wordpress\/wp-content\/uploads\/2023\/08\/Le-bagad-de-Lann-Bihoue.jpg 1024w\" sizes=\"auto, (max-width: 600px) 100vw, 600px\" \/><figcaption id=\"caption-attachment-9126\" class=\"wp-caption-text\">Aubade donn\u00e9e par le bagad de Lann Bihou\u00e9<\/figcaption><\/figure>\n<figure id=\"attachment_9125\" aria-describedby=\"caption-attachment-9125\" style=\"width: 600px\" class=\"wp-caption aligncenter\"><img loading=\"lazy\" decoding=\"async\" class=\"size-medium wp-image-9125\" src=\"http:\/\/www.semlh-morbihan.fr\/wordpress\/wp-content\/uploads\/2023\/08\/larrivee-des-drapeaux-des-nations-participantes-600x338.jpg\" alt=\"\" width=\"600\" height=\"338\" srcset=\"http:\/\/www.semlh-morbihan.fr\/wordpress\/wp-content\/uploads\/2023\/08\/larrivee-des-drapeaux-des-nations-participantes-600x338.jpg 600w, http:\/\/www.semlh-morbihan.fr\/wordpress\/wp-content\/uploads\/2023\/08\/larrivee-des-drapeaux-des-nations-participantes-768x432.jpg 768w, http:\/\/www.semlh-morbihan.fr\/wordpress\/wp-content\/uploads\/2023\/08\/larrivee-des-drapeaux-des-nations-participantes.jpg 1024w\" sizes=\"auto, (max-width: 600px) 100vw, 600px\" \/><figcaption id=\"caption-attachment-9125\" class=\"wp-caption-text\">L&rsquo;arriv\u00e9e des drapeaux des nations participantes<\/figcaption><\/figure>\n<figure id=\"attachment_9124\" aria-describedby=\"caption-attachment-9124\" style=\"width: 600px\" class=\"wp-caption aligncenter\"><img loading=\"lazy\" decoding=\"async\" class=\"size-medium wp-image-9124\" src=\"http:\/\/www.semlh-morbihan.fr\/wordpress\/wp-content\/uploads\/2023\/08\/echange-des-autorites-avec-un-officier-Australien-600x338.jpg\" alt=\"\" width=\"600\" height=\"338\" srcset=\"http:\/\/www.semlh-morbihan.fr\/wordpress\/wp-content\/uploads\/2023\/08\/echange-des-autorites-avec-un-officier-Australien-600x338.jpg 600w, http:\/\/www.semlh-morbihan.fr\/wordpress\/wp-content\/uploads\/2023\/08\/echange-des-autorites-avec-un-officier-Australien-768x432.jpg 768w, http:\/\/www.semlh-morbihan.fr\/wordpress\/wp-content\/uploads\/2023\/08\/echange-des-autorites-avec-un-officier-Australien.jpg 1024w\" sizes=\"auto, (max-width: 600px) 100vw, 600px\" \/><figcaption id=\"caption-attachment-9124\" class=\"wp-caption-text\">\u00e9change des autorit\u00e9s avec un officier australien<\/figcaption><\/figure>\n<figure id=\"attachment_9123\" aria-describedby=\"caption-attachment-9123\" style=\"width: 600px\" class=\"wp-caption aligncenter\"><img loading=\"lazy\" decoding=\"async\" class=\"size-medium wp-image-9123\" src=\"http:\/\/www.semlh-morbihan.fr\/wordpress\/wp-content\/uploads\/2023\/08\/des-rugbymans-Japonais-600x338.jpg\" alt=\"\" width=\"600\" height=\"338\" srcset=\"http:\/\/www.semlh-morbihan.fr\/wordpress\/wp-content\/uploads\/2023\/08\/des-rugbymans-Japonais-600x338.jpg 600w, http:\/\/www.semlh-morbihan.fr\/wordpress\/wp-content\/uploads\/2023\/08\/des-rugbymans-Japonais-768x432.jpg 768w, http:\/\/www.semlh-morbihan.fr\/wordpress\/wp-content\/uploads\/2023\/08\/des-rugbymans-Japonais.jpg 1024w\" sizes=\"auto, (max-width: 600px) 100vw, 600px\" \/><figcaption id=\"caption-attachment-9123\" class=\"wp-caption-text\">des rugbymans japonais<\/figcaption><\/figure>\n<figure id=\"attachment_9122\" aria-describedby=\"caption-attachment-9122\" style=\"width: 600px\" class=\"wp-caption aligncenter\"><img loading=\"lazy\" decoding=\"async\" class=\"size-medium wp-image-9122\" src=\"http:\/\/www.semlh-morbihan.fr\/wordpress\/wp-content\/uploads\/2023\/08\/rencontre-dee-lequipe-de-frence-avec-la-selection-du-pacifique-600x338.jpg\" alt=\"\" width=\"600\" height=\"338\" srcset=\"http:\/\/www.semlh-morbihan.fr\/wordpress\/wp-content\/uploads\/2023\/08\/rencontre-dee-lequipe-de-frence-avec-la-selection-du-pacifique-600x338.jpg 600w, http:\/\/www.semlh-morbihan.fr\/wordpress\/wp-content\/uploads\/2023\/08\/rencontre-dee-lequipe-de-frence-avec-la-selection-du-pacifique-768x432.jpg 768w, http:\/\/www.semlh-morbihan.fr\/wordpress\/wp-content\/uploads\/2023\/08\/rencontre-dee-lequipe-de-frence-avec-la-selection-du-pacifique.jpg 1024w\" sizes=\"auto, (max-width: 600px) 100vw, 600px\" \/><figcaption id=\"caption-attachment-9122\" class=\"wp-caption-text\">Rencontre de l&rsquo;\u00e9quipe de France avec la s\u00e9lection du pacifique<\/figcaption><\/figure>\n<figure id=\"attachment_9121\" aria-describedby=\"caption-attachment-9121\" style=\"width: 600px\" class=\"wp-caption aligncenter\"><img loading=\"lazy\" decoding=\"async\" class=\"size-medium wp-image-9121\" src=\"http:\/\/www.semlh-morbihan.fr\/wordpress\/wp-content\/uploads\/2023\/08\/le-general-de-cops-darmee-Michon-600x338.jpg\" alt=\"\" width=\"600\" height=\"338\" srcset=\"http:\/\/www.semlh-morbihan.fr\/wordpress\/wp-content\/uploads\/2023\/08\/le-general-de-cops-darmee-Michon-600x338.jpg 600w, http:\/\/www.semlh-morbihan.fr\/wordpress\/wp-content\/uploads\/2023\/08\/le-general-de-cops-darmee-Michon-768x432.jpg 768w, http:\/\/www.semlh-morbihan.fr\/wordpress\/wp-content\/uploads\/2023\/08\/le-general-de-cops-darmee-Michon.jpg 1024w\" sizes=\"auto, (max-width: 600px) 100vw, 600px\" \/><figcaption id=\"caption-attachment-9121\" class=\"wp-caption-text\">Le g\u00e9n\u00e9ral de corps d&rsquo;Arm\u00e9e Michon<\/figcaption><\/figure>\n","protected":false},"excerpt":{"rendered":"<p>Championnat du monde militaire de rugby \u00e0 XV 16 Ao\u00fbt 2023 \u00a0\u00a0\u00a0\u00a0\u00a0\u00a0\u00a0\u00a0\u00a0\u00a0\u00a0\u00a0\u00a0\u00a0\u00a0\u00a0\u00a0\u00a0 Le 16 Ao\u00fbt dernier, la ville de Pontivy accueillait la c\u00e9r\u00e9monie d&rsquo;ouverture du&#8230;<\/p>\n","protected":false},"author":329,"featured_media":9125,"comment_status":"closed","ping_status":"open","sticky":false,"template":"","format":"standard","meta":{"footnotes":""},"categories":[361,345],"tags":[],"class_list":["post-9119","post","type-post","status-publish","format-standard","has-post-thumbnail","hentry","category-actualites-comite-du-pays-de-pontivy","category-comite-du-pays-de-pontivy","wpcat-361-id","wpcat-345-id"],"_links":{"self":[{"href":"http:\/\/www.semlh-morbihan.fr\/wordpress\/wp-json\/wp\/v2\/posts\/9119","targetHints":{"allow":["GET"]}}],"collection":[{"href":"http:\/\/www.semlh-morbihan.fr\/wordpress\/wp-json\/wp\/v2\/posts"}],"about":[{"href":"http:\/\/www.semlh-morbihan.fr\/wordpress\/wp-json\/wp\/v2\/types\/post"}],"author":[{"embeddable":true,"href":"http:\/\/www.semlh-morbihan.fr\/wordpress\/wp-json\/wp\/v2\/users\/329"}],"replies":[{"embeddable":true,"href":"http:\/\/www.semlh-morbihan.fr\/wordpress\/wp-json\/wp\/v2\/comments?post=9119"}],"version-history":[{"count":5,"href":"http:\/\/www.semlh-morbihan.fr\/wordpress\/wp-json\/wp\/v2\/posts\/9119\/revisions"}],"predecessor-version":[{"id":9146,"href":"http:\/\/www.semlh-morbihan.fr\/wordpress\/wp-json\/wp\/v2\/posts\/9119\/revisions\/9146"}],"wp:featuredmedia":[{"embeddable":true,"href":"http:\/\/www.semlh-morbihan.fr\/wordpress\/wp-json\/wp\/v2\/media\/9125"}],"wp:attachment":[{"href":"http:\/\/www.semlh-morbihan.fr\/wordpress\/wp-json\/wp\/v2\/media?parent=9119"}],"wp:term":[{"taxonomy":"category","embeddable":true,"href":"http:\/\/www.semlh-morbihan.fr\/wordpress\/wp-json\/wp\/v2\/categories?post=9119"},{"taxonomy":"post_tag","embeddable":true,"href":"http:\/\/www.semlh-morbihan.fr\/wordpress\/wp-json\/wp\/v2\/tags?post=9119"}],"curies":[{"name":"wp","href":"https:\/\/api.w.org\/{rel}","templated":true}]}}