{"id":9130,"date":"2023-06-30T20:15:39","date_gmt":"2023-06-30T18:15:39","guid":{"rendered":"http:\/\/www.semlh-morbihan.fr\/wordpress\/?p=9130"},"modified":"2023-08-24T20:17:28","modified_gmt":"2023-08-24T18:17:28","slug":"journee-legion-dhonneur-organisee-a-lorient-le-14-juin-2023","status":"publish","type":"post","link":"http:\/\/www.semlh-morbihan.fr\/wordpress\/2023\/06\/30\/journee-legion-dhonneur-organisee-a-lorient-le-14-juin-2023\/","title":{"rendered":"Journ\u00e9e l\u00e9gion d&rsquo;honneur organis\u00e9e \u00e0 Lorient le 14 juin 2023"},"content":{"rendered":"<p>&nbsp;<\/p>\n<p style=\"text-align: center;\"><a href=\"http:\/\/www.semlh-morbihan.fr\/wordpress\/wp-content\/uploads\/2023\/08\/Journee-anniversaire-de-la-Legion-dhonneur-du-14-juin-2023-articlke-la-co.-smlh.docx\">Journ\u00e9e anniversaire de la L\u00e9gion dhonneur du 14 juin 2023- article la co&#8230; smlh<\/a><\/p>\n<p style=\"text-align: center;\">Discours de M Guy Sinel, pr\u00e9sident du comit\u00e9 de Lorient de la SMLH \u00e0 l\u2019occasion de la Journ\u00e9e de la L\u00e9gion d\u2019honneur, \u00e0 Lorient le 1 4 juin 2023.<\/p>\n<p>&#8211;0&#8211;<\/p>\n<p>Avant de vous dire quelques mots sur la LH et la SMLH, je vais revenir sur la mise en place de l\u2019\u00e9v\u00e8nement de ce jour.<\/p>\n<p>L\u2019ann\u00e9e derni\u00e8re pour la c\u00e9l\u00e9bration du Centenaire de la cr\u00e9ation de la Soci\u00e9t\u00e9 d\u2019Entraide des Membres de la L\u00e9gion d\u2019Honneur (aujourd\u2019hui, SMLH), le comit\u00e9 de Lorient, en partenariat avec la Ville de Lorient, avait organis\u00e9 une c\u00e9r\u00e9monie au Rondpoint de la LH, puis une r\u00e9union en Mairie.<\/p>\n<p>Aussi, il nous a sembl\u00e9 int\u00e9ressant de mettre en place une c\u00e9r\u00e9monie, chaque ann\u00e9e, avec d\u00e9p\u00f4t de gerbe au rond-point, suivi d\u2019une r\u00e9union en Maire, avec pr\u00e9sentation de Lorient, ville d\u00e9cor\u00e9e de LH, puis de la LH et aussi de \u00a0\u00a0montrer l\u2019EXEMPARITE d\u2019un Lorientais d\u00e9cor\u00e9 de la LH, en retra\u00e7ant les services \u00e9minents qu\u2019il a rendus envers ses concitoyens.<\/p>\n<p>Notre proposition a \u00e9t\u00e9 accept\u00e9e avec plaisir par le Maire de Lorient, qui \u00e0 cette occasion, a tenu \u00e0 souligner que les objectifs que nous poursuivons \u00e9taient partag\u00e9s par lui -m\u00eame et l\u2019\u00e9quipe municipale.<\/p>\n<p>&nbsp;<\/p>\n<p>Je tiens donc \u00e0 remercier\u00a0:<\/p>\n<p>* la Ville de Lorient, d\u00e9cor\u00e9e de la LH, son maire et toute son \u00e9quipe, pour leur soutien \u00e0 cette action commune,<\/p>\n<p>*Le pr\u00e9sident de la CCIM\u00a0\u00a0 M. Philippe Rouault,<\/p>\n<p>*les membres de la famille de M. Emile Marcesche, que je salue.<\/p>\n<p>*les professeurs et les jeunes des Cadets de la s\u00e9curit\u00e9 du coll\u00e8ge de Tr\u00e9faven qui, par leur pr\u00e9sence, nous d\u00e9montrent que l\u2019esprit citoyen est fort dans les g\u00e9n\u00e9rations qui ont en charge de nous succ\u00e9der,<\/p>\n<p>*Et enfin l\u2019harmonie municipale pour le concert qu\u2019elle va nous offrir dans quelques minutes.<\/p>\n<p>&nbsp;<\/p>\n<ul>\n<li><strong>H.\u00a0\u00a0\u00a0\u00a0\u00a0\u00a0\u00a0\u00a0\u00a0\u00a0\u00a0\u00a0\u00a0 <\/strong><\/li>\n<\/ul>\n<p>La L\u00e9gion d \u2018Honneur, institution honorifique bicentenaire constitue un rep\u00e8re essentiel dans la soci\u00e9t\u00e9 fran\u00e7aise.<\/p>\n<p>En 1802, c\u2019est bien l\u2019excellence et le m\u00e9rite que voulait r\u00e9compenser le 1 er Consul Bonaparte, dans la lign\u00e9e des \u00a0\u00a0\u00a0\u00a0\u00a0\u00a0\u00a0\u00a0\u00a0\u00a0\u00a0\u00a0Ordres royaux abolis par la r\u00e9volution, afin de distinguer les plus m\u00e9ritants en cr\u00e9ant l\u2019Ordre de la L\u00e9gion d\u2019Honneur.<\/p>\n<p>\u00ab\u00a0Il faut, disait-il, un ordre qui soit le signe de la vertu, de l\u2019honneur et de l\u2019H\u00e9ro\u00efsme, une distinction qui serve \u00e0 la fois la bravoure militaire et le service civil. Car, si l\u2019on distinguait les civils et les militaires, on \u00e9tablirait deux ordres, alors qu\u2018il n\u2019y a qu\u2019une Nation\u00a0\u00bb.<\/p>\n<p>Si elle a majoritairement r\u00e9compens\u00e9 jusqu\u2018\u00e0 la fin des conflits du 20 \u00e8me si\u00e8cle, celles et ceux qui se sont battus\u00a0\u00a0 pour la France, la LH s\u2019est toujours faite le reflet de la soci\u00e9t\u00e9.<\/p>\n<p>Elle a accompagn\u00e9 son \u00e9volution au fil des d\u00e9cennies, ouvrant ses rangs aux femmes, aux nouvelles activit\u00e9s de l\u2019\u00e9conomie ainsi qu\u2019\u00e0 des cat\u00e9gories plus modestes.<\/p>\n<p>Comme l\u2019a voulu son fondateur, la LH continue de r\u00e9compenser des m\u00e9rites \u00e9minents de citoyennes et de \u00a0\u00a0citoyens de toutes conditions sous le signe de l\u2019honneur et de la fid\u00e9lit\u00e9.<\/p>\n<p>La LH est la plus haute des distinctions nationales et compte actuellement 90\u00a0000 d\u00e9cor\u00e9s. Le plus remarquable est peut-\u00eatre que le PRESTIGE qui d\u00e8s l\u2019origine l\u2019a accompagn\u00e9, lui a permis de survivre \u00e0 toutes les crises, \u00e0 tous les drames et \u00e0 tous les r\u00e9gimes que la France a connus depuis plus de deux si\u00e8cles.<\/p>\n<p>&nbsp;<\/p>\n<p>Pour conclure sur la LH, je citerai un ancien pr\u00e9sident de la R\u00e9publique, grand ma\u00eetre de l\u2019ordre de la LH, es-qualit\u00e9 : dans la pr\u00e9face d\u2019un livre pr\u00e9sentant la LH, le pr\u00e9sident Chirac \u00e9crivait notamment\u00a0:<\/p>\n<p>\u00ab Une croix blanche suspendue \u00e0 un ruban rouge qui rassemble toutes celles et tous ceux dont les services \u00e9minents font la fiert\u00e9 de la France.<\/p>\n<p>Une croix blanche et son ruban rouge qui d\u00e9signent l\u2019excellence au service du Pays.<\/p>\n<p>Une petite croix au ruban rouge dont la r\u00e9sonance est universelle car elle distingue son \u00e9lite de femmes et d\u2019hommes qui, par leur courage, leur intelligence, leur d\u00e9vouement et leur g\u00e9n\u00e9rosit\u00e9, b\u00e2tissent jour apr\u00e8s jour et chacun dans leur domaine, l\u2019avenir de la France.<\/p>\n<p>Voil\u00e0 ce que repr\u00e9sente la L\u00e9gion d\u2019Honneur.\u00a0\u00bb<\/p>\n<p>&nbsp;<\/p>\n<p><strong>2- SMLH\u00a0\u00a0 <\/strong>\u00a0\u00a0\u00a0\u00a0\u00a0\u00a0\u00a0\u00a0\u00a0\u00a0\u00a0\u00a0\u00a0\u00a0\u00a0\u00a0\u00a0\u00a0\u00a0\u00a0\u00a0\u00a0\u00a0\u00a0\u00a0\u00a0\u00a0\u00a0\u00a0\u00a0\u00a0\u00a0\u00a0\u00a0\u00a0\u00a0\u00a0\u00a0\u00a0\u00a0\u00a0\u00a0\u00a0\u00a0\u00a0\u00a0\u00a0\u00a0\u00a0\u00a0\u00a0\u00a0\u00a0\u00a0\u00a0\u00a0\u00a0\u00a0\u00a0\u00a0\u00a0\u00a0\u00a0\u00a0\u00a0\u00a0\u00a0\u00a0\u00a0\u00a0\u00a0\u00a0\u00a0\u00a0\u00a0\u00a0\u00a0\u00a0\u00a0\u00a0\u00a0\u00a0\u00a0\u00a0\u00a0\u00a0\u00a0\u00a0\u00a0\u00a0\u00a0\u00a0\u00a0\u00a0\u00a0\u00a0\u00a0\u00a0\u00a0\u00a0\u00a0\u00a0\u00a0\u00a0\u00a0\u00a0\u00a0\u00a0\u00a0\u00a0\u00a0\u00a0\u00a0\u00a0\u00a0\u00a0\u00a0\u00a0\u00a0\u00a0\u00a0\u00a0\u00a0\u00a0\u00a0\u00a0\u00a0\u00a0\u00a0\u00a0\u00a0\u00a0\u00a0\u00a0\u00a0\u00a0\u00a0\u00a0\u00a0\u00a0\u00a0\u00a0\u00a0\u00a0\u00a0\u00a0\u00a0\u00a0\u00a0\u00a0\u00a0\u00a0\u00a0\u00a0\u00a0\u00a0\u00a0\u00a0\u00a0\u00a0\u00a0\u00a0\u00a0\u00a0\u00a0\u00a0Au lendemain de la Grande guerre, le g\u00e9n\u00e9ral d\u2019arm\u00e9e Dubail, grand chancelier de l\u2019ordre de la LH, \u00e9mu de la situation mat\u00e9rielle tr\u00e8s modeste d\u2019un grand nombre d\u2019anciens combattants d\u00e9cor\u00e9s de la LH ou de leurs veuves, a propos\u00e9 de cr\u00e9er la Soci\u00e9t\u00e9\u00a0 des\u00a0 Membres\u00a0 de la\u00a0 L\u00e9gion d\u2019Honneur (SMLH).<\/p>\n<p>Fix\u00e9s depuis 1921, les 5 piliers de la SMLH continuent d\u2019inspirer l\u2019action de ses adh\u00e9rents\u00a0:<\/p>\n<p>Rassembler, rayonner, s\u2018engager, promouvoir et aider.<\/p>\n<p>Pour la SMLH, la d\u00e9coration\u00a0\u00a0 repr\u00e9sente \u00ab\u00a0UN POINT DE DEPART POUR DE NOUVELLES ACTIONS ET NON UNE FIN EN FORME DE CONSECRATION\u00a0\u00bb.\u00a0 Cette r\u00e9compense OBLIGE celle ou celui qui la re\u00e7oit.<\/p>\n<p><strong>La SMLH aujourd\u2019hui\u00a0:\u00a0 100 ANS AU C\u0152UR de la NATION<\/strong><\/p>\n<p>Depuis un si\u00e8cle, la SMLH anime cette communaut\u00e9 des d\u00e9cor\u00e9s de la LH qui, chaque jour sur le terrain, soutient les plus fragiles, multiplie les initiatives solidaires et citoyennes, transmet aux plus jeunes les enseignements de notre Histoire et fait rayonner les valeurs de la LH. Elle contribue au renforcement de la coh\u00e9sion nationale, en particulier sous l\u2019angle interg\u00e9n\u00e9rationnel, et du lien social sous toutes ses formes.<\/p>\n<p>L\u2019engagement de ses membres soci\u00e9taires s\u2019inscrit dans une d\u00e9marche solidaire, civique et ouverte sur la soci\u00e9t\u00e9 et son avenir.\u00a0 Il est un formidable stimulant pour ceux qui s\u2019impliquent dans les actions sur le front de la Solidarit\u00e9, comme les 40 000 soci\u00e9taires de la SMLH se r\u00e9partissant en France et \u00e0 l\u2018\u00e9tranger.\u00a0 Ils se battent au sein de 160 sections, r\u00e9parties en 600 comit\u00e9s, un maillage unique \u00e0 travers le pays pour faire rayonner la solidarit\u00e9 et l\u2018entraide au prisme des valeurs que porte la LH.<\/p>\n<p>&nbsp;<\/p>\n<p><strong>En Morbihan et \u00e0 LORIENT\u00a0: \u00a0\u00a0\u00a0des actions<\/strong><\/p>\n<p>La section SMLH du Morbihan comprend cinq comit\u00e9s. Ce maillage de pr\u00e8s de 600 soci\u00e9taires permet une assistance et des visites aupr\u00e8s des soci\u00e9taires \u00e2g\u00e9s ou en difficult\u00e9.<\/p>\n<p>Les comit\u00e9s participent avec leur drapeau aux c\u00e9r\u00e9monies patriotiques dans plusieurs villes du d\u00e9partement et notamment \u00e0\u00a0\u00a0 Lorient.<\/p>\n<p>La SMLH est, en outre, pr\u00e9sente par le \u00ab\u00a0Rayonnement\u00a0\u00bb et les activit\u00e9s de\u00a0\u00bb l\u2019Honneur en Action\u00a0\u00bb.<\/p>\n<p><strong>Rayonnement\u00a0\u00a0\u00a0 <\/strong>\u00a0\u00a0\u00a0\u00a0\u00a0\u00a0\u00a0\u00a0\u00a0\u00a0\u00a0\u00a0\u00a0\u00a0\u00a0\u00a0\u00a0\u00a0\u00a0\u00a0\u00a0\u00a0\u00a0\u00a0\u00a0\u00a0\u00a0\u00a0\u00a0\u00a0\u00a0\u00a0\u00a0\u00a0\u00a0\u00a0\u00a0\u00a0\u00a0\u00a0\u00a0\u00a0\u00a0\u00a0\u00a0\u00a0\u00a0\u00a0\u00a0\u00a0\u00a0\u00a0\u00a0\u00a0\u00a0\u00a0\u00a0\u00a0\u00a0\u00a0\u00a0\u00a0\u00a0\u00a0\u00a0\u00a0\u00a0\u00a0\u00a0\u00a0\u00a0\u00a0\u00a0\u00a0\u00a0\u00a0\u00a0\u00a0\u00a0\u00a0\u00a0\u00a0\u00a0\u00a0\u00a0\u00a0\u00a0\u00a0\u00a0\u00a0\u00a0\u00a0\u00a0\u00a0\u00a0\u00a0\u00a0\u00a0\u00a0\u00a0\u00a0\u00a0\u00a0\u00a0\u00a0\u00a0\u00a0\u00a0\u00a0\u00a0\u00a0\u00a0\u00a0\u00a0\u00a0\u00a0\u00a0\u00a0\u00a0\u00a0\u00a0\u00a0\u00a0\u00a0\u00a0\u00a0\u00a0\u00a0\u00a0\u00a0\u00a0\u00a0\u00a0\u00a0\u00a0\u00a0\u00a0\u00a0\u00a0\u00a0\u00a0\u00a0\u00a0\u00a0\u00a0\u00a0\u00a0Notre Comit\u00e9 a mis en place des conf\u00e9rences, auxquelles sont invit\u00e9es les membres de la SMLH, et ouverte aux autres ordres.<\/p>\n<p>Les th\u00e8mes expos\u00e9s sont vari\u00e9s comme par exemple \u00ab\u00a0la cr\u00e9ation de Lorient\u00a0\u00bb, la SNSM \u00a0\u00a0ou encore\u00a0\u00a0 celle prononc\u00e9e l\u2019ann\u00e9e derni\u00e8re par\u00a0\u00a0 M.\u00a0 Philippe Rouault, pr\u00e9sident de la Chambre de Commerce et d\u2019Industrie du Morbihan, sur le th\u00e8me \u00ab La CCIM son r\u00f4le hier et aujourd\u2018hui et ses perspectives d\u2019avenir\u00a0\u00bb.<\/p>\n<p><strong>L\u2019HONNEUR en ACTION<\/strong>\u00a0:\u00a0 Cette initiative a pour but d\u2019effectuer des actions au service de la soci\u00e9t\u00e9 civile, des projets concrets impliquant personnellement et significativement des d\u00e9cor\u00e9s de l\u2019ordre.<\/p>\n<p>* <u>Devenir Fran\u00e7ais<\/u><\/p>\n<p>La SMLH du Morbihan assure dans ce cadre, depuis 2014, des sessions d\u2019information, des rencontres au profit des personnes du Morbihan qui souhaitent devenir Fran\u00e7ais. L\u2019objectif est de mieux leur faire conna\u00eetre l\u2019histoire de France, les valeurs r\u00e9publicaines et les administrations ainsi que le fonctionnement de notre pays.<\/p>\n<p>Ainsi, l\u2019association a d\u00e9j\u00e0 apport\u00e9 son soutien \u00e0 plus de 400 \u00e9trangers, et ce, gr\u00e2ce \u00e0 la participation d\u2019une quinzaine d\u2019intervenants, d\u00e9cor\u00e9s de la .H<\/p>\n<p>* <u>Actions prim\u00e9es<\/u><\/p>\n<p>La SMLH organise chaque ann\u00e9e un concours, au niveau national, pour primer et valoriser des actions locales\u00a0:<\/p>\n<p>* \u00a0En 2018, notre projet, au profit du centre de Kerpape a \u00e9t\u00e9 prim\u00e9 ; l\u2019objectif \u00e9tait de contribuer au progr\u00e8s soci\u00e9tal et \u00e0 l\u2019insertion sociale des personnes en situation de handicap par l\u2018enseignement et la ma\u00eetrise des outils informatiques. Le prix obtenu a permis de participer \u00e0 l\u2019achat, la mise en place et au d\u00e9marrage des cours bureautiques.<\/p>\n<p>* En 2021, nouveau projet au profit du Lyc\u00e9e professionnel keranna de Kervignac, en soutenant le programme p\u00e9dagogique qui vise \u00e0 redonner confiance \u00e0 des jeunes ayant des troubles de langage et de l \u2018apprentissage. Cette aide a permis d\u2019acheter du mat\u00e9riel p\u00e9dagogique, mais est aussi compl\u00e9t\u00e9e par l\u2019organisation d\u2019interventions aupr\u00e8s des \u00e9l\u00e8ves sur le Civisme.<\/p>\n<p>* Plus r\u00e9cemment notre Comit\u00e9 a \u00e9t\u00e9 laur\u00e9at pour son projet \u00ab\u00a0 formaliser et officialiser le lien entre les cadets de la s\u00e9curit\u00e9 civile du Coll\u00e8ge de Tr\u00e9faven (Lorient ) et notre Comit\u00e9.<\/p>\n<p>Il prend appui sur cinq temps forts\u00a0; la pr\u00e9sentation de la citoyennet\u00e9, la pr\u00e9paration aux c\u00e9r\u00e9monies comm\u00e9moratives, la pr\u00e9paration du voyage \u00e0 Ouistreham, l\u2019organisation d\u2019un jury avec pr\u00e9sentation par les cadets de leur parcours de formation et la remise des dipl\u00f4mes en fin d\u2019ann\u00e9e<\/p>\n<p>Plusieurs membres de notre comit\u00e9 continuent de s\u2019impliquer aupr\u00e8s des Cadets.<\/p>\n<p>Et, nous avons aussi d\u2019autres actions envers La JEUNESSE, ces jeunes qui sont l\u2019avenir de notre soci\u00e9t\u00e9\u00a0:<\/p>\n<p><u>\u00a0La PMM Lorient<\/u><\/p>\n<p>La PMM Amiral Ronarc\u2019h bas\u00e9e \u00e0 Lanester, support\u00e9e par l\u2019Ecole des Fusiliers Marins et des Commandos, regroupe cette ann\u00e9e 45 stagiaires \u00a0, dont un tiers\u00a0 de jeunes femmes, qui vont d\u00e9couvrir le m\u00e9tier de marine . Nous intervenons chaque ann\u00e9e pour pr\u00e9senter aux stagiaires la LH, les ordres nationaux et minist\u00e9riels, ainsi que l\u2019esprit de d\u00e9fense.<\/p>\n<p>&nbsp;<\/p>\n<p><u>La Fondation UN AVENIR ENSEMBLE<\/u><\/p>\n<p>Cette fondation a \u00e9t\u00e9 mise en place par la grande Chancellerie de LH et a pour but de soutenir de jeunes boursiers m\u00e9ritants de la classe de seconde jusqu\u2019\u00e0 leur entr\u00e9e dans la vie active. Ils b\u00e9n\u00e9ficient d \u2018un accompagnement que leur environnement ne peut leur offrir, par le biais d\u2019un parrainage de d\u00e9cor\u00e9s de la Nation.<\/p>\n<p>En transmettant leur exp\u00e9rience et leurs valeurs ,en les conseillant avec\u00a0 bienveillance, les d\u00e9cor\u00e9s de la Nation guident nos filleuls vers un avenir \u00e0 la hauteur de leur\u00a0 m\u00e9rite.<\/p>\n<p>Notre Comit\u00e9 du Pays de Lorient s\u2019est int\u00e9ress\u00e9 \u00e0 cette action, depuis 2018 .Nous avons pu mettre en place des conventions de parrainages avec des lyc\u00e9es partenaires, \u00e0 Lanester, Auray, Etel, Vannes et Lorient. Lyc\u00e9es de formation g\u00e9n\u00e9rale ou professionnelle<\/p>\n<p>En2022, 5 conventions de parrainages et d\u00e9j\u00e0 4 pour cette ann\u00e9e.<\/p>\n<p>Ainsi, la communaut\u00e9 des parrains et des filleuls du\u00a0\u00a0 Morbihan continue de se d\u00e9velopper.<\/p>\n<p>\u00b0\u00b0\u00b0\u00b0\u00b0\u00b0\u00b0\u00b0\u00b0\u00b0\u00b0\u00b0\u00b0\u00b0\u00b0\u00b0\u00b0\u00b0\u00b0\u00b0\u00b0\u00b0\u00b0\u00b0\u00b0\u00b0\u00b0\u00b0\u00b0\u00b0\u00b0\u00b0<\/p>\n<p>Pour\u00a0 terminer , ce jour m\u00eame, une nouvelle action, pour son EXEMPLARITE, \u00ab\u00a0mettre \u00e0 l\u2019honneur, au regard de ses actions et engagements au profit de ses concitoyens, un ancien Lorientais \u00ab\u00a0Monsieur Emile Marcesche\u00a0 grand industriel d\u2019esprit social, pr\u00e9sident de la chambre de Commerce et d\u2019Industrie du Morbihan de 1920 \u00e0 1938 et d\u00e9cor\u00e9 de la L\u00e9gion d\u2019Honneur, dont le pr\u00e9sident Philippe Rouault va nous retracer la vie et l\u2019\u0153uvre.<\/p>\n<p>V( H) Guy Sinel<\/p>\n<p>Pr\u00e9sident du Comit\u00e9 du Pays de Lorient de la S.M.L.H<\/p>\n<p>&nbsp;<\/p>\n<p style=\"text-align: center;\"><strong>Discours L\u00e9gion d\u2019honneur de M. Gasan<\/strong><\/p>\n<p>Mercredi 14 juin<\/p>\n<p>&nbsp;<\/p>\n<p>Monsieur le Pr\u00e9sident de la section de la SMLH,<\/p>\n<p>Monsieur le Pr\u00e9sident de la chambre de commerce et d\u2019industrie du Morbihan<\/p>\n<p>Mes chers coll\u00e8gues \u00e9lus,<\/p>\n<p>Mesdames, Messieurs,<\/p>\n<p>Chers amis,<\/p>\n<p>&nbsp;<\/p>\n<p>Je ne reviendrai pas sur l\u2019importance de l\u2019ordre de la LH, ni sur le r\u00f4le de la SMLH, l\u2019essentiel a \u00e9t\u00e9 dit, et de belle mani\u00e8re par son pr\u00e9sident d\u00e9partemental, je ne peux qu\u2019y souscrire,<\/p>\n<p>&nbsp;<\/p>\n<p>Je souhaite simplement ajouter que pour le conseil municipal, C\u2019est un honneur de d\u00e9poser avec vous aujourd\u2019hui ces gerbes sur le rond-point de la L\u00e9gion d&rsquo;honneur.<\/p>\n<p>&nbsp;<\/p>\n<p>Ces quelques fleurs rappellent \u00e0 nos m\u00e9moires la bravoure des serviteurs civils et militaires les plus m\u00e9ritants de la Nation depuis la cr\u00e9ation de la L\u00e9gion d\u2019honneur en 1802. Parmi eux des lorientais, nombreux, dont \u00c9mile Marcesche dont vous venez de livrer un poignant r\u00e9cit.<\/p>\n<p>&nbsp;<\/p>\n<p>Alors que les guerres furent l\u2019occasion pour nos soldats de prouver leur courage et leur sens du sacrifice, des d\u00e9cor\u00e9s ont ressenti le besoin de s\u2019entraider dans les ann\u00e9es douloureuses qui suivirent la Grande Guerre. Ils donn\u00e8rent naissance \u00e0 la Soci\u00e9t\u00e9 des Membres de la L\u00e9gion d\u2019Honneur pour aider, secourir et f\u00e9d\u00e9rer, valeurs que vous prolongez aujourd\u2019hui. Elles nous rassemblent et nous d\u00e9passent dans un esprit de fraternit\u00e9. Pour la ville de Lorient, elle-m\u00eame d\u00e9cor\u00e9e de la L\u00e9gion d\u2019honneur en f\u00e9vrier 1949, par le pr\u00e9sident Cotty, en tant que ville martyre, cette gerbe tient une place particuli\u00e8re dans notre devoir de m\u00e9moire.<\/p>\n<p>Ce lien qu\u2019entretient la ville de Lorient avec le plus important des ordres nationaux, va se renforcer en cr\u00e9ant, tous les ans, un \u00e9v\u00e8nement comm\u00e9moratif mettant en valeur un de nos concitoyens l\u00e9gionnaire.<\/p>\n<p>Il s\u2019agit l\u00e0 d\u2019une juste cause.<\/p>\n<p>&nbsp;<\/p>\n<p>Je voudrais \u00e9galement avoir une pens\u00e9e \u00e0 celui qui doit \u00eatre, \u00e0 ma connaissance,\u00a0 le doyen des l\u00e9gionnaires Lorientais, je veux parler de Pierre GRAIGNIC, dont nous avons f\u00eat\u00e9, ici m\u00eame, les 103 ans et qui f\u00eatera le 30 juillet, une ann\u00e9e suppl\u00e9mentaire.<\/p>\n<p>&nbsp;<\/p>\n<p>Je vous remercie pour votre pr\u00e9sence et votre engagement, je vous souhaite la meilleure continuation de vos actions au service de la France et de ses valeurs.<\/p>\n<p>&nbsp;<\/p>\n<p style=\"text-align: center;\">\u00a0\u00a0 <strong>Discours du 14 Juin 2023 sur Emile Marcesche<\/strong><\/p>\n<p style=\"text-align: center;\"><strong>pdt ccim Rouault<\/strong><\/p>\n<p>&nbsp;<\/p>\n<p>&nbsp;<\/p>\n<p>Emile Marcesche fut un grand industriel, d\u2019esprit social, il fut le pr\u00e9sident de la Chambre de Commerce du Morbihan de janvier 1920 \u00e0 janvier 1938, pendant donc 18 ans<\/p>\n<p>Mais qui \u00e9tait cet homme Emile Marcesche, ce Pr\u00e9sident visionnaire, au c\u0153ur de tant d\u2019innovation pour notre territoire\u00a0?<\/p>\n<p>N\u00e9 en Anjou en mai 1868, \u00c9mile Marcesche, devient d&rsquo;abord <strong>instituteur<\/strong> puis professeur de sciences physiques et naturelles.<\/p>\n<p>En 1896, il prend une ann\u00e9e de cong\u00e9s \u00e0 Lorient, entre dans l&rsquo;entreprise de charbonnage Le Brise et se marie avec une Bretonne de Rostrenen\u00a0: Louisette Chamaillard.<\/p>\n<p>En 1897, il d\u00e9missionne du corps enseignant et cr\u00e9e une entreprise de charbonnage puis, en 1901, une soci\u00e9t\u00e9 importatrice de charbons gallois et exportatrice de poteaux de mines.<\/p>\n<p>De 1905 \u00e0 1937, cette <strong>entreprise de charbonnage <\/strong>se d\u00e9veloppe activement et exploite 21 navires dont 7 \u00e0 vapeur.<\/p>\n<p>Soutenu par le banquier Georges Ouizille,il fonde la compagnie lorientaise de <strong>chalutage<\/strong> <strong>\u00e0 vapeur<\/strong>\u00a0qui exploite 25 unit\u00e9s de p\u00eache.<\/p>\n<p>Progressivement, il se lance dans de nombreuses affaires, et, \u00e0 la t\u00eate de la maison Marcesche, devient un entrepreneur de grande envergure.<\/p>\n<p>De nombreuses entreprises, de nature diversifi\u00e9e, vont suivre\u00a0:<\/p>\n<p><strong>La grande cidrerie de Lorient <\/strong>en 1917, avec 95 employ\u00e9s, stimule la production locale de pommes \u00e0 cidre.<\/p>\n<p><strong>La soci\u00e9t\u00e9 des Kaolins d&rsquo;Arvor,<\/strong> en 1918 qui emploie, d\u00e8s 1919, 108 ouvriers, le double en 1939.<\/p>\n<p>En 1923, la soci\u00e9t\u00e9 Marcesche, face aux besoins du chalutage \u00e0 vapeur, installe son <strong>usine de briquettes<\/strong> de charbon \u00e0 Kergroise ,ce qui fut le lancement du Port de Commerce que l\u2019on connait aujord\u2019hui.<\/p>\n<p>En 1939, \u00e0 la d\u00e9claration de guerre, elle poss\u00e8de \u00e0 Lorient un si\u00e8ge social, au 21 rue Carnot, une usine d&rsquo;agglom\u00e9r\u00e9s \u00e0 Kergroise, 3 chantiers,1 garage, des installations portuaires et ferroviaires au bassin \u00e0 flot, une cidrerie, les Kaolins d&rsquo;Arvor \u00e0 Ploemeur.<\/p>\n<p>Et hors de Lorient, ce sont deux usines \u00e0 bois, scieries et menuiseries \u00e0 Concarneau et Quimper, une agence avec bureau et chantier \u00e0 Pontivy, une agence internationale \u00e0 Cardiff, au Pays de Galles, avec des sous- agences \u00e0 Swansea, Port-Talbot et Newport.<\/p>\n<p>Ce sont autour de 800 salari\u00e9s qui d\u00e9pendent de Marcesche et Cie.<\/p>\n<p><strong>\u00c9mile Marcesche s\u2019impose \u00e9galement sur le plan public, en consacrant b\u00e9n\u00e9volement du temps et de l&rsquo;\u00e9nergie \u00e0 plusieurs instances.<\/strong><\/p>\n<p><strong>Il cr\u00e9e l&rsquo;union g\u00e9n\u00e9rale des commer\u00e7ants Lorientais <\/strong>dont il est pr\u00e9sident de 1916 \u00e0 1919.<\/p>\n<p><strong>La f\u00e9d\u00e9ration patronale de Lorient<\/strong> et de sa r\u00e9gion qu&rsquo;il pr\u00e9side en 1919<\/p>\n<p>II cr\u00e9e \u00e9galement en 1924 la <strong>Banque Populaire<\/strong> <strong>Morbihannaise<\/strong> qui deviendra la BPBA puis aujourd\u2019hui la BPGO.<\/p>\n<p>Le pr\u00e9sident Marcesche propose le 6 mars 1912, la cr\u00e9ation d\u2019un port d&rsquo;attache pour les <strong>a\u00e9roplanes <\/strong>aux environs de Lorient mais le ministre de la Marine lui r\u00e9pond qu\u2019il ne dispose pas des cr\u00e9dits n\u00e9cessaires.<\/p>\n<p>En 1930, la chambre de commerce obtient l&rsquo;accord de la Marine nationale et en 1935, elle d\u00e9cide de cr\u00e9er un a\u00e9roport d\u2019aviation touristique et commercial avec piste d\u2019envol de 900 m \u00e0 Lann Bihou\u00e9, en Ploemeur, pr\u00e8s de Lorient.<\/p>\n<p>Il est \u00e0 l\u2019origine avec l\u2019ing\u00e9nieur Verri\u00e8re de la construction en un seul tenant et en une seule campagne de travaux, d\u2019un <strong>grand port de p\u00eache<\/strong> moderne, \u00e0 l\u2019\u00e9gal des grands ports de p\u00eache europ\u00e9ens.<\/p>\n<p>Le 17 juillet 1927, jour de l\u2019inauguration du port de p\u00eache, et lors de la pose de la premi\u00e8re pierre de l\u2019h\u00f4tel consulaire par Andr\u00e9 Tardieu, ministre des Travaux publics, celui-ci f\u00e9licite le Pr\u00e9sident Marceshe d\u2019avoir particip\u00e9 au redressement \u00e9conomique et financier du pays apr\u00e8s-guerre \u00bb.<\/p>\n<p>&nbsp;<\/p>\n<p>Le 29 novembre 1931, le ministre des Travaux publics, Maurice Delignee et le pr\u00e9sident Marcesche <strong>inaugure l\u2019h\u00f4tel consulaire<\/strong>, magnifique b\u00e2timent de style Art d\u00e9co et class\u00e9 Patrimoine du xxe si\u00e8cle en 2004.<\/p>\n<p>Sa fa\u00e7ade majestueuse domine le cours des quais (devenu symboliquement quai des Indes) avec, grav\u00e9 en lettres d\u2019or, le nom CHAMBRE DE COMMERCE DE LORIENT ET DU MORBIHAN, au- dessous d\u2019un grand caduc\u00e9e et au-dessus de quatre armoiries sculpt\u00e9es repr\u00e9sentant les villes de Lorient, Vannes, Pontivy et Plo\u00ebrmel.<\/p>\n<p>Rue Pasteur, sur un fronton est grav\u00e9 TRIBUNAL DE COMMERCE ; celui-ci constitue un petit ensemble avec salle d\u2019audience et bureaux.<\/p>\n<p><strong>Et surtout c\u2019est Emile Marcesche, qui fonde en 1918 la premi\u00e8re caisse d&rsquo;allocations familiales de France sous forme de caisse de compensation interprofessionnelle avec sursalaire familial.\u00a0<\/strong><\/p>\n<p><strong>Une innovation sociale r\u00e9volutionnaire pour l\u2019\u00e9poque et dont les plus farouches opposants \u00e9taient du c\u00f4t\u00e9 des syndicats, notamment la Conf\u00e9d\u00e9ration G\u00e9n\u00e9rale du Travail, la CGT , , qui n\u2019y voyait que la d\u00e9marche int\u00e9ress\u00e9e d\u2019un patronat patriarcal.<\/strong><\/p>\n<p>Ce patron peu ordinaire, cet entrepreneur Lorientais de grande envergure, restera dans les m\u00e9moires comme un pr\u00e9sident de chambre de commerce exceptionnel qui conna\u00eetra sous sa pr\u00e9sidence une \u00e8re de r\u00e9alisations d&rsquo;une importance capitale pour la prosp\u00e9rit\u00e9 de Lorient et du Morbihan, alors que cette p\u00e9riode de 1920 \u00e0 1939 s&rsquo;av\u00e8re l&rsquo;une des plus difficiles sur le plan \u00e9conomique.<\/p>\n<p>A la t\u00eate de la chambre de commerce, il devient l&rsquo;animateur incontest\u00e9 d\u2019un mouvement qui entra\u00eene le Morbihan vers le progr\u00e8s, \u00e0 l&rsquo;encontre d&rsquo;une r\u00e9signation ambiante.<\/p>\n<p>\u00c9mile Marcesche, comme tous les grands hommes, savait travailler en \u00e9quipe, il disait\u00a0\u00e0 ses salari\u00e9s :\u00ab Pour arriver \u00e0 faire aboutir quelque projet, il faut avoir des collaborateurs qui vous comprennent et quand on a la chance de les d\u00e9couvrir, les projets deviennent facilement des r\u00e9alit\u00e9s. C&rsquo;est ainsi que, si j&rsquo;ai pu faire quelque chose d&rsquo;utile, c&rsquo;est gr\u00e2ce \u00e0 vous, gr\u00e2ce \u00e0 votre concours et \u00e0 votre confiance \u00ab<\/p>\n<p>Et dans une conf\u00e9rence, \u00ab\u00a0Un patron peu ordinaire\u00a0\u00bb prononc\u00e9e en 1999. Marie-Madeleine Martinie, petite-fille d&rsquo;Emile Marcesche, met en avant son r\u00f4le de chef d&rsquo;entreprise, travailleur inlassable, dans un style paternaliste, courant \u00e0 l&rsquo;\u00e9poque, c&rsquo;est-\u00e0-dire comme un \u00ab p\u00e8re \u00bb \u00e0 l&rsquo;ancienne mode qui d\u00e9cidait de ce qui \u00e9tait bon pour ses salari\u00e9s.<\/p>\n<p>Pour lui le progr\u00e8s, mat\u00e9riel et social, auquel il croyait fermement, naissait de l&rsquo;effort, effort des personnes, effort des groupes humains. \u00bb<\/p>\n<p>Ces valeurs d\u2019entrepreneurs, d\u2019altruisme et d\u2019engagement collectif raisonnent particuli\u00e8rement dans notre soci\u00e9t\u00e9 d\u2019aujourd\u2019hui\u00a0qui en manquent parfois.<\/p>\n<p>Port de commerce, Port de P\u00eache, Kaolins, Caisse d\u2019allocations familiales, H\u00f4tel consulaire et pr\u00e9sidence de la CCI , Banque, a\u00e9roport ,la liste des actions qu\u2019il a initi\u00e9 et men\u00e9 \u00e0 bien est tout simplement \u00e9poustouflante .<\/p>\n<p>Il a \u00e9t\u00e9 un mod\u00e8le pour de nombreux chefs d\u2019entreprises qui lui ont succ\u00e9d\u00e9 \u00e0 la pr\u00e9sidence de la CCI tel, entre autres, Henri Ducassou, Michel Laudren et moi-m\u00eame aujourd\u2019hui.<\/p>\n<p><strong>Voici Mesdames et Messieurs, retrac\u00e9 en quelques mots la vie incroyable de Mr Emile Marcesche, simple instituteur devenu capitaine d\u2019industrie \u00e0 fibre sociale,<\/strong><\/p>\n<p><strong>Que nous Lorientais devons remercier<\/strong><\/p>\n<p><strong>Dont nous, patrons et \u00e9lus CCI engag\u00e9s pouvons-nous inspirer <\/strong><\/p>\n<p><strong>Et dont vous, ses descendants, pouvez \u00eatre tr\u00e8s fiers.<\/strong><\/p>\n<p><strong>\u00a0<\/strong><\/p>\n<p><strong>\u00a0<\/strong><\/p>\n<p><strong>\u00a0<\/strong><\/p>\n<p><strong>\u00a0<\/strong><\/p>\n","protected":false},"excerpt":{"rendered":"<p>&nbsp; Journ\u00e9e anniversaire de la L\u00e9gion dhonneur du 14 juin 2023- article la co&#8230; smlh Discours de M Guy Sinel, pr\u00e9sident du comit\u00e9 de Lorient&#8230;<\/p>\n","protected":false},"author":329,"featured_media":9134,"comment_status":"closed","ping_status":"open","sticky":false,"template":"","format":"standard","meta":{"footnotes":""},"categories":[496,343],"tags":[610],"class_list":["post-9130","post","type-post","status-publish","format-standard","has-post-thumbnail","hentry","category-ceremonies-comite-de-lorient","category-comite-de-lorient","tag-ceremonies-lorient","wpcat-496-id","wpcat-343-id"],"_links":{"self":[{"href":"http:\/\/www.semlh-morbihan.fr\/wordpress\/wp-json\/wp\/v2\/posts\/9130","targetHints":{"allow":["GET"]}}],"collection":[{"href":"http:\/\/www.semlh-morbihan.fr\/wordpress\/wp-json\/wp\/v2\/posts"}],"about":[{"href":"http:\/\/www.semlh-morbihan.fr\/wordpress\/wp-json\/wp\/v2\/types\/post"}],"author":[{"embeddable":true,"href":"http:\/\/www.semlh-morbihan.fr\/wordpress\/wp-json\/wp\/v2\/users\/329"}],"replies":[{"embeddable":true,"href":"http:\/\/www.semlh-morbihan.fr\/wordpress\/wp-json\/wp\/v2\/comments?post=9130"}],"version-history":[{"count":3,"href":"http:\/\/www.semlh-morbihan.fr\/wordpress\/wp-json\/wp\/v2\/posts\/9130\/revisions"}],"predecessor-version":[{"id":9135,"href":"http:\/\/www.semlh-morbihan.fr\/wordpress\/wp-json\/wp\/v2\/posts\/9130\/revisions\/9135"}],"wp:featuredmedia":[{"embeddable":true,"href":"http:\/\/www.semlh-morbihan.fr\/wordpress\/wp-json\/wp\/v2\/media\/9134"}],"wp:attachment":[{"href":"http:\/\/www.semlh-morbihan.fr\/wordpress\/wp-json\/wp\/v2\/media?parent=9130"}],"wp:term":[{"taxonomy":"category","embeddable":true,"href":"http:\/\/www.semlh-morbihan.fr\/wordpress\/wp-json\/wp\/v2\/categories?post=9130"},{"taxonomy":"post_tag","embeddable":true,"href":"http:\/\/www.semlh-morbihan.fr\/wordpress\/wp-json\/wp\/v2\/tags?post=9130"}],"curies":[{"name":"wp","href":"https:\/\/api.w.org\/{rel}","templated":true}]}}