{"id":9136,"date":"2023-08-01T16:36:56","date_gmt":"2023-08-01T14:36:56","guid":{"rendered":"http:\/\/www.semlh-morbihan.fr\/wordpress\/?p=9136"},"modified":"2023-08-28T16:48:26","modified_gmt":"2023-08-28T14:48:26","slug":"commemoration-a-la-steel-guerlogoden-kergrist-du-30-juillet-2023","status":"publish","type":"post","link":"http:\/\/www.semlh-morbihan.fr\/wordpress\/2023\/08\/01\/commemoration-a-la-steel-guerlogoden-kergrist-du-30-juillet-2023\/","title":{"rendered":"Comm\u00e9moration \u00e0 la st\u00e8le Guerlogoden Kergrist du 30 juillet 2023"},"content":{"rendered":"<p style=\"text-align: center;\">\u00a0<strong>Comm\u00e9moration de l&rsquo;attaque du maquis de Guerlogoden en Kergrist 30 juillet 2023<\/strong><\/p>\n<p style=\"text-align: justify;\">\u00a0Chaque ann\u00e9e, les communes de Kergrist, Neulliac, Saint G\u00e9rand-Croixanvec et Pontivy (charg\u00e9e de l&rsquo;organisation cette ann\u00e9e), se r\u00e9unissent pour une c\u00e9r\u00e9monie du souvenir devant la st\u00e8le \u00e9rig\u00e9e pr\u00e8s des lieux du combat sur la commune de Neulliac.\u00a0 29 drapeaux \u00e9taient align\u00e9s devant la st\u00e8le en pr\u00e9sence des \u00e9lus des quatre communes, des anciens combattants, soldats de France et d&rsquo;une nombreuse assistance.<\/p>\n<p style=\"text-align: justify;\">Il faut noter la pr\u00e9sence ce jour l\u00e0 de plusieurs jeunes\u00a0 porte-drapeaux,\u00a0 qui d\u00e9montre combien les r\u00e9centes formations on motiv\u00e9 la jeune g\u00e9n\u00e9ration au devoir de m\u00e9moire. Apr\u00e8s les d\u00e9p\u00f4ts de gerbe et la minute de silence, madame la maire de Pontivy a rappel\u00e9 le r\u00e9cit des combats.<\/p>\n<p>Jo Rouxel<\/p>\n<p>pr\u00e9sident du comit\u00e9 du pays de Pontivy<\/p>\n<figure id=\"attachment_9141\" aria-describedby=\"caption-attachment-9141\" style=\"width: 600px\" class=\"wp-caption aligncenter\"><img loading=\"lazy\" decoding=\"async\" class=\"size-medium wp-image-9141\" src=\"http:\/\/www.semlh-morbihan.fr\/wordpress\/wp-content\/uploads\/2023\/08\/les-autorites-et-les-porte-drapeaux-devant-la-stele-de-Guerlogoden-30-juillet-2023-600x338.jpg\" alt=\"\" width=\"600\" height=\"338\" srcset=\"http:\/\/www.semlh-morbihan.fr\/wordpress\/wp-content\/uploads\/2023\/08\/les-autorites-et-les-porte-drapeaux-devant-la-stele-de-Guerlogoden-30-juillet-2023-600x338.jpg 600w, http:\/\/www.semlh-morbihan.fr\/wordpress\/wp-content\/uploads\/2023\/08\/les-autorites-et-les-porte-drapeaux-devant-la-stele-de-Guerlogoden-30-juillet-2023-1024x576.jpg 1024w, http:\/\/www.semlh-morbihan.fr\/wordpress\/wp-content\/uploads\/2023\/08\/les-autorites-et-les-porte-drapeaux-devant-la-stele-de-Guerlogoden-30-juillet-2023-768x432.jpg 768w, http:\/\/www.semlh-morbihan.fr\/wordpress\/wp-content\/uploads\/2023\/08\/les-autorites-et-les-porte-drapeaux-devant-la-stele-de-Guerlogoden-30-juillet-2023-1536x864.jpg 1536w, http:\/\/www.semlh-morbihan.fr\/wordpress\/wp-content\/uploads\/2023\/08\/les-autorites-et-les-porte-drapeaux-devant-la-stele-de-Guerlogoden-30-juillet-2023-2048x1153.jpg 2048w, http:\/\/www.semlh-morbihan.fr\/wordpress\/wp-content\/uploads\/2023\/08\/les-autorites-et-les-porte-drapeaux-devant-la-stele-de-Guerlogoden-30-juillet-2023-1218x685.jpg 1218w\" sizes=\"auto, (max-width: 600px) 100vw, 600px\" \/><figcaption id=\"caption-attachment-9141\" class=\"wp-caption-text\">les autorit\u00e9s et les porte-drapeaux devant la st\u00e8le de Guerlogoden 30 juillet 2023<\/figcaption><\/figure>\n<p>&nbsp;<\/p>\n<p style=\"text-align: center;\"><span style=\"text-decoration: underline;\"><em><strong>ci-dessous, un rappel du r\u00e9cit des combats lu par la maire de Pontivy<\/strong><\/em><\/span><\/p>\n<p style=\"text-align: center;\"><strong>R\u00e9cit du maquis de Guerlogoden en Kergrist 30 Juillet 2023<\/strong><\/p>\n<p style=\"text-align: justify;\">Nous sommes le 27 Juillet 1944. C&rsquo;est le temps des\u00a0 moissons, voici plus de quatre ans que la France est sous le joug de l&rsquo;arm\u00e9e d&rsquo;occupation. L&rsquo;oppression, les arrestations\u00a0 arbitraires, les privations, le rationnement de l&rsquo;alimentation, le couvre feu, le contr\u00f4le des d\u00e9placements, le travail obligatoire, les r\u00e9quisitions toujours plus contraignantes, ruinent et privent la population des initiatives \u00e9conomiques et sociales.<\/p>\n<p style=\"text-align: justify;\">Voici presque deux mois les forces alli\u00e9es ont d\u00e9barqu\u00e9 en Normandie. Depuis, les allemands contiennent une partie de l&rsquo;armada dans la poche de Falaise\u00a0 qui vient de craquer lib\u00e9rant une force m\u00e9canique sans pr\u00e9c\u00e8dent qui va d\u00e9ferler vers l&rsquo;ouest et lib\u00e9rer la Bretagne dans quelques jours.<\/p>\n<p style=\"text-align: justify;\">\u00c0 Kergrist deux maquis d&rsquo;une cinquantaine\u00a0 d&rsquo;hommes chacun sont implant\u00e9s, dont un \u00e0 Guerlogoden dans les lisi\u00e8res du bois de Quenemeut aux ordres du capitaine Massardier. De nombreuses actions de destruction sont entreprises dont le pont de chemin de fer\u00a0 \u00e0 Kergouet en St g\u00e9rand. Les maquisards sont de plus en plus audacieux et il font prisonnier un soldat allemand qui collectait des oeufs dans une ferme pour l&rsquo;occupant.<\/p>\n<p style=\"text-align: justify;\">Ce jeudi 27 juillet, les allemands qui recherchent des d\u00e9p\u00f4ts d&rsquo;armes, pr\u00e9venus par une source inconnue d\u00e9ploient une centaine d&rsquo;hommes autour de la ferme du Golut, en Neulliac,\u00a0 mais ils se trompent de lieu.<\/p>\n<p style=\"text-align: justify;\">Ils\u00a0 se dirigent alors vers le\u00a0\u00a0 retranchement du maquis de Guerlogoden. Gr\u00e2ce \u00e0 Dieu, cette fausse man\u0153uvre trahit l&rsquo;effet de surprise et \u00e9vite un massacre, permettant ainsi \u00e0 la majorit\u00e9 des maquisards qui connaissent bien le terrain, de sortir de la nasse et de s&rsquo;\u00e9vaporer.<\/p>\n<p style=\"text-align: justify;\">Selon le t\u00e9moignage de Jaques Bruhat, dernier survivant du maquis de Guerlogoden qui s&rsquo;est \u00e9teint en 2018, 18 soldats allemands seront tu\u00e9s\u00a0 et cinq r\u00e9sistants tombent sous les balles ennemies : Louis Cadoret, 46 ans et Andr\u00e9 Le Clainche, 22 ans de St G\u00e9rand, Antoine Le Mouillour, 21 ans de Bubry , Mathurin Guilloux, 22 ans de Neulliac, Pierre Bernier, 47 ans\u00a0 de Pontivy.<\/p>\n<p style=\"text-align: justify;\">Voici en quelques mots le destin tragique de ces\u00a0 patriotes qui ont donn\u00e9 leur vie pour que vive notre libert\u00e9.<\/p>\n","protected":false},"excerpt":{"rendered":"<p>\u00a0Comm\u00e9moration de l&rsquo;attaque du maquis de Guerlogoden en Kergrist 30 juillet 2023 \u00a0Chaque ann\u00e9e, les communes de Kergrist, Neulliac, Saint G\u00e9rand-Croixanvec et Pontivy (charg\u00e9e de&#8230;<\/p>\n","protected":false},"author":329,"featured_media":9141,"comment_status":"closed","ping_status":"open","sticky":false,"template":"","format":"standard","meta":{"footnotes":""},"categories":[501,345],"tags":[628],"class_list":["post-9136","post","type-post","status-publish","format-standard","has-post-thumbnail","hentry","category-cermonies-patriotiques","category-comite-du-pays-de-pontivy","tag-comite-du-pays-de-pontivy","wpcat-501-id","wpcat-345-id"],"_links":{"self":[{"href":"http:\/\/www.semlh-morbihan.fr\/wordpress\/wp-json\/wp\/v2\/posts\/9136","targetHints":{"allow":["GET"]}}],"collection":[{"href":"http:\/\/www.semlh-morbihan.fr\/wordpress\/wp-json\/wp\/v2\/posts"}],"about":[{"href":"http:\/\/www.semlh-morbihan.fr\/wordpress\/wp-json\/wp\/v2\/types\/post"}],"author":[{"embeddable":true,"href":"http:\/\/www.semlh-morbihan.fr\/wordpress\/wp-json\/wp\/v2\/users\/329"}],"replies":[{"embeddable":true,"href":"http:\/\/www.semlh-morbihan.fr\/wordpress\/wp-json\/wp\/v2\/comments?post=9136"}],"version-history":[{"count":9,"href":"http:\/\/www.semlh-morbihan.fr\/wordpress\/wp-json\/wp\/v2\/posts\/9136\/revisions"}],"predecessor-version":[{"id":9147,"href":"http:\/\/www.semlh-morbihan.fr\/wordpress\/wp-json\/wp\/v2\/posts\/9136\/revisions\/9147"}],"wp:featuredmedia":[{"embeddable":true,"href":"http:\/\/www.semlh-morbihan.fr\/wordpress\/wp-json\/wp\/v2\/media\/9141"}],"wp:attachment":[{"href":"http:\/\/www.semlh-morbihan.fr\/wordpress\/wp-json\/wp\/v2\/media?parent=9136"}],"wp:term":[{"taxonomy":"category","embeddable":true,"href":"http:\/\/www.semlh-morbihan.fr\/wordpress\/wp-json\/wp\/v2\/categories?post=9136"},{"taxonomy":"post_tag","embeddable":true,"href":"http:\/\/www.semlh-morbihan.fr\/wordpress\/wp-json\/wp\/v2\/tags?post=9136"}],"curies":[{"name":"wp","href":"https:\/\/api.w.org\/{rel}","templated":true}]}}