{"id":9214,"date":"2023-06-25T18:15:11","date_gmt":"2023-06-25T16:15:11","guid":{"rendered":"http:\/\/www.semlh-morbihan.fr\/wordpress\/?p=9214"},"modified":"2023-10-03T18:23:47","modified_gmt":"2023-10-03T16:23:47","slug":"journee-nationale-du-souvenir-des-victimes-et-des-heros-de-la-deportation-lorient-le-dimanche-30-avril-2023","status":"publish","type":"post","link":"http:\/\/www.semlh-morbihan.fr\/wordpress\/2023\/06\/25\/journee-nationale-du-souvenir-des-victimes-et-des-heros-de-la-deportation-lorient-le-dimanche-30-avril-2023\/","title":{"rendered":"journ\u00e9e nationale du souvenir des victimes et des h\u00e9ros de la d\u00e9portation, Lorient le dimanche 30 avril 2023"},"content":{"rendered":"<p>La Comm\u00e9moration de la journ\u00e9e nationale du souvenir des victimes et des h\u00e9ros de la D\u00e9portation s &lsquo;est aussi tenue \u00e0 Lorient , le dimanche 30 avril.<\/p>\n<p>Plusieurs membres de notre Comit\u00e9 y ont particip\u00e9 et d&rsquo;autres \u00e9taient \u00e0 Larmor-Plage pour le 160 \u00e8me anniversaire du combat de Camerone, \u00e0 la m\u00eame heure .<\/p>\n<p>A noter , la pr\u00e9sence de plusieurs repr\u00e9sentants du Conseil municipal de Jeunes de Lorient.<\/p>\n<p>le C.V ( H) guy Sinel<\/p>\n<p>pr\u00e9sident du Comit\u00e9 du Pays de Lorient SMLH.<\/p>\n<p><img loading=\"lazy\" decoding=\"async\" class=\"aligncenter size-medium wp-image-9216\" src=\"http:\/\/www.semlh-morbihan.fr\/wordpress\/wp-content\/uploads\/2023\/10\/IMG_5994-600x338.jpg\" alt=\"\" width=\"600\" height=\"338\" srcset=\"http:\/\/www.semlh-morbihan.fr\/wordpress\/wp-content\/uploads\/2023\/10\/IMG_5994-600x338.jpg 600w, http:\/\/www.semlh-morbihan.fr\/wordpress\/wp-content\/uploads\/2023\/10\/IMG_5994.jpg 640w\" sizes=\"auto, (max-width: 600px) 100vw, 600px\" \/> <img loading=\"lazy\" decoding=\"async\" class=\"aligncenter size-medium wp-image-9217\" src=\"http:\/\/www.semlh-morbihan.fr\/wordpress\/wp-content\/uploads\/2023\/10\/IMG_6003-338x600.jpg\" alt=\"\" width=\"338\" height=\"600\" srcset=\"http:\/\/www.semlh-morbihan.fr\/wordpress\/wp-content\/uploads\/2023\/10\/IMG_6003-338x600.jpg 338w, http:\/\/www.semlh-morbihan.fr\/wordpress\/wp-content\/uploads\/2023\/10\/IMG_6003.jpg 360w\" sizes=\"auto, (max-width: 338px) 100vw, 338px\" \/> <img loading=\"lazy\" decoding=\"async\" class=\"aligncenter size-medium wp-image-9218\" src=\"http:\/\/www.semlh-morbihan.fr\/wordpress\/wp-content\/uploads\/2023\/10\/IMG_5996-600x338.jpg\" alt=\"\" width=\"600\" height=\"338\" srcset=\"http:\/\/www.semlh-morbihan.fr\/wordpress\/wp-content\/uploads\/2023\/10\/IMG_5996-600x338.jpg 600w, http:\/\/www.semlh-morbihan.fr\/wordpress\/wp-content\/uploads\/2023\/10\/IMG_5996.jpg 640w\" sizes=\"auto, (max-width: 600px) 100vw, 600px\" \/><\/p>\n<p>&nbsp;<\/p>\n","protected":false},"excerpt":{"rendered":"<p>La Comm\u00e9moration de la journ\u00e9e nationale du souvenir des victimes et des h\u00e9ros de la D\u00e9portation s &lsquo;est aussi tenue \u00e0 Lorient , le dimanche&#8230;<\/p>\n","protected":false},"author":329,"featured_media":9215,"comment_status":"closed","ping_status":"open","sticky":false,"template":"","format":"standard","meta":{"footnotes":""},"categories":[496,343],"tags":[610,605],"class_list":["post-9214","post","type-post","status-publish","format-standard","has-post-thumbnail","hentry","category-ceremonies-comite-de-lorient","category-comite-de-lorient","tag-ceremonies-lorient","tag-comite-smlh-du-pays-de-lorient","wpcat-496-id","wpcat-343-id"],"_links":{"self":[{"href":"http:\/\/www.semlh-morbihan.fr\/wordpress\/wp-json\/wp\/v2\/posts\/9214","targetHints":{"allow":["GET"]}}],"collection":[{"href":"http:\/\/www.semlh-morbihan.fr\/wordpress\/wp-json\/wp\/v2\/posts"}],"about":[{"href":"http:\/\/www.semlh-morbihan.fr\/wordpress\/wp-json\/wp\/v2\/types\/post"}],"author":[{"embeddable":true,"href":"http:\/\/www.semlh-morbihan.fr\/wordpress\/wp-json\/wp\/v2\/users\/329"}],"replies":[{"embeddable":true,"href":"http:\/\/www.semlh-morbihan.fr\/wordpress\/wp-json\/wp\/v2\/comments?post=9214"}],"version-history":[{"count":1,"href":"http:\/\/www.semlh-morbihan.fr\/wordpress\/wp-json\/wp\/v2\/posts\/9214\/revisions"}],"predecessor-version":[{"id":9219,"href":"http:\/\/www.semlh-morbihan.fr\/wordpress\/wp-json\/wp\/v2\/posts\/9214\/revisions\/9219"}],"wp:featuredmedia":[{"embeddable":true,"href":"http:\/\/www.semlh-morbihan.fr\/wordpress\/wp-json\/wp\/v2\/media\/9215"}],"wp:attachment":[{"href":"http:\/\/www.semlh-morbihan.fr\/wordpress\/wp-json\/wp\/v2\/media?parent=9214"}],"wp:term":[{"taxonomy":"category","embeddable":true,"href":"http:\/\/www.semlh-morbihan.fr\/wordpress\/wp-json\/wp\/v2\/categories?post=9214"},{"taxonomy":"post_tag","embeddable":true,"href":"http:\/\/www.semlh-morbihan.fr\/wordpress\/wp-json\/wp\/v2\/tags?post=9214"}],"curies":[{"name":"wp","href":"https:\/\/api.w.org\/{rel}","templated":true}]}}