{"id":9262,"date":"2023-11-17T18:05:32","date_gmt":"2023-11-17T17:05:32","guid":{"rendered":"http:\/\/www.semlh-morbihan.fr\/wordpress\/?p=9262"},"modified":"2023-11-17T18:05:32","modified_gmt":"2023-11-17T17:05:32","slug":"michel-gouas-societaire-du-comite-du-pays-de-vannes-promu-officier-de-la-legion-dhonneur","status":"publish","type":"post","link":"http:\/\/www.semlh-morbihan.fr\/wordpress\/2023\/11\/17\/michel-gouas-societaire-du-comite-du-pays-de-vannes-promu-officier-de-la-legion-dhonneur\/","title":{"rendered":"Michel Gouas, soci\u00e9taire du comit\u00e9 du pays de Vannes, promu officier de la l\u00e9gion d&rsquo;honneur"},"content":{"rendered":"<p>Michel Gouas, adjudant-chef des troupes de marine, soci\u00e9taire du comit\u00e9 du Pays de Vannes, a \u00e9t\u00e9 promu \u00ab\u00a0officier de la l\u00e9gion d&rsquo;honneur\u00a0\u00bb, JO du 10 novembre 2023.<\/p>\n<p>Le bureau du comit\u00e9 lui adresses ses chaleureuses f\u00e9licitations.<\/p>\n<figure id=\"attachment_9263\" aria-describedby=\"caption-attachment-9263\" style=\"width: 600px\" class=\"wp-caption aligncenter\"><img loading=\"lazy\" decoding=\"async\" class=\"size-medium wp-image-9263\" src=\"http:\/\/www.semlh-morbihan.fr\/wordpress\/wp-content\/uploads\/2023\/11\/M.Gouas_-600x375.jpeg\" alt=\"\" width=\"600\" height=\"375\" srcset=\"http:\/\/www.semlh-morbihan.fr\/wordpress\/wp-content\/uploads\/2023\/11\/M.Gouas_-600x375.jpeg 600w, http:\/\/www.semlh-morbihan.fr\/wordpress\/wp-content\/uploads\/2023\/11\/M.Gouas_-768x480.jpeg 768w, http:\/\/www.semlh-morbihan.fr\/wordpress\/wp-content\/uploads\/2023\/11\/M.Gouas_.jpeg 960w\" sizes=\"auto, (max-width: 600px) 100vw, 600px\" \/><figcaption id=\"caption-attachment-9263\" class=\"wp-caption-text\">Michel Gouas, officier de la l\u00e9gion d&rsquo;honneur<\/figcaption><\/figure>\n","protected":false},"excerpt":{"rendered":"<p>Michel Gouas, adjudant-chef des troupes de marine, soci\u00e9taire du comit\u00e9 du Pays de Vannes, a \u00e9t\u00e9 promu \u00ab\u00a0officier de la l\u00e9gion d&rsquo;honneur\u00a0\u00bb, JO du 10&#8230;<\/p>\n","protected":false},"author":329,"featured_media":9263,"comment_status":"closed","ping_status":"open","sticky":false,"template":"","format":"standard","meta":{"footnotes":""},"categories":[350,346],"tags":[623],"class_list":["post-9262","post","type-post","status-publish","format-standard","has-post-thumbnail","hentry","category-actualites-comite-du-pays-de-vannes","category-comite-du-pays-de-vannes","tag-comite-du-pays-de-vannes","wpcat-350-id","wpcat-346-id"],"_links":{"self":[{"href":"http:\/\/www.semlh-morbihan.fr\/wordpress\/wp-json\/wp\/v2\/posts\/9262","targetHints":{"allow":["GET"]}}],"collection":[{"href":"http:\/\/www.semlh-morbihan.fr\/wordpress\/wp-json\/wp\/v2\/posts"}],"about":[{"href":"http:\/\/www.semlh-morbihan.fr\/wordpress\/wp-json\/wp\/v2\/types\/post"}],"author":[{"embeddable":true,"href":"http:\/\/www.semlh-morbihan.fr\/wordpress\/wp-json\/wp\/v2\/users\/329"}],"replies":[{"embeddable":true,"href":"http:\/\/www.semlh-morbihan.fr\/wordpress\/wp-json\/wp\/v2\/comments?post=9262"}],"version-history":[{"count":2,"href":"http:\/\/www.semlh-morbihan.fr\/wordpress\/wp-json\/wp\/v2\/posts\/9262\/revisions"}],"predecessor-version":[{"id":9265,"href":"http:\/\/www.semlh-morbihan.fr\/wordpress\/wp-json\/wp\/v2\/posts\/9262\/revisions\/9265"}],"wp:featuredmedia":[{"embeddable":true,"href":"http:\/\/www.semlh-morbihan.fr\/wordpress\/wp-json\/wp\/v2\/media\/9263"}],"wp:attachment":[{"href":"http:\/\/www.semlh-morbihan.fr\/wordpress\/wp-json\/wp\/v2\/media?parent=9262"}],"wp:term":[{"taxonomy":"category","embeddable":true,"href":"http:\/\/www.semlh-morbihan.fr\/wordpress\/wp-json\/wp\/v2\/categories?post=9262"},{"taxonomy":"post_tag","embeddable":true,"href":"http:\/\/www.semlh-morbihan.fr\/wordpress\/wp-json\/wp\/v2\/tags?post=9262"}],"curies":[{"name":"wp","href":"https:\/\/api.w.org\/{rel}","templated":true}]}}