{"id":9276,"date":"2023-11-10T18:54:33","date_gmt":"2023-11-10T17:54:33","guid":{"rendered":"http:\/\/www.semlh-morbihan.fr\/wordpress\/?p=9276"},"modified":"2023-11-23T19:47:16","modified_gmt":"2023-11-23T18:47:16","slug":"inauguration-dune-rue-a-lanester-par-le-comite-du-pays-de-lorient-le-8-novembre-2023","status":"publish","type":"post","link":"http:\/\/www.semlh-morbihan.fr\/wordpress\/2023\/11\/10\/inauguration-dune-rue-a-lanester-par-le-comite-du-pays-de-lorient-le-8-novembre-2023\/","title":{"rendered":"Inauguration d&rsquo;une rue \u00e0 Lanester par le comit\u00e9 du pays de Lorient le 8 novembre 2023"},"content":{"rendered":"<p>Le 17\u00a0 octobre , a \u00e9t\u00e9 inaugur\u00e9 \u00e0 Lanester ( 56 600 ), \u00e0 proximit\u00e9\u00a0 de l &lsquo;entr\u00e9e de la base des fusiliers &#8211; marins et commandos, la\u00a0 rue C\u00e9dric -de- Pierrepont, en pr\u00e9sence des autorit\u00e9s\u00a0 municipales et\u00a0 militaires.<\/p>\n<p class=\"ox-e64a9dbbe1-ox-10a0eaf6d9-ox-03fc36d868-msonormal\">Originaire de Lanester,\u00a0 ce\u00a0 commando -marine\u00a0 a \u00e9t\u00e9\u00a0 tu\u00e9,\u00a0 avec son camarade Alain\u00a0 Bertoncello, le 10 mai 2019, lors d&rsquo;une op\u00e9ration des forces sp\u00e9cialistes pour lib\u00e9rer des otages.<\/p>\n<p class=\"ox-e64a9dbbe1-ox-10a0eaf6d9-ox-03fc36d868-msonormal\">Il \u00e9tait\u00a0 affect\u00e9\u00a0 au Commando\u00a0 Hubert, sp\u00e9cialis\u00e9 dans des actions sous-marines et le contr -terrorisme.<\/p>\n<p class=\"ox-e64a9dbbe1-ox-10a0eaf6d9-ox-03fc36d868-msonormal\">le C.V ( H)\u00a0 Guy Sinel pr\u00e9sident du Comit\u00e9 du\u00a0 Pays de Lorient\u00a0 SMLH<\/p>\n<p>&nbsp;<\/p>\n<p class=\"ox-e64a9dbbe1-ox-10a0eaf6d9-ox-03fc36d868-msonormal\" style=\"text-align: center;\"><span style=\"text-decoration: underline;\"><strong>Article de Ouest-France<\/strong><\/span><\/p>\n<p class=\"ox-e64a9dbbe1-ox-10a0eaf6d9-ox-03fc36d868-msonormal\" style=\"text-align: justify;\">C\u00e9dric de Pierrepont, originaire de\u00a0<a href=\"https:\/\/www.ouest-france.fr\/bretagne\/lanester-56600\/\">Lanester<\/a>\u00a0<a href=\"https:\/\/www.ouest-france.fr\/bretagne\/lanester-56600\/\">(Morbihan)<\/a>, \u00e9tait le\u00a0cadet d\u2019une fratrie de cinq enfants (trois fr\u00e8res et une s\u0153ur), et a perdu la vie, tout comme son camarade\u00a0Alain Bertoncello dans la nuit du 9 au 10\u00a0mai 2019, lors de l\u2019op\u00e9ration des forces sp\u00e9ciales pour lib\u00e9rer des otages au Burkina Faso. Il \u00e9tait\u00a0chef de groupe au sein du commando Hubert, sp\u00e9cialis\u00e9 dans les actions sous-marines et le contre-terrorisme.\u00a0<strong>\u00ab\u00a0Ce premier-ma\u00eetre, n\u00e9 en 1986, est entr\u00e9 dans la marine en 2004, et a brillamment r\u00e9ussi toutes les \u00e9tapes le menant \u00e0 son but, int\u00e9grer les commandos marine. En 2007, il int\u00e8gre le commando Penfentenyo et est admis au cours de nageur de combat en 2012, date \u00e0 laquelle il int\u00e8gre le commando Hubert\u00a0\u00bb,<\/strong>\u00a0notent Gilles Carreric, le maire, et le Contre-amiral\u00a0Pierre de Brian\u00e7on, amiral commandant la force maritime des fusiliers marins et commandos (Forfusco) et la marine \u00e0 Lorient.<\/p>\n<p style=\"text-align: justify;\">C\u00e9dric de Pierrepont, originaire de\u00a0<a href=\"https:\/\/www.ouest-france.fr\/bretagne\/lanester-56600\/\">Lanester<\/a>\u00a0<a href=\"https:\/\/www.ouest-france.fr\/bretagne\/lanester-56600\/\">(Morbihan)<\/a>, \u00e9tait le\u00a0cadet d\u2019une fratrie de cinq enfants (trois fr\u00e8res et une s\u0153ur), et a perdu la vie, tout comme son camarade\u00a0Alain Bertoncello dans la nuit du 9 au 10\u00a0mai 2019, lors de l\u2019op\u00e9ration des forces sp\u00e9ciales pour lib\u00e9rer des otages au Burkina Faso. Il \u00e9tait\u00a0chef de groupe au sein du commando Hubert, sp\u00e9cialis\u00e9 dans les actions sous-marines et le contre-terrorisme.\u00a0<strong>\u00ab\u00a0Ce premier-ma\u00eetre, n\u00e9 en 1986, est entr\u00e9 dans la marine en 2004, et a brillamment r\u00e9ussi toutes les \u00e9tapes le menant \u00e0 son but, int\u00e9grer les commandos marine. En 2007, il int\u00e8gre le commando Penfentenyo et est admis au cours de nageur de combat en 2012, date \u00e0 laquelle il int\u00e8gre le commando Hubert\u00a0\u00bb,<\/strong>\u00a0notent Gilles Carreric, le maire, et le Contre-amiral\u00a0Pierre de Brian\u00e7on, amiral commandant la force maritime des fusiliers marins et commandos (Forfusco) et la marine \u00e0 Lorient.<\/p>\n<div id=\"bloc_3quarts_1__parentOf__placeholder_apres_1\" class=\"_b su-margin-top-m\" data-trk=\"[{&amp;quot;n&amp;quot;:&amp;quot;pub-param&amp;quot;,&amp;quot;o&amp;quot;:&amp;quot;Blocktopus PROD pubs&amp;quot;,&amp;quot;v&amp;quot;:&amp;quot;7.0.0&amp;quot;}]\">\n<div id=\"pub_pave_article\" class=\"pub pub-init\" data-google-query-id=\"CP7tnrni2oIDFZkgBgAdCT4L_A\">\n<div id=\"google_ads_iframe_\/49926454\/ouestfrance&gt;site\/regions\/bretagne\/morbihan\/560101_lorient_zone_com&gt;article&gt;pave_article_0__container__\" style=\"outline: 0px; box-sizing: border-box; margin: 0px auto; scroll-margin-top: 84px; position: sticky; top: 125px; border: 0pt none;\"><iframe id=\"google_ads_iframe_\/49926454\/ouestfrance&gt;site\/regions\/bretagne\/morbihan\/560101_lorient_zone_com&gt;article&gt;pave_article_0\" style=\"outline: 0px; box-sizing: border-box; scroll-margin-top: 84px; border: 0px; vertical-align: bottom;\" tabindex=\"0\" title=\"3rd party ad content\" role=\"region\" name=\"google_ads_iframe_\/49926454\/ouestfrance&gt;site\/regions\/bretagne\/morbihan\/560101_lorient_zone_com&gt;article&gt;pave_article_0\" width=\"300\" height=\"250\" frameborder=\"0\" marginwidth=\"0\" marginheight=\"0\" scrolling=\"no\" aria-label=\"Advertisement\" data-load-complete=\"true\" data-google-container-id=\"5\" data-mce-fragment=\"1\"><\/iframe><\/div>\n<\/div>\n<\/div>\n<div class=\"image-container\">\n<div class=\"image-article \">\n<figure class=\"photo-ratio\" style=\"text-align: justify;\"><img loading=\"lazy\" decoding=\"async\" class=\"media loaded alignleft\" title=\"La nouvelle rue C\u00e9dric-de-Pierrepont marquera l\u2019entr\u00e9e de la base navale de la Forfusco.\" src=\"https:\/\/media.ouest-france.fr\/v1\/pictures\/MjAyMzEwMjIwNjNjNWM2YzFmMTU2MjhjMGU3ZjRlZjJkMWUzMTU?width=630&amp;focuspoint=50%2C25&amp;cropresize=1&amp;client_id=bpeditorial&amp;sign=e6b058bdac49c8fbf74573dc4460677790ecf19de35f90690fc8625a403a0de0\" width=\"434\" height=\"419\" \/><figcaption>La nouvelle rue C\u00e9dric-de-Pierrepont marquera l\u2019entr\u00e9e de la base navale de la Forfusco. | OUEST-FRANCE<\/figcaption><button class=\"su-button-fullscreen\" data-ofmodal=\"image-plein-ecran-3\">Voir en plein \u00e9cran<\/button><\/figure>\n<\/div>\n<\/div>\n<h2 id=\"section-4-une-rue-cedric-de-pierrepont-reconnaissance-de-la-ville-br-et-de-la-marine\">Une rue\u00a0C\u00e9dric-de-Pierrepont, reconnaissance de la ville<br \/>\net de la Marine<\/h2>\n<p style=\"text-align: justify;\">Le d\u00e9c\u00e8s de ce jeune militaire a touch\u00e9 les \u00e9lus lanest\u00e9riens, qui ont voulu honorer sa m\u00e9moire en donnant son nom \u00e0 la voie menant \u00e0 la base de la Forfusco de Lanester.\u00a0<strong>\u00ab\u00a0\u00c0 partir d\u2019aujourd\u2019hui, et pour les g\u00e9n\u00e9rations futures, toute personne empruntant cette voie gardera le souvenir de ce jeune lanest\u00e9rien, mort pour la France, apr\u00e8s un choix de vie tr\u00e8s r\u00e9fl\u00e9chi,<\/strong>\u00a0pr\u00e9cisent les personnalit\u00e9s pr\u00e9sentes.<strong>\u00a0Lanester est intimement li\u00e9e \u00e0 la marine nationale, avec la pr\u00e9sence entre autres de six\u00a0des sept commandos marine fran\u00e7ais.\u00a0\u00bb<\/strong><\/p>\n<h2 id=\"section-6-un-jeune-homme-qui-allait-toujours-de-lavant\">Un jeune homme qui allait toujours de l\u2019avant<\/h2>\n<p style=\"text-align: justify;\">Invit\u00e9 \u00e0 la c\u00e9r\u00e9monie, Jacques Le Bou\u00ebdec, son ancien professeur, se souvient de lui avec beaucoup d\u2019\u00e9motion.\u00a0<strong>\u00ab\u00a0C\u00e9dric a toujours voulu s\u2019engager pour les autres, et il faisait respecter la discipline, m\u00eame au sein du coll\u00e8ge, toujours tr\u00e8s droit. Malgr\u00e9 mes efforts pour le pousser \u00e0 continuer ses \u00e9tudes au lyc\u00e9e, il s\u2019est engag\u00e9 tr\u00e8s jeune dans la marine. Commando marine, c\u2019\u00e9tait son but.\u00a0\u00bb<\/strong><\/p>\n<h2 id=\"section-8-la-forfusco-a-lanester\">La Forfusco \u00e0 Lanester<\/h2>\n<p style=\"text-align: justify;\">1\u00a0500\u00a0militaires et civils travaillent sur la base, qui int\u00e8gre l\u2019\u00e9tat-major de la Force maritime des fusiliers marins et commandos, dirig\u00e9s par l\u2019amiral de Brian\u00e7on. Elle est compos\u00e9e de six\u00a0de sept\u00a0commandos marine, le commando Hubert \u00e9tat bas\u00e9 \u00e0 Saint-Mandrier. L\u2019\u00c9cole des fusiliers marins forme plus\u00a0de 2000 \u00e9l\u00e8ves chaque ann\u00e9e, la base int\u00e9grant\u00a0\u00e9galement\u00a0du personnel du Groupement de soutien de la base de D\u00e9fense et des marins pompiers. La base est dirig\u00e9e par le capitaine de fr\u00e9gate Philippe Laugier.<\/p>\n<p>&nbsp;<\/p>\n","protected":false},"excerpt":{"rendered":"<p>Le 17\u00a0 octobre , a \u00e9t\u00e9 inaugur\u00e9 \u00e0 Lanester ( 56 600 ), \u00e0 proximit\u00e9\u00a0 de l &lsquo;entr\u00e9e de la base des fusiliers &#8211; marins&#8230;<\/p>\n","protected":false},"author":329,"featured_media":9438,"comment_status":"closed","ping_status":"open","sticky":false,"template":"","format":"standard","meta":{"footnotes":""},"categories":[496,343],"tags":[610,605],"class_list":["post-9276","post","type-post","status-publish","format-standard","has-post-thumbnail","hentry","category-ceremonies-comite-de-lorient","category-comite-de-lorient","tag-ceremonies-lorient","tag-comite-smlh-du-pays-de-lorient","wpcat-496-id","wpcat-343-id"],"_links":{"self":[{"href":"http:\/\/www.semlh-morbihan.fr\/wordpress\/wp-json\/wp\/v2\/posts\/9276","targetHints":{"allow":["GET"]}}],"collection":[{"href":"http:\/\/www.semlh-morbihan.fr\/wordpress\/wp-json\/wp\/v2\/posts"}],"about":[{"href":"http:\/\/www.semlh-morbihan.fr\/wordpress\/wp-json\/wp\/v2\/types\/post"}],"author":[{"embeddable":true,"href":"http:\/\/www.semlh-morbihan.fr\/wordpress\/wp-json\/wp\/v2\/users\/329"}],"replies":[{"embeddable":true,"href":"http:\/\/www.semlh-morbihan.fr\/wordpress\/wp-json\/wp\/v2\/comments?post=9276"}],"version-history":[{"count":3,"href":"http:\/\/www.semlh-morbihan.fr\/wordpress\/wp-json\/wp\/v2\/posts\/9276\/revisions"}],"predecessor-version":[{"id":9439,"href":"http:\/\/www.semlh-morbihan.fr\/wordpress\/wp-json\/wp\/v2\/posts\/9276\/revisions\/9439"}],"wp:featuredmedia":[{"embeddable":true,"href":"http:\/\/www.semlh-morbihan.fr\/wordpress\/wp-json\/wp\/v2\/media\/9438"}],"wp:attachment":[{"href":"http:\/\/www.semlh-morbihan.fr\/wordpress\/wp-json\/wp\/v2\/media?parent=9276"}],"wp:term":[{"taxonomy":"category","embeddable":true,"href":"http:\/\/www.semlh-morbihan.fr\/wordpress\/wp-json\/wp\/v2\/categories?post=9276"},{"taxonomy":"post_tag","embeddable":true,"href":"http:\/\/www.semlh-morbihan.fr\/wordpress\/wp-json\/wp\/v2\/tags?post=9276"}],"curies":[{"name":"wp","href":"https:\/\/api.w.org\/{rel}","templated":true}]}}