{"id":9415,"date":"2023-11-05T19:33:55","date_gmt":"2023-11-05T18:33:55","guid":{"rendered":"http:\/\/www.semlh-morbihan.fr\/wordpress\/?p=9415"},"modified":"2023-11-19T19:34:48","modified_gmt":"2023-11-19T18:34:48","slug":"journee-du-souvenir-a-lorient-le-1er-novembre-2023","status":"publish","type":"post","link":"http:\/\/www.semlh-morbihan.fr\/wordpress\/2023\/11\/05\/journee-du-souvenir-a-lorient-le-1er-novembre-2023\/","title":{"rendered":"Journ\u00e9e du Souvenir \u00e0 Lorient, le 1er novembre 2023"},"content":{"rendered":"<p>&nbsp;<\/p>\n<p>Comme le veut la tradition , la journ\u00e9e nationale du Souvenir a \u00e9t\u00e9 c\u00e9l\u00e9br\u00e9e \u00e0 Lorient, le mercredi 1er novembre 2023.<\/p>\n<p>Apr\u00e8s une messe c\u00e9l\u00e9br\u00e9e en l &lsquo; \u00e9glise Notre-Dame-de-Victoire, les porte-drapeaux, les autorit\u00e9s civiles et militaires, les familles des d\u00e9funts et les d\u00e9l\u00e9gations d&rsquo;anciens combattants se sont retrouv\u00e9s au cimeti\u00e8re de Carnel afin de saluer la m\u00e9moire des morts pour la France, quelles que soient les \u00e9poques.<\/p>\n<p>A noter, la pr\u00e9sence d&rsquo;une d\u00e9l\u00e9gation de Jeunes stagiaires de le Pr\u00e9paration Militaire Marine de Lorient, qui ont d\u00e9but\u00e9 leur formation en septembre dernier.<\/p>\n<p>Au carr\u00e9 militaire, le monument affiche les noms des disparus en 1914-18 et en 1939-45 et aussi\u00a0 ceux des fusiliers &#8211; commandos morts en op\u00e9ration.<\/p>\n<p><span style=\"text-decoration: underline;\"><strong>\u00ab\u00a0On n&rsquo;oublie pas les h\u00e9ros morts pour la France<\/strong><\/span>\u00a0\u00bb a pr\u00e9cis\u00e9e Guy Pierron , pr\u00e9sident du Souvenir Fran\u00e7ais du Pays de Lorient.<\/p>\n<p>Comme \u00e0 chaque ann\u00e9e , notre Comit\u00e9 \u00e9tait repr\u00e9sent\u00e9 par plusieurs de ses membres, avec notre drapeau.<\/p>\n<p>&nbsp;<\/p>\n<p>C.V ( H ) Guy Sinel<\/p>\n<p>pr\u00e9sident du Comit\u00e9 SMLH du Pays de Lorient.<\/p>\n<p>&nbsp;<\/p>\n<figure id=\"attachment_9416\" aria-describedby=\"caption-attachment-9416\" style=\"width: 600px\" class=\"wp-caption aligncenter\"><img loading=\"lazy\" decoding=\"async\" class=\"size-medium wp-image-9416\" src=\"http:\/\/www.semlh-morbihan.fr\/wordpress\/wp-content\/uploads\/2023\/11\/IMG_6833-600x394.jpg\" alt=\"\" width=\"600\" height=\"394\" srcset=\"http:\/\/www.semlh-morbihan.fr\/wordpress\/wp-content\/uploads\/2023\/11\/IMG_6833-600x394.jpg 600w, http:\/\/www.semlh-morbihan.fr\/wordpress\/wp-content\/uploads\/2023\/11\/IMG_6833-1024x672.jpg 1024w, http:\/\/www.semlh-morbihan.fr\/wordpress\/wp-content\/uploads\/2023\/11\/IMG_6833-768x504.jpg 768w, http:\/\/www.semlh-morbihan.fr\/wordpress\/wp-content\/uploads\/2023\/11\/IMG_6833-1536x1009.jpg 1536w, http:\/\/www.semlh-morbihan.fr\/wordpress\/wp-content\/uploads\/2023\/11\/IMG_6833-2048x1345.jpg 2048w, http:\/\/www.semlh-morbihan.fr\/wordpress\/wp-content\/uploads\/2023\/11\/IMG_6833-1218x800.jpg 1218w\" sizes=\"auto, (max-width: 600px) 100vw, 600px\" \/><figcaption id=\"caption-attachment-9416\" class=\"wp-caption-text\">Les drapeaux devant le monument du carr\u00e9 militaire.<\/figcaption><\/figure>\n","protected":false},"excerpt":{"rendered":"<p>&nbsp; Comme le veut la tradition , la journ\u00e9e nationale du Souvenir a \u00e9t\u00e9 c\u00e9l\u00e9br\u00e9e \u00e0 Lorient, le mercredi 1er novembre 2023. Apr\u00e8s une messe&#8230;<\/p>\n","protected":false},"author":329,"featured_media":9416,"comment_status":"closed","ping_status":"open","sticky":false,"template":"","format":"standard","meta":{"footnotes":""},"categories":[496,343],"tags":[610,605],"class_list":["post-9415","post","type-post","status-publish","format-standard","has-post-thumbnail","hentry","category-ceremonies-comite-de-lorient","category-comite-de-lorient","tag-ceremonies-lorient","tag-comite-smlh-du-pays-de-lorient","wpcat-496-id","wpcat-343-id"],"_links":{"self":[{"href":"http:\/\/www.semlh-morbihan.fr\/wordpress\/wp-json\/wp\/v2\/posts\/9415","targetHints":{"allow":["GET"]}}],"collection":[{"href":"http:\/\/www.semlh-morbihan.fr\/wordpress\/wp-json\/wp\/v2\/posts"}],"about":[{"href":"http:\/\/www.semlh-morbihan.fr\/wordpress\/wp-json\/wp\/v2\/types\/post"}],"author":[{"embeddable":true,"href":"http:\/\/www.semlh-morbihan.fr\/wordpress\/wp-json\/wp\/v2\/users\/329"}],"replies":[{"embeddable":true,"href":"http:\/\/www.semlh-morbihan.fr\/wordpress\/wp-json\/wp\/v2\/comments?post=9415"}],"version-history":[{"count":2,"href":"http:\/\/www.semlh-morbihan.fr\/wordpress\/wp-json\/wp\/v2\/posts\/9415\/revisions"}],"predecessor-version":[{"id":9418,"href":"http:\/\/www.semlh-morbihan.fr\/wordpress\/wp-json\/wp\/v2\/posts\/9415\/revisions\/9418"}],"wp:featuredmedia":[{"embeddable":true,"href":"http:\/\/www.semlh-morbihan.fr\/wordpress\/wp-json\/wp\/v2\/media\/9416"}],"wp:attachment":[{"href":"http:\/\/www.semlh-morbihan.fr\/wordpress\/wp-json\/wp\/v2\/media?parent=9415"}],"wp:term":[{"taxonomy":"category","embeddable":true,"href":"http:\/\/www.semlh-morbihan.fr\/wordpress\/wp-json\/wp\/v2\/categories?post=9415"},{"taxonomy":"post_tag","embeddable":true,"href":"http:\/\/www.semlh-morbihan.fr\/wordpress\/wp-json\/wp\/v2\/tags?post=9415"}],"curies":[{"name":"wp","href":"https:\/\/api.w.org\/{rel}","templated":true}]}}