{"id":9424,"date":"2023-10-30T20:25:04","date_gmt":"2023-10-30T19:25:04","guid":{"rendered":"http:\/\/www.semlh-morbihan.fr\/wordpress\/?p=9424"},"modified":"2023-11-19T20:33:08","modified_gmt":"2023-11-19T19:33:08","slug":"inauguration-dune-rue-a-lanester-de-la-rue-cedric-de-pierrepont-le-17-octobre-2023","status":"publish","type":"post","link":"http:\/\/www.semlh-morbihan.fr\/wordpress\/2023\/10\/30\/inauguration-dune-rue-a-lanester-de-la-rue-cedric-de-pierrepont-le-17-octobre-2023\/","title":{"rendered":"Inauguration d&rsquo;une rue \u00e0 Lanester de la rue C\u00e9dric de Pierrepont le 17 octobre 2023"},"content":{"rendered":"<p class=\"ox-e64a9dbbe1-ox-10a0eaf6d9-ox-03fc36d868-msonormal\">\u00a0Le 17\u00a0 octobre, a \u00e9t\u00e9 inaugur\u00e9 \u00e0 Lanester ( 56 600 ), \u00e0 proximit\u00e9\u00a0 de l &lsquo;entr\u00e9e de la base des fusiliers &#8211; marins et commandos , la\u00a0 rue C\u00e9dric -de- Pierrepont, en pr\u00e9sence des autorit\u00e9s\u00a0 municipales et\u00a0 militaires.<\/p>\n<p class=\"ox-e64a9dbbe1-ox-10a0eaf6d9-ox-03fc36d868-msonormal\">Originaire de Lanester,\u00a0 ce\u00a0 commando -marine\u00a0 a \u00e9t\u00e9\u00a0 tu\u00e9,\u00a0 avec son camarade Alain\u00a0 Bertoncello, \u00a0 le 10 mai 2019, lors d&rsquo;une op\u00e9ration des forces sp\u00e9cialistes pour lib\u00e9rer des otages.<\/p>\n<p class=\"ox-e64a9dbbe1-ox-10a0eaf6d9-ox-03fc36d868-msonormal\">Il \u00e9tait\u00a0 affect\u00e9\u00a0 au Commando\u00a0 Hubert,\u00a0 sp\u00e9cialis\u00e9 dans des actions sous -marines et le contre -terrorisme.<\/p>\n<p class=\"ox-e64a9dbbe1-ox-10a0eaf6d9-ox-03fc36d868-msonormal\">\u00a0 \u00a0 le C.V ( H)\u00a0 Guy Sinel<\/p>\n<p class=\"ox-e64a9dbbe1-ox-10a0eaf6d9-ox-03fc36d868-msonormal\">\u00a0 \u00a0 pr\u00e9sident du Comit\u00e9 SMLH du\u00a0 Pays de Lorient<\/p>\n<p>&nbsp;<\/p>\n<figure id=\"attachment_9425\" aria-describedby=\"caption-attachment-9425\" style=\"width: 400px\" class=\"wp-caption aligncenter\"><img loading=\"lazy\" decoding=\"async\" class=\"size-medium wp-image-9425\" src=\"http:\/\/www.semlh-morbihan.fr\/wordpress\/wp-content\/uploads\/2023\/11\/Rue-Cedric-de-Pierrepont-2023-400x600.jpg\" alt=\"\" width=\"400\" height=\"600\" srcset=\"http:\/\/www.semlh-morbihan.fr\/wordpress\/wp-content\/uploads\/2023\/11\/Rue-Cedric-de-Pierrepont-2023-400x600.jpg 400w, http:\/\/www.semlh-morbihan.fr\/wordpress\/wp-content\/uploads\/2023\/11\/Rue-Cedric-de-Pierrepont-2023-683x1024.jpg 683w, http:\/\/www.semlh-morbihan.fr\/wordpress\/wp-content\/uploads\/2023\/11\/Rue-Cedric-de-Pierrepont-2023-768x1152.jpg 768w, http:\/\/www.semlh-morbihan.fr\/wordpress\/wp-content\/uploads\/2023\/11\/Rue-Cedric-de-Pierrepont-2023-1024x1536.jpg 1024w, http:\/\/www.semlh-morbihan.fr\/wordpress\/wp-content\/uploads\/2023\/11\/Rue-Cedric-de-Pierrepont-2023-1365x2048.jpg 1365w, http:\/\/www.semlh-morbihan.fr\/wordpress\/wp-content\/uploads\/2023\/11\/Rue-Cedric-de-Pierrepont-2023-1218x1827.jpg 1218w, http:\/\/www.semlh-morbihan.fr\/wordpress\/wp-content\/uploads\/2023\/11\/Rue-Cedric-de-Pierrepont-2023-scaled.jpg 1707w\" sizes=\"auto, (max-width: 400px) 100vw, 400px\" \/><figcaption id=\"caption-attachment-9425\" class=\"wp-caption-text\">Plaque port\u00e9 par un marin, le maire de Lanester et le drapeaux de notre comit\u00e9 port\u00e9 par Pierre S2ailles.<\/figcaption><\/figure>\n","protected":false},"excerpt":{"rendered":"<p>\u00a0Le 17\u00a0 octobre, a \u00e9t\u00e9 inaugur\u00e9 \u00e0 Lanester ( 56 600 ), \u00e0 proximit\u00e9\u00a0 de l &lsquo;entr\u00e9e de la base des fusiliers &#8211; marins et&#8230;<\/p>\n","protected":false},"author":329,"featured_media":9425,"comment_status":"closed","ping_status":"open","sticky":false,"template":"","format":"standard","meta":{"footnotes":""},"categories":[496,343],"tags":[610,605],"class_list":["post-9424","post","type-post","status-publish","format-standard","has-post-thumbnail","hentry","category-ceremonies-comite-de-lorient","category-comite-de-lorient","tag-ceremonies-lorient","tag-comite-smlh-du-pays-de-lorient","wpcat-496-id","wpcat-343-id"],"_links":{"self":[{"href":"http:\/\/www.semlh-morbihan.fr\/wordpress\/wp-json\/wp\/v2\/posts\/9424","targetHints":{"allow":["GET"]}}],"collection":[{"href":"http:\/\/www.semlh-morbihan.fr\/wordpress\/wp-json\/wp\/v2\/posts"}],"about":[{"href":"http:\/\/www.semlh-morbihan.fr\/wordpress\/wp-json\/wp\/v2\/types\/post"}],"author":[{"embeddable":true,"href":"http:\/\/www.semlh-morbihan.fr\/wordpress\/wp-json\/wp\/v2\/users\/329"}],"replies":[{"embeddable":true,"href":"http:\/\/www.semlh-morbihan.fr\/wordpress\/wp-json\/wp\/v2\/comments?post=9424"}],"version-history":[{"count":3,"href":"http:\/\/www.semlh-morbihan.fr\/wordpress\/wp-json\/wp\/v2\/posts\/9424\/revisions"}],"predecessor-version":[{"id":9428,"href":"http:\/\/www.semlh-morbihan.fr\/wordpress\/wp-json\/wp\/v2\/posts\/9424\/revisions\/9428"}],"wp:featuredmedia":[{"embeddable":true,"href":"http:\/\/www.semlh-morbihan.fr\/wordpress\/wp-json\/wp\/v2\/media\/9425"}],"wp:attachment":[{"href":"http:\/\/www.semlh-morbihan.fr\/wordpress\/wp-json\/wp\/v2\/media?parent=9424"}],"wp:term":[{"taxonomy":"category","embeddable":true,"href":"http:\/\/www.semlh-morbihan.fr\/wordpress\/wp-json\/wp\/v2\/categories?post=9424"},{"taxonomy":"post_tag","embeddable":true,"href":"http:\/\/www.semlh-morbihan.fr\/wordpress\/wp-json\/wp\/v2\/tags?post=9424"}],"curies":[{"name":"wp","href":"https:\/\/api.w.org\/{rel}","templated":true}]}}