{"id":9430,"date":"2023-11-20T18:10:12","date_gmt":"2023-11-20T17:10:12","guid":{"rendered":"http:\/\/www.semlh-morbihan.fr\/wordpress\/?p=9430"},"modified":"2023-11-23T18:29:29","modified_gmt":"2023-11-23T17:29:29","slug":"ceremonie-du-11-novembre-2023-a-lorient","status":"publish","type":"post","link":"http:\/\/www.semlh-morbihan.fr\/wordpress\/2023\/11\/20\/ceremonie-du-11-novembre-2023-a-lorient\/","title":{"rendered":"C\u00e9r\u00e9monie du 11 novembre 2023 \u00e0 Lorient"},"content":{"rendered":"<p style=\"text-align: center;\">\u00a0<span style=\"text-decoration: underline;\"><strong>C\u00e9r\u00e9monie du\u00a0 11 novembre\u00a0 Lorient &#8211; de nombreux\u00a0 jeunes\u00a0 et un public important.<\/strong><\/span><\/p>\n<p>Apr\u00e8s la messe\u00a0 en l &lsquo; \u00e9glise\u00a0 Notre-Dame-de &#8211; Victoire\u00a0 \u00a0se sont\u00a0 retrouv\u00e9s\u00a0 \u00a0place Glotin ,\u00a0 les autorit\u00e9s civiles et militaires , des d\u00e9l\u00e9gation s de militaires\u00a0 et d &lsquo;anciens combattants\u00a0 et des jeunes \u00e9l\u00e8ves des \u00e9coles, des coll\u00e8gues et des lyc\u00e9es, pour la 105\u00e8me comm\u00e9moration\u00a0 de l &lsquo;Armistice 1918.<\/p>\n<p>Une remise de d\u00e9corations\u00a0 a eu lieu pour deux officiers\u00a0 de\u00a0 Marine qui ont re\u00e7u\u00a0 la croix de\u00a0 chevalier de la L.H\u00a0 et\u00a0 \u00a0la m\u00e9daille militaire pour un officier-marinier.<\/p>\n<p>Puis apr\u00e8s une lecture de texte\u00a0 par des \u00e9l\u00e8ves des \u00e9coles et des lyc\u00e9es, le Sous -Pr\u00e9fet de\u00a0 Lorient a lu\u00a0 le\u00a0 message\u00a0 du ministre des Arm\u00e9es.<\/p>\n<p>La\u00a0 Marseillaise a\u00a0 \u00e9t\u00e9 notamment chant\u00e9e par les \u00e9l\u00e8ves des \u00e9tablissements\u00a0 scolaires et\u00a0trois\u00a0 jeunes du conseil municipal des enfants ont pr\u00e9c\u00e9d\u00e9 les autorit\u00e9s pour le d\u00e9p\u00f4t de gerbes .<\/p>\n<p>Chaque porte-drapeau\u00a0 \u00e9tait accompagn\u00e9\u00a0 par un jeune\u00a0 Cadet de la s\u00e9curit\u00e9 civite du coll\u00e8ge de tr\u00e9faven.<\/p>\n<p>Notre Comit\u00e9\u00a0 \u00a0a\u00a0 particip\u00e9\u00a0 \u00a0\u00e0 cette c\u00e9r\u00e9monie\u00a0 avec\u00a0 plusieurs membres et son drapeau.<\/p>\n<p>La\u00a0 c\u00e9r\u00e9monie s &lsquo;est achev\u00e9e dans\u00a0 le salon d &lsquo;honneur de l&rsquo;h\u00f4tel\u00a0 de ville\u00a0 ;\u00a0 le\u00a0 Maire de\u00a0 Lorient a remerci\u00e9\u00a0 les participants \u00e0 cette c\u00e9r\u00e9monie et notamment, les\u00a0 jeunes avant que\u00a0 l&rsquo;harmonie\u00a0 municipale\u00a0 commence\u00a0 de jouer .<\/p>\n<p>C.V ( H)\u00a0 Guy Sinel<br \/>\npr\u00e9sident du Comit\u00e9 du Pays de Lorient\u00a0 SMLH<\/p>\n<figure id=\"attachment_9432\" aria-describedby=\"caption-attachment-9432\" style=\"width: 600px\" class=\"wp-caption aligncenter\"><img loading=\"lazy\" decoding=\"async\" class=\"size-medium wp-image-9432\" src=\"http:\/\/www.semlh-morbihan.fr\/wordpress\/wp-content\/uploads\/2023\/11\/IMG_6876-600x393.jpg\" alt=\"\" width=\"600\" height=\"393\" srcset=\"http:\/\/www.semlh-morbihan.fr\/wordpress\/wp-content\/uploads\/2023\/11\/IMG_6876-600x393.jpg 600w, http:\/\/www.semlh-morbihan.fr\/wordpress\/wp-content\/uploads\/2023\/11\/IMG_6876-1024x671.jpg 1024w, http:\/\/www.semlh-morbihan.fr\/wordpress\/wp-content\/uploads\/2023\/11\/IMG_6876-768x503.jpg 768w, http:\/\/www.semlh-morbihan.fr\/wordpress\/wp-content\/uploads\/2023\/11\/IMG_6876-1536x1006.jpg 1536w, http:\/\/www.semlh-morbihan.fr\/wordpress\/wp-content\/uploads\/2023\/11\/IMG_6876-2048x1342.jpg 2048w, http:\/\/www.semlh-morbihan.fr\/wordpress\/wp-content\/uploads\/2023\/11\/IMG_6876-1218x798.jpg 1218w\" sizes=\"auto, (max-width: 600px) 100vw, 600px\" \/><figcaption id=\"caption-attachment-9432\" class=\"wp-caption-text\">D\u00e9p\u00f4t de gerbes par les autorit\u00e9s civiles et militaires avec 3 jeunes du conseil municipal pour enfants<\/figcaption><\/figure>\n<p>&nbsp;<\/p>\n<figure id=\"attachment_9433\" aria-describedby=\"caption-attachment-9433\" style=\"width: 600px\" class=\"wp-caption aligncenter\"><img loading=\"lazy\" decoding=\"async\" class=\"size-medium wp-image-9433\" src=\"http:\/\/www.semlh-morbihan.fr\/wordpress\/wp-content\/uploads\/2023\/11\/IMG_6895-600x430.jpg\" alt=\"\" width=\"600\" height=\"430\" srcset=\"http:\/\/www.semlh-morbihan.fr\/wordpress\/wp-content\/uploads\/2023\/11\/IMG_6895-600x430.jpg 600w, http:\/\/www.semlh-morbihan.fr\/wordpress\/wp-content\/uploads\/2023\/11\/IMG_6895-1024x734.jpg 1024w, http:\/\/www.semlh-morbihan.fr\/wordpress\/wp-content\/uploads\/2023\/11\/IMG_6895-768x550.jpg 768w, http:\/\/www.semlh-morbihan.fr\/wordpress\/wp-content\/uploads\/2023\/11\/IMG_6895-1536x1100.jpg 1536w, http:\/\/www.semlh-morbihan.fr\/wordpress\/wp-content\/uploads\/2023\/11\/IMG_6895-2048x1467.jpg 2048w, http:\/\/www.semlh-morbihan.fr\/wordpress\/wp-content\/uploads\/2023\/11\/IMG_6895-1218x873.jpg 1218w\" sizes=\"auto, (max-width: 600px) 100vw, 600px\" \/><figcaption id=\"caption-attachment-9433\" class=\"wp-caption-text\">Chaque porte-drapeau \u00e9tait accompagn\u00e9 par un cadet de la s\u00e9curit\u00e9 civile du coll\u00e8ge de Tr\u00e9faven dont notre porte-drapeaux, Pierre S\u00e9ailles, \u00e0 gauche de la photo, accompagn\u00e9 d&rsquo;une jeune cadette.<\/figcaption><\/figure>\n","protected":false},"excerpt":{"rendered":"<p>\u00a0C\u00e9r\u00e9monie du\u00a0 11 novembre\u00a0 Lorient &#8211; de nombreux\u00a0 jeunes\u00a0 et un public important. Apr\u00e8s la messe\u00a0 en l &lsquo; \u00e9glise\u00a0 Notre-Dame-de &#8211; Victoire\u00a0 \u00a0se sont\u00a0&#8230;<\/p>\n","protected":false},"author":329,"featured_media":9433,"comment_status":"closed","ping_status":"open","sticky":false,"template":"","format":"standard","meta":{"footnotes":""},"categories":[496,343],"tags":[610,605],"class_list":["post-9430","post","type-post","status-publish","format-standard","has-post-thumbnail","hentry","category-ceremonies-comite-de-lorient","category-comite-de-lorient","tag-ceremonies-lorient","tag-comite-smlh-du-pays-de-lorient","wpcat-496-id","wpcat-343-id"],"_links":{"self":[{"href":"http:\/\/www.semlh-morbihan.fr\/wordpress\/wp-json\/wp\/v2\/posts\/9430","targetHints":{"allow":["GET"]}}],"collection":[{"href":"http:\/\/www.semlh-morbihan.fr\/wordpress\/wp-json\/wp\/v2\/posts"}],"about":[{"href":"http:\/\/www.semlh-morbihan.fr\/wordpress\/wp-json\/wp\/v2\/types\/post"}],"author":[{"embeddable":true,"href":"http:\/\/www.semlh-morbihan.fr\/wordpress\/wp-json\/wp\/v2\/users\/329"}],"replies":[{"embeddable":true,"href":"http:\/\/www.semlh-morbihan.fr\/wordpress\/wp-json\/wp\/v2\/comments?post=9430"}],"version-history":[{"count":3,"href":"http:\/\/www.semlh-morbihan.fr\/wordpress\/wp-json\/wp\/v2\/posts\/9430\/revisions"}],"predecessor-version":[{"id":9435,"href":"http:\/\/www.semlh-morbihan.fr\/wordpress\/wp-json\/wp\/v2\/posts\/9430\/revisions\/9435"}],"wp:featuredmedia":[{"embeddable":true,"href":"http:\/\/www.semlh-morbihan.fr\/wordpress\/wp-json\/wp\/v2\/media\/9433"}],"wp:attachment":[{"href":"http:\/\/www.semlh-morbihan.fr\/wordpress\/wp-json\/wp\/v2\/media?parent=9430"}],"wp:term":[{"taxonomy":"category","embeddable":true,"href":"http:\/\/www.semlh-morbihan.fr\/wordpress\/wp-json\/wp\/v2\/categories?post=9430"},{"taxonomy":"post_tag","embeddable":true,"href":"http:\/\/www.semlh-morbihan.fr\/wordpress\/wp-json\/wp\/v2\/tags?post=9430"}],"curies":[{"name":"wp","href":"https:\/\/api.w.org\/{rel}","templated":true}]}}