{"id":9464,"date":"2024-02-11T19:58:57","date_gmt":"2024-02-11T18:58:57","guid":{"rendered":"http:\/\/www.semlh-morbihan.fr\/wordpress\/?p=9464"},"modified":"2024-02-11T19:58:57","modified_gmt":"2024-02-11T18:58:57","slug":"voeux-du-comite-du-pays-de-lorient-le-vendredi-2-fevrier-2024","status":"publish","type":"post","link":"http:\/\/www.semlh-morbihan.fr\/wordpress\/2024\/02\/11\/voeux-du-comite-du-pays-de-lorient-le-vendredi-2-fevrier-2024\/","title":{"rendered":"Voeux du comit\u00e9 du pays de Lorient le vendredi 2 f\u00e9vrier 2024"},"content":{"rendered":"<p>Le vendredi 02 f\u00e9vrier , s&rsquo;est d\u00e9roul\u00e9 au cercle mixte de Lorient la traditionnelle c\u00e9r\u00e9monie des voeux .<\/p>\n<p>Le pr\u00e9sident Guy Sinel a remerci\u00e9 les pr\u00e9sents et \u00e0 souligner la pr\u00e9sence de 3 membres de notre Comit\u00e9 qui participaient pour la premi\u00e8re fois \u00e0 cette rencontre. Ensuite , il a \u00e9voqu\u00e9 l &lsquo;ann\u00e9e 2023 :<\/p>\n<ul>\n<li>ambiance de conflit arm\u00e9 \u00e0 la porte de l &lsquo; Europe , avec l &lsquo;enlisement du conflit de la guerre en Ukraine et les combats isra\u00e9lo-palestiniens<\/li>\n<li>\u00a0dans notre pays de fortes tensions sociales et des \u00e9v\u00e9nements climatiques d&rsquo;une ampleur importante dans plusieurs r\u00e9gions.<\/li>\n<\/ul>\n<p>Ce qui n &lsquo;a pas emp\u00each\u00e9 notre de Comit\u00e9 de continuer ses actions. Il a rappel\u00e9 bri\u00e8vement les actions r\u00e9alis\u00e9es et notamment :<\/p>\n<p style=\"text-align: justify; padding-left: 40px;\">* les actions de rayonnement .<\/p>\n<p style=\"padding-left: 40px;\">* laur\u00e9at \u00e0 l &lsquo; Honneur en Action ( HEA) pour notre concours envers les Cadets du coll\u00e9ge de Tr\u00e9faven de Lorient.<\/p>\n<p style=\"padding-left: 40px;\">* journ\u00e9e L.H \u00e0 Lorient, avec pr\u00e9sentation d &lsquo;un Lorientais pour son exemplarit\u00e9.<\/p>\n<p>Puis, il a abord\u00e9 2024, avec de futures r\u00e9alisations :<\/p>\n<ul>\n<li>nouveau laur\u00e9at pour pour HEA pour notre projet &lsquo;\u00a0\u00bbOutil en Main \u00a0\u00bb pour la communaut\u00e9 de communes Blavet Bellevue Oc\u00e9an.<\/li>\n<\/ul>\n<ul>\n<li>la journ\u00e9e L.H \u00e0 Lorient avec la pr\u00e9sentation de la vie et oeuvre de l&rsquo;amiral Ronarc&rsquo;h,<\/li>\n<li>\u00a0l &lsquo; Assembl\u00e9e G\u00e9n\u00e9rale Nationale SMLH \u00e0 Brest, du 25 au 27 juin en souhaitant que le Comit\u00e9 de Lorient y soit bien repr\u00e9sent\u00e9.<\/li>\n<\/ul>\n<p>Le parcours de la Flamme de la Nation, en souvenir de la Lib\u00e9ration de la Bretagne, se d\u00e9roulera le mardi 25 juin ; pour notre d\u00e9partement, elle sera port\u00e9e par les Cadets du coll\u00e8ge de Lorient.<\/p>\n<p>Pour conclure, il a pr\u00e9sent\u00e9 tous ses meilleurs souhaits aux membres pr\u00e9sents en esp\u00e9rant que cette nouvelle ann\u00e9e nous \u00e9pargne des accidents de la vie.<\/p>\n<p>Et, il aussi formul\u00e9 des v\u0153ux de r\u00e9ussite pour les actions d&rsquo;Entraide envers nos plus anciens membres et aussi pour celles au Profit des jeunes\u00a0 qui sont l &lsquo;avenir de notre pays.<\/p>\n<p>Bon vent pour la travers\u00e9e de 2024.<\/p>\n<p>CV(H) Guy SINEL<\/p>\n<p>pr\u00e9sident du comit\u00e9 SMLH du pays de Lorient<\/p>\n<figure id=\"attachment_9466\" aria-describedby=\"caption-attachment-9466\" style=\"width: 600px\" class=\"wp-caption aligncenter\"><img loading=\"lazy\" decoding=\"async\" class=\"size-medium wp-image-9466\" src=\"http:\/\/www.semlh-morbihan.fr\/wordpress\/wp-content\/uploads\/2024\/02\/IMG_9568-600x338.jpg\" alt=\"\" width=\"600\" height=\"338\" srcset=\"http:\/\/www.semlh-morbihan.fr\/wordpress\/wp-content\/uploads\/2024\/02\/IMG_9568-600x338.jpg 600w, http:\/\/www.semlh-morbihan.fr\/wordpress\/wp-content\/uploads\/2024\/02\/IMG_9568.jpg 640w\" sizes=\"auto, (max-width: 600px) 100vw, 600px\" \/><figcaption id=\"caption-attachment-9466\" class=\"wp-caption-text\">les voeux du pr\u00e9isdent<\/figcaption><\/figure>\n<figure id=\"attachment_9467\" aria-describedby=\"caption-attachment-9467\" style=\"width: 338px\" class=\"wp-caption aligncenter\"><img loading=\"lazy\" decoding=\"async\" class=\"size-medium wp-image-9467\" src=\"http:\/\/www.semlh-morbihan.fr\/wordpress\/wp-content\/uploads\/2024\/02\/IMG_9576-338x600.jpg\" alt=\"\" width=\"338\" height=\"600\" srcset=\"http:\/\/www.semlh-morbihan.fr\/wordpress\/wp-content\/uploads\/2024\/02\/IMG_9576-338x600.jpg 338w, http:\/\/www.semlh-morbihan.fr\/wordpress\/wp-content\/uploads\/2024\/02\/IMG_9576.jpg 360w\" sizes=\"auto, (max-width: 338px) 100vw, 338px\" \/><figcaption id=\"caption-attachment-9467\" class=\"wp-caption-text\">Pierre G\u00e9nin et sa musique lros du repas qui a suivi<\/figcaption><\/figure>\n","protected":false},"excerpt":{"rendered":"<p>Le vendredi 02 f\u00e9vrier , s&rsquo;est d\u00e9roul\u00e9 au cercle mixte de Lorient la traditionnelle c\u00e9r\u00e9monie des voeux . Le pr\u00e9sident Guy Sinel a remerci\u00e9 les&#8230;<\/p>\n","protected":false},"author":329,"featured_media":9468,"comment_status":"closed","ping_status":"open","sticky":false,"template":"","format":"standard","meta":{"footnotes":""},"categories":[355,343],"tags":[604],"class_list":["post-9464","post","type-post","status-publish","format-standard","has-post-thumbnail","hentry","category-actualites-comite-de-lorient","category-comite-de-lorient","tag-compte-rendu-lorient","wpcat-355-id","wpcat-343-id"],"_links":{"self":[{"href":"http:\/\/www.semlh-morbihan.fr\/wordpress\/wp-json\/wp\/v2\/posts\/9464","targetHints":{"allow":["GET"]}}],"collection":[{"href":"http:\/\/www.semlh-morbihan.fr\/wordpress\/wp-json\/wp\/v2\/posts"}],"about":[{"href":"http:\/\/www.semlh-morbihan.fr\/wordpress\/wp-json\/wp\/v2\/types\/post"}],"author":[{"embeddable":true,"href":"http:\/\/www.semlh-morbihan.fr\/wordpress\/wp-json\/wp\/v2\/users\/329"}],"replies":[{"embeddable":true,"href":"http:\/\/www.semlh-morbihan.fr\/wordpress\/wp-json\/wp\/v2\/comments?post=9464"}],"version-history":[{"count":2,"href":"http:\/\/www.semlh-morbihan.fr\/wordpress\/wp-json\/wp\/v2\/posts\/9464\/revisions"}],"predecessor-version":[{"id":9469,"href":"http:\/\/www.semlh-morbihan.fr\/wordpress\/wp-json\/wp\/v2\/posts\/9464\/revisions\/9469"}],"wp:featuredmedia":[{"embeddable":true,"href":"http:\/\/www.semlh-morbihan.fr\/wordpress\/wp-json\/wp\/v2\/media\/9468"}],"wp:attachment":[{"href":"http:\/\/www.semlh-morbihan.fr\/wordpress\/wp-json\/wp\/v2\/media?parent=9464"}],"wp:term":[{"taxonomy":"category","embeddable":true,"href":"http:\/\/www.semlh-morbihan.fr\/wordpress\/wp-json\/wp\/v2\/categories?post=9464"},{"taxonomy":"post_tag","embeddable":true,"href":"http:\/\/www.semlh-morbihan.fr\/wordpress\/wp-json\/wp\/v2\/tags?post=9464"}],"curies":[{"name":"wp","href":"https:\/\/api.w.org\/{rel}","templated":true}]}}