{"id":9471,"date":"2024-01-11T20:02:39","date_gmt":"2024-01-11T19:02:39","guid":{"rendered":"http:\/\/www.semlh-morbihan.fr\/wordpress\/?p=9471"},"modified":"2024-02-11T20:21:18","modified_gmt":"2024-02-11T19:21:18","slug":"remise-du-fanion-de-la-pmm-preparation-marine-a-kervignac-le-16-decembre-2023","status":"publish","type":"post","link":"http:\/\/www.semlh-morbihan.fr\/wordpress\/2024\/01\/11\/remise-du-fanion-de-la-pmm-preparation-marine-a-kervignac-le-16-decembre-2023\/","title":{"rendered":"Remise du fanion de la PMM (pr\u00e9paration marine) \u00e0 Kervignac le 16 d\u00e9cembre 2023"},"content":{"rendered":"<p style=\"text-align: center;\"><span style=\"text-decoration: underline;\"><strong>Pr\u00e9paration Militaire Marine de Lorient<\/strong><\/span><\/p>\n<p style=\"text-align: justify;\">Le samedi 16 d\u00e9cembre s\u2019est d\u00e9roul\u00e9e la traditionnelle remise de Fanion aux 49 stagiaires de la PPM (pr\u00e9paration marine) de Lorient, portant le nom \u00ab\u00a0Amiral Ronarc&rsquo;h \u00ab\u00a0,sur le parvis de l\u2019\u00e9glise de Kervignac .<\/p>\n<p style=\"text-align: justify;\">Cette 56\u00e8me promotion comprend 49 stagiaires (dont 19 jeunes femmes), originaires de 26 communes et 5 stagiaires sont de Kervignac. Elle a d\u00e9but\u00e9 fin ao\u00fbt et s&rsquo;ach\u00e8vera fin mai 2024 \u00e0 Ploemeur par les remises des insignes, des brevets et des prix dont le n\u00f4tre.<\/p>\n<p style=\"text-align: justify;\">Cette c\u00e9r\u00e9monie s&rsquo;est tenue en pr\u00e9sence de plusieurs \u00e9lus, dont la maire de Kervignac, et du s\u00e9nateur Yves Bleunven ainsi que des repr\u00e9sentants de plusieurs associations, les porte-drapeaux et les familles des stagiaires.<\/p>\n<p style=\"text-align: justify;\">La c\u00e9r\u00e9monie a \u00e9t\u00e9 pr\u00e9sid\u00e9e par le Capitaine de Fr\u00e9gate Rigot, commandant en second de la fr\u00e9gate de D\u00e9fense et d&rsquo;Intervention (FDI) Amiral Ronarc&rsquo;h.<\/p>\n<p style=\"text-align: justify;\">Notre Comit\u00e9 \u00e9tait repr\u00e9sent\u00e9 par notre porte-drapeau Pierre S\u00e9ailles, le vice-pr\u00e9sident Guy de Fombelle, Hubert de Lageneste et le pr\u00e9sident.<\/p>\n<p style=\"text-align: justify;\">C.V (H) Guy SINEL<\/p>\n<p style=\"text-align: justify;\">pr\u00e9sident du Comit\u00e9 S.M.L.H. du Pays de Lorient<\/p>\n<figure id=\"attachment_9476\" aria-describedby=\"caption-attachment-9476\" style=\"width: 338px\" class=\"wp-caption aligncenter\"><img loading=\"lazy\" decoding=\"async\" class=\"size-medium wp-image-9476\" src=\"http:\/\/www.semlh-morbihan.fr\/wordpress\/wp-content\/uploads\/2024\/01\/IMG_8971-338x600.jpg\" alt=\"\" width=\"338\" height=\"600\" srcset=\"http:\/\/www.semlh-morbihan.fr\/wordpress\/wp-content\/uploads\/2024\/01\/IMG_8971-338x600.jpg 338w, http:\/\/www.semlh-morbihan.fr\/wordpress\/wp-content\/uploads\/2024\/01\/IMG_8971.jpg 360w\" sizes=\"auto, (max-width: 338px) 100vw, 338px\" \/><figcaption id=\"caption-attachment-9476\" class=\"wp-caption-text\">le d\u00e9fil\u00e9 des stagiaires<\/figcaption><\/figure>\n<figure id=\"attachment_9475\" aria-describedby=\"caption-attachment-9475\" style=\"width: 600px\" class=\"wp-caption aligncenter\"><img loading=\"lazy\" decoding=\"async\" class=\"size-medium wp-image-9475\" src=\"http:\/\/www.semlh-morbihan.fr\/wordpress\/wp-content\/uploads\/2024\/01\/IMG_8969-600x338.jpg\" alt=\"\" width=\"600\" height=\"338\" srcset=\"http:\/\/www.semlh-morbihan.fr\/wordpress\/wp-content\/uploads\/2024\/01\/IMG_8969-600x338.jpg 600w, http:\/\/www.semlh-morbihan.fr\/wordpress\/wp-content\/uploads\/2024\/01\/IMG_8969.jpg 640w\" sizes=\"auto, (max-width: 600px) 100vw, 600px\" \/><figcaption id=\"caption-attachment-9475\" class=\"wp-caption-text\">la garde et le fanion<\/figcaption><\/figure>\n<figure id=\"attachment_9474\" aria-describedby=\"caption-attachment-9474\" style=\"width: 600px\" class=\"wp-caption aligncenter\"><img loading=\"lazy\" decoding=\"async\" class=\"size-medium wp-image-9474\" src=\"http:\/\/www.semlh-morbihan.fr\/wordpress\/wp-content\/uploads\/2024\/01\/IMG_8965-600x338.jpg\" alt=\"\" width=\"600\" height=\"338\" srcset=\"http:\/\/www.semlh-morbihan.fr\/wordpress\/wp-content\/uploads\/2024\/01\/IMG_8965-600x338.jpg 600w, http:\/\/www.semlh-morbihan.fr\/wordpress\/wp-content\/uploads\/2024\/01\/IMG_8965.jpg 640w\" sizes=\"auto, (max-width: 600px) 100vw, 600px\" \/><figcaption id=\"caption-attachment-9474\" class=\"wp-caption-text\">les drapeaux<\/figcaption><\/figure>\n<figure id=\"attachment_9473\" aria-describedby=\"caption-attachment-9473\" style=\"width: 338px\" class=\"wp-caption aligncenter\"><img loading=\"lazy\" decoding=\"async\" class=\"size-medium wp-image-9473\" src=\"http:\/\/www.semlh-morbihan.fr\/wordpress\/wp-content\/uploads\/2024\/01\/IMG_8964-338x600.jpg\" alt=\"\" width=\"338\" height=\"600\" \/><figcaption id=\"caption-attachment-9473\" class=\"wp-caption-text\">les stagiaires PMM de Lorient<\/figcaption><\/figure>\n","protected":false},"excerpt":{"rendered":"<p>Pr\u00e9paration Militaire Marine de Lorient Le samedi 16 d\u00e9cembre s\u2019est d\u00e9roul\u00e9e la traditionnelle remise de Fanion aux 49 stagiaires de la PPM (pr\u00e9paration marine) de&#8230;<\/p>\n","protected":false},"author":329,"featured_media":9479,"comment_status":"closed","ping_status":"open","sticky":false,"template":"","format":"standard","meta":{"footnotes":""},"categories":[496,343],"tags":[610,605,604],"class_list":["post-9471","post","type-post","status-publish","format-standard","has-post-thumbnail","hentry","category-ceremonies-comite-de-lorient","category-comite-de-lorient","tag-ceremonies-lorient","tag-comite-smlh-du-pays-de-lorient","tag-compte-rendu-lorient","wpcat-496-id","wpcat-343-id"],"_links":{"self":[{"href":"http:\/\/www.semlh-morbihan.fr\/wordpress\/wp-json\/wp\/v2\/posts\/9471","targetHints":{"allow":["GET"]}}],"collection":[{"href":"http:\/\/www.semlh-morbihan.fr\/wordpress\/wp-json\/wp\/v2\/posts"}],"about":[{"href":"http:\/\/www.semlh-morbihan.fr\/wordpress\/wp-json\/wp\/v2\/types\/post"}],"author":[{"embeddable":true,"href":"http:\/\/www.semlh-morbihan.fr\/wordpress\/wp-json\/wp\/v2\/users\/329"}],"replies":[{"embeddable":true,"href":"http:\/\/www.semlh-morbihan.fr\/wordpress\/wp-json\/wp\/v2\/comments?post=9471"}],"version-history":[{"count":4,"href":"http:\/\/www.semlh-morbihan.fr\/wordpress\/wp-json\/wp\/v2\/posts\/9471\/revisions"}],"predecessor-version":[{"id":9480,"href":"http:\/\/www.semlh-morbihan.fr\/wordpress\/wp-json\/wp\/v2\/posts\/9471\/revisions\/9480"}],"wp:featuredmedia":[{"embeddable":true,"href":"http:\/\/www.semlh-morbihan.fr\/wordpress\/wp-json\/wp\/v2\/media\/9479"}],"wp:attachment":[{"href":"http:\/\/www.semlh-morbihan.fr\/wordpress\/wp-json\/wp\/v2\/media?parent=9471"}],"wp:term":[{"taxonomy":"category","embeddable":true,"href":"http:\/\/www.semlh-morbihan.fr\/wordpress\/wp-json\/wp\/v2\/categories?post=9471"},{"taxonomy":"post_tag","embeddable":true,"href":"http:\/\/www.semlh-morbihan.fr\/wordpress\/wp-json\/wp\/v2\/tags?post=9471"}],"curies":[{"name":"wp","href":"https:\/\/api.w.org\/{rel}","templated":true}]}}