{"id":9481,"date":"2024-06-12T16:59:47","date_gmt":"2024-06-12T14:59:47","guid":{"rendered":"http:\/\/www.semlh-morbihan.fr\/wordpress\/?p=9481"},"modified":"2025-03-15T16:26:42","modified_gmt":"2025-03-15T15:26:42","slug":"les-conferences-de-la-11eme-session-de-devenir-francais","status":"publish","type":"post","link":"http:\/\/www.semlh-morbihan.fr\/wordpress\/2024\/06\/12\/les-conferences-de-la-11eme-session-de-devenir-francais\/","title":{"rendered":"Les conf\u00e9rences de la 11\u00e8me session de \u00ab\u00a0Devenir Fran\u00e7ais\u00a0\u00bb"},"content":{"rendered":"<p>Vous trouverez, ci-dessous, les diff\u00e9rents liens afin d&rsquo;acc\u00e9der aux conf\u00e9rences conduites dans la salle du conseil d\u00e9partemental, au profit des candidats \u00e0 la naturalisation en 2023. Les conf\u00e9rences sont mises en ligne \u00e0 l&rsquo;issue de leurs pr\u00e9sentations au conseil d\u00e9partemental ; le lien appara\u00eet en bleu et permet d&rsquo;acc\u00e9der aux divers documents dans les versions Powerpoint de Microsoft, PDF d&rsquo;Acrobat Reader et de XPS, version native de Microsoft semblable \u00e0 la version PDF.<\/p>\n<figure id=\"attachment_9483\" aria-describedby=\"caption-attachment-9483\" style=\"width: 600px\" class=\"wp-caption aligncenter\"><img loading=\"lazy\" decoding=\"async\" class=\"size-medium wp-image-9483\" src=\"http:\/\/www.semlh-morbihan.fr\/wordpress\/wp-content\/uploads\/2024\/02\/image0000001-600x154.jpg\" alt=\"\" width=\"600\" height=\"154\" srcset=\"http:\/\/www.semlh-morbihan.fr\/wordpress\/wp-content\/uploads\/2024\/02\/image0000001-600x154.jpg 600w, http:\/\/www.semlh-morbihan.fr\/wordpress\/wp-content\/uploads\/2024\/02\/image0000001.jpg 736w\" sizes=\"auto, (max-width: 600px) 100vw, 600px\" \/><figcaption id=\"caption-attachment-9483\" class=\"wp-caption-text\">vue des auditeurs lors de la 1\u00e8re s\u00e9ance le 6 f\u00e9vrier 2024 au conseil d\u00e9partemental<\/figcaption><\/figure>\n<h3><span style=\"text-decoration: underline;\"><strong><a href=\"https:\/\/drive.google.com\/drive\/folders\/1xl9NHvgwHNZ1uAd0Hwrnh3JM4hfR9rxA?usp=sharing\"><span style=\"color: #0000ff; text-decoration: underline;\">1<sup>\u00e8re<\/sup> s\u00e9ance : mardi 6 f\u00e9vrier \u2013 18H30<\/span><\/a><\/strong><\/span><\/h3>\n<p>&#8211; Accueil : pr\u00e9sentation de la SMLH et du programme de la session par le Pr\u00e9sident SMLH 56<\/p>\n<p>&#8211; La France dans le monde\u00a0\u00a0\u00a0\u00a0\u00a0\u00a0\u00a0\u00a0\u00a0\u00a0\u00a0\u00a0\u00a0\u00a0\u00a0\u00a0\u00a0\u00a0\u00a0\u00a0\u00a0\u00a0\u00a0\u00a0\u00a0\u00a0\u00a0\u00a0\u00a0\u00a0\u00a0\u00a0\u00a0\u00a0\u00a0\u00a0\u00a0\u00a0\u00a0 M. Lecomte<\/p>\n<p>&#8211; La constitution de la V\u00e8me r\u00e9publique\u00a0\u00a0\u00a0\u00a0\u00a0\u00a0\u00a0\u00a0\u00a0\u00a0\u00a0\u00a0\u00a0\u00a0\u00a0\u00a0\u00a0\u00a0 M. Lecomte<\/p>\n<h3><a href=\"https:\/\/drive.google.com\/drive\/folders\/1xl9NHvgwHNZ1uAd0Hwrnh3JM4hfR9rxA?usp=sharing\"><span style=\"text-decoration: underline; color: #0000ff;\"><strong>2<sup>\u00e8me<\/sup> s\u00e9ance : mardi 20 f\u00e9vrier<\/strong><\/span><\/a><\/h3>\n<p>&#8211; Histoire de la France \u2013 1<sup>\u00e8re<\/sup> partie\u00a0\u00a0\u00a0\u00a0\u00a0\u00a0\u00a0\u00a0\u00a0\u00a0\u00a0\u00a0\u00a0\u00a0\u00a0\u00a0\u00a0\u00a0\u00a0\u00a0\u00a0\u00a0\u00a0\u00a0\u00a0\u00a0\u00a0 Mme Guillou-Moinard<\/p>\n<p>&#8211; Histoire de la France \u2013 2<sup>\u00e8me<\/sup> partie\u00a0 \u00a0 \u00a0 \u00a0 \u00a0 \u00a0 \u00a0 \u00a0 \u00a0 \u00a0 \u00a0 \u00a0 \u00a0 M. Goursolas<\/p>\n<p>&#8211; Les collectivit\u00e9s territoriales\u00a0 \u00a0 \u00a0 \u00a0 \u00a0 \u00a0 \u00a0 \u00a0 \u00a0 \u00a0 \u00a0 \u00a0 \u00a0 \u00a0 \u00a0 \u00a0 \u00a0 \u00a0 \u00a0 M. Sinel, Mme Lesconnec<\/p>\n<h3><span style=\"color: #0000ff;\"><a style=\"color: #0000ff;\" href=\"https:\/\/drive.google.com\/drive\/folders\/1x72ieo4wggWPHhN36_yf2tDqv2TzEFj2?usp=sharing\"><strong>3<sup>\u00e8me<\/sup> s\u00e9ance : mardi 19 mars <\/strong><\/a><\/span><\/h3>\n<p>&#8211; Les partis politiques et les syndicats\u00a0\u00a0\u00a0\u00a0\u00a0\u00a0\u00a0\u00a0\u00a0\u00a0\u00a0\u00a0\u00a0\u00a0\u00a0\u00a0\u00a0\u00a0\u00a0\u00a0\u00a0 M. Lecomte<\/p>\n<p>&#8211; Le principe de La\u00efcit\u00e9\u00a0 \u00a0 \u00a0 \u00a0 \u00a0 \u00a0 \u00a0 \u00a0 \u00a0 \u00a0 \u00a0 \u00a0 \u00a0 \u00a0 \u00a0 \u00a0 \u00a0 \u00a0 \u00a0 \u00a0 \u00a0 \u00a0 \u00a0 \u00a0 M. Houlou<\/p>\n<h3><span style=\"color: #000000;\"><span style=\"text-decoration: underline;\"><a style=\"color: #000000; text-decoration: underline;\" href=\"https:\/\/drive.google.com\/drive\/folders\/1RIIAG9EI191HD-qGE7V6oR0JL1aLAa02?usp=sharing\"><strong><span style=\"color: #0000ff; text-decoration: underline;\">4<sup>\u00e8me<\/sup> s\u00e9ance<\/span><\/strong><span style=\"color: #0000ff; text-decoration: underline;\">\u00a0:\u00a0<\/span><\/a><\/span><span style=\"color: #0000ff;\"><strong><span style=\"text-decoration: underline;\">mardi 2 avri<\/span>l<\/strong><\/span><\/span><\/h3>\n<p>&#8211; L&rsquo;\u00c9ducation nationale\u00a0 \u00a0 \u00a0 \u00a0 \u00a0 \u00a0 \u00a0 \u00a0 \u00a0 \u00a0 \u00a0 \u00a0 \u00a0 \u00a0 \u00a0 \u00a0 \u00a0 \u00a0 \u00a0 \u00a0 \u00a0 \u00a0 \u00a0 Mme Th\u00e9ry<\/p>\n<p>&#8211; la justice en France\u00a0\u00a0\u00a0\u00a0\u00a0\u00a0\u00a0\u00a0\u00a0\u00a0\u00a0\u00a0\u00a0\u00a0\u00a0\u00a0\u00a0\u00a0\u00a0\u00a0\u00a0\u00a0\u00a0\u00a0\u00a0\u00a0\u00a0\u00a0\u00a0\u00a0\u00a0\u00a0\u00a0\u00a0\u00a0\u00a0\u00a0\u00a0\u00a0\u00a0\u00a0\u00a0\u00a0\u00a0\u00a0\u00a0\u00a0\u00a0 Mmes Guillou-Moinard et Beaugrand<\/p>\n<h3><a href=\"https:\/\/drive.google.com\/drive\/folders\/1kxj_DBYT18IyjgXzbdPXeduVyFda9cyB?usp=sharing\"><span style=\"text-decoration: underline; color: #000000;\"><strong><span style=\"color: #0000ff; text-decoration: underline;\">5<sup>\u00e8me<\/sup> s\u00e9ance : mardi 16 avril<\/span><\/strong><\/span><\/a><\/h3>\n<p>&#8211; Les droits et devoirs du citoyen\u00a0\u00a0\u00a0\u00a0\u00a0\u00a0\u00a0\u00a0\u00a0\u00a0\u00a0\u00a0\u00a0\u00a0\u00a0\u00a0\u00a0\u00a0\u00a0\u00a0\u00a0\u00a0\u00a0\u00a0\u00a0\u00a0\u00a0\u00a0\u00a0 M. Bougrier<\/p>\n<p>&#8211; Quelques grands \u00e9crivains, scientifiques fran\u00e7ais\u00a0 Mme Th\u00e9ry<\/p>\n<h2><span style=\"color: #0000ff;\"><a style=\"color: #0000ff;\" href=\"https:\/\/drive.google.com\/drive\/folders\/1WLajv_1H_jG6S4wOS2ZKzCecG3A7CsDe?usp=drive_link\"><strong>6<sup>\u00e9me<\/sup><\/strong> <strong>s\u00e9ance : mardi 14 mai<\/strong><\/a><\/span><\/h2>\n<p>&#8211; Les droits de la femme en France\u00a0\u00a0 \u00a0\u00a0\u00a0\u00a0\u00a0\u00a0\u00a0\u00a0\u00a0\u00a0\u00a0\u00a0\u00a0\u00a0\u00a0\u00a0\u00a0\u00a0\u00a0\u00a0\u00a0\u00a0\u00a0 Mmes Lesconnec et Duro<\/p>\n<p>&#8211; La protection sociale et la sant\u00e9 publique\u00a0 \u00a0 \u00a0 \u00a0 \u00a0 \u00a0 M. Minne, Dr Landais<\/p>\n<h2><a href=\"https:\/\/drive.google.com\/drive\/folders\/1y2kR44bwEbWKDXx9A8T6aC3nY2NwU8ym?usp=drive_link\"><span style=\"text-decoration: underline; color: #000000;\"><strong><span style=\"color: #0000ff; text-decoration: underline;\">7<sup>\u00e8me<\/sup> s\u00e9ance : mardi 28 mai<\/span><\/strong><\/span><\/a><\/h2>\n<p><strong>&#8211; <\/strong>La s\u00e9curit\u00e9 publique \u00a0\u00a0\u00a0\u00a0\u00a0\u00a0\u00a0\u00a0\u00a0\u00a0\u00a0\u00a0\u00a0\u00a0\u00a0\u00a0\u00a0\u00a0\u00a0\u00a0\u00a0\u00a0\u00a0\u00a0\u00a0\u00a0\u00a0\u00a0\u00a0\u00a0\u00a0\u00a0\u00a0\u00a0\u00a0 \u00a0\u00a0\u00a0\u00a0\u00a0\u00a0\u00a0\u00a0\u00a0\u00a0 Commandant divisionnaire de police Le Barre<br \/>\n&#8211; les arm\u00e9es\u00a0 \u00a0 \u00a0 \u00a0 \u00a0 \u00a0 \u00a0 \u00a0 \u00a0 \u00a0 \u00a0 \u00a0 \u00a0 \u00a0 \u00a0 \u00a0 \u00a0 \u00a0 \u00a0 \u00a0 \u00a0 \u00a0 \u00a0 \u00a0 \u00a0 \u00a0 \u00a0 \u00a0 \u00a0 \u00a0 \u00a0 \u00a0 \u00a0 \u00a0Lieutenant-colonel De Besse, adjoint DMD<\/p>\n<h2><a href=\"https:\/\/drive.google.com\/drive\/folders\/18Teqp267L9aV_nmKDkaWhkzRqtlyHJQo?usp=drive_link\"><span style=\"text-decoration: underline;\">8<sup>\u00e8me<\/sup> s\u00e9ance : mardi 11 juin<\/span><\/a><\/h2>\n<p><strong>&#8211; <\/strong>Les Beaux-Arts en France\u00a0\u00a0 \u00a0\u00a0\u00a0\u00a0\u00a0\u00a0\u00a0\u00a0\u00a0\u00a0\u00a0\u00a0\u00a0\u00a0\u00a0\u00a0\u00a0\u00a0\u00a0\u00a0\u00a0\u00a0\u00a0\u00a0\u00a0\u00a0\u00a0\u00a0\u00a0\u00a0\u00a0\u00a0\u00a0\u00a0\u00a0 Mme Anne-Marie Duro<\/p>\n<p>&#8211; Bilan et remise des attestations\u00a0 \u00a0 \u00a0 \u00a0 \u00a0 \u00a0 \u00a0 \u00a0 \u00a0 \u00a0 \u00a0 \u00a0 \u00a0 \u00a0 \u00a0le gal(2s) Philippe Pr\u00e9vost<\/p>\n<p>&nbsp;<\/p>\n<p>la derni\u00e8re s\u00e9ance a permis de remettre les attestations aux auditeurs ; celle-ci s&rsquo;est termin\u00e9e par un cocktail offert par le conseil d\u00e9partemental.<\/p>\n<p>&nbsp;<\/p>\n<figure id=\"attachment_9666\" aria-describedby=\"caption-attachment-9666\" style=\"width: 600px\" class=\"wp-caption aligncenter\"><img loading=\"lazy\" decoding=\"async\" class=\"size-medium wp-image-9666\" src=\"http:\/\/www.semlh-morbihan.fr\/wordpress\/wp-content\/uploads\/2024\/02\/20240611_200715-600x277.jpg\" alt=\"\" width=\"600\" height=\"277\" srcset=\"http:\/\/www.semlh-morbihan.fr\/wordpress\/wp-content\/uploads\/2024\/02\/20240611_200715-600x277.jpg 600w, http:\/\/www.semlh-morbihan.fr\/wordpress\/wp-content\/uploads\/2024\/02\/20240611_200715-768x354.jpg 768w, http:\/\/www.semlh-morbihan.fr\/wordpress\/wp-content\/uploads\/2024\/02\/20240611_200715.jpg 1024w\" sizes=\"auto, (max-width: 600px) 100vw, 600px\" \/><figcaption id=\"caption-attachment-9666\" class=\"wp-caption-text\">photo de groupe des auditeurs et des conf\u00e9renciers<\/figcaption><\/figure>\n<figure id=\"attachment_9668\" aria-describedby=\"caption-attachment-9668\" style=\"width: 600px\" class=\"wp-caption aligncenter\"><img loading=\"lazy\" decoding=\"async\" class=\"size-medium wp-image-9668\" src=\"http:\/\/www.semlh-morbihan.fr\/wordpress\/wp-content\/uploads\/2024\/02\/20240611_201736_001-600x277.jpg\" alt=\"\" width=\"600\" height=\"277\" srcset=\"http:\/\/www.semlh-morbihan.fr\/wordpress\/wp-content\/uploads\/2024\/02\/20240611_201736_001-600x277.jpg 600w, http:\/\/www.semlh-morbihan.fr\/wordpress\/wp-content\/uploads\/2024\/02\/20240611_201736_001-768x354.jpg 768w, http:\/\/www.semlh-morbihan.fr\/wordpress\/wp-content\/uploads\/2024\/02\/20240611_201736_001.jpg 1024w\" sizes=\"auto, (max-width: 600px) 100vw, 600px\" \/><figcaption id=\"caption-attachment-9668\" class=\"wp-caption-text\">discours lors de la remise des attestations<\/figcaption><\/figure>\n<p style=\"text-align: center;\">&#8212;&#8212;&#8212;&#8212;&#8212;&#8212;&#8212;&#8212;&#8212;&#8212;&#8212;&#8212;&#8212;&#8212;&#8212;&#8212;&#8212;&#8212;&#8212;&#8212;-<\/p>\n<h5 style=\"text-align: center;\"><em><a href=\"https:\/\/drive.google.com\/drive\/folders\/11B-gBKHN5xhH2tOwIHiwkPF7mqTp8z02?usp=sharing\"><span style=\"text-decoration: underline;\"><strong>Acc\u00e8s aux fichiers 2023<\/strong><\/span><\/a><\/em><\/h5>\n<p>&nbsp;<\/p>\n<p>&nbsp;<\/p>\n<p>&nbsp;<\/p>\n<p>&nbsp;<\/p>\n","protected":false},"excerpt":{"rendered":"<p>Vous trouverez, ci-dessous, les diff\u00e9rents liens afin d&rsquo;acc\u00e9der aux conf\u00e9rences conduites dans la salle du conseil d\u00e9partemental, au profit des candidats \u00e0 la naturalisation en&#8230;<\/p>\n","protected":false},"author":329,"featured_media":9667,"comment_status":"closed","ping_status":"open","sticky":false,"template":"","format":"standard","meta":{"footnotes":""},"categories":[384,337,1],"tags":[607],"class_list":["post-9481","post","type-post","status-publish","format-standard","has-post-thumbnail","hentry","category-actualites-la-section","category-la-section","category-non-classe","tag-section-smlh-du-morbihan","wpcat-384-id","wpcat-337-id","wpcat-1-id"],"_links":{"self":[{"href":"http:\/\/www.semlh-morbihan.fr\/wordpress\/wp-json\/wp\/v2\/posts\/9481","targetHints":{"allow":["GET"]}}],"collection":[{"href":"http:\/\/www.semlh-morbihan.fr\/wordpress\/wp-json\/wp\/v2\/posts"}],"about":[{"href":"http:\/\/www.semlh-morbihan.fr\/wordpress\/wp-json\/wp\/v2\/types\/post"}],"author":[{"embeddable":true,"href":"http:\/\/www.semlh-morbihan.fr\/wordpress\/wp-json\/wp\/v2\/users\/329"}],"replies":[{"embeddable":true,"href":"http:\/\/www.semlh-morbihan.fr\/wordpress\/wp-json\/wp\/v2\/comments?post=9481"}],"version-history":[{"count":16,"href":"http:\/\/www.semlh-morbihan.fr\/wordpress\/wp-json\/wp\/v2\/posts\/9481\/revisions"}],"predecessor-version":[{"id":9670,"href":"http:\/\/www.semlh-morbihan.fr\/wordpress\/wp-json\/wp\/v2\/posts\/9481\/revisions\/9670"}],"wp:featuredmedia":[{"embeddable":true,"href":"http:\/\/www.semlh-morbihan.fr\/wordpress\/wp-json\/wp\/v2\/media\/9667"}],"wp:attachment":[{"href":"http:\/\/www.semlh-morbihan.fr\/wordpress\/wp-json\/wp\/v2\/media?parent=9481"}],"wp:term":[{"taxonomy":"category","embeddable":true,"href":"http:\/\/www.semlh-morbihan.fr\/wordpress\/wp-json\/wp\/v2\/categories?post=9481"},{"taxonomy":"post_tag","embeddable":true,"href":"http:\/\/www.semlh-morbihan.fr\/wordpress\/wp-json\/wp\/v2\/tags?post=9481"}],"curies":[{"name":"wp","href":"https:\/\/api.w.org\/{rel}","templated":true}]}}