{"id":9495,"date":"2024-03-11T18:37:04","date_gmt":"2024-03-11T17:37:04","guid":{"rendered":"http:\/\/www.semlh-morbihan.fr\/wordpress\/?p=9495"},"modified":"2024-03-17T19:44:21","modified_gmt":"2024-03-17T18:44:21","slug":"hommage-aux-morts-de-la-gendarmerie-le-vendredi-16-fevrier-2024-a-la-caserne-guillaudot","status":"publish","type":"post","link":"http:\/\/www.semlh-morbihan.fr\/wordpress\/2024\/03\/11\/hommage-aux-morts-de-la-gendarmerie-le-vendredi-16-fevrier-2024-a-la-caserne-guillaudot\/","title":{"rendered":"Hommage aux morts de  la gendarmerie le vendredi 16 f\u00e9vrier 2024 \u00e0 la caserne Guillaudot"},"content":{"rendered":"<div dir=\"auto\" style=\"text-align: center;\"><span style=\"text-decoration: underline;\"><strong>C\u00e9r\u00e9monie d&rsquo;hommage aux morts de la gendarmerie<\/strong><\/span><\/div>\n<div dir=\"auto\" style=\"text-align: center;\"><span style=\"text-decoration: underline;\"><strong>le vendredi 16 f\u00e9vrier 2024 &#8211; caserne Guillaudot<\/strong><\/span><\/div>\n<div dir=\"auto\"><\/div>\n<div dir=\"auto\">La Smlh 56 \u00e9taient repr\u00e9sent\u00e9e par son Pr\u00e9sident, le G\u00e9n\u00e9ral ( Air 2S) Philippe Prevost, accompagn\u00e9 du Secr\u00e9taire G\u00e9n\u00e9ral, le lieutenant-colonel ( Gend R ) Roland Mergel et du 1er VP, Pascal Lecomte ainsi que par son porte-drapeau, jean-pierre Tessier. \u00ab\u00a0<\/div>\n<div dir=\"auto\">La directrice de Cabinet , repr\u00e9sentant le Pr\u00e9fet du Morbihan a lu le message du Ministre de l&rsquo;int\u00e9rieur, apr\u00e8s avoir proc\u00e9d\u00e9, apr\u00e8s le Colonel commandant le Groupement, \u00e0 la remise de d\u00e9corations.\u00a0\u00bb<\/div>\n<div dir=\"auto\"><\/div>\n<div dir=\"auto\">Tr\u00e8s cordialement<\/div>\n<div dir=\"auto\">Pascal Lecomte<\/div>\n<div dir=\"auto\"><img loading=\"lazy\" decoding=\"async\" class=\"aligncenter size-medium wp-image-9497\" src=\"http:\/\/www.semlh-morbihan.fr\/wordpress\/wp-content\/uploads\/2024\/03\/20240216_153006-600x277.jpg\" alt=\"\" width=\"600\" height=\"277\" srcset=\"http:\/\/www.semlh-morbihan.fr\/wordpress\/wp-content\/uploads\/2024\/03\/20240216_153006-600x277.jpg 600w, http:\/\/www.semlh-morbihan.fr\/wordpress\/wp-content\/uploads\/2024\/03\/20240216_153006-768x355.jpg 768w, http:\/\/www.semlh-morbihan.fr\/wordpress\/wp-content\/uploads\/2024\/03\/20240216_153006.jpg 1024w\" sizes=\"auto, (max-width: 600px) 100vw, 600px\" \/><\/div>\n<div dir=\"auto\"><\/div>\n<div dir=\"auto\"><img loading=\"lazy\" decoding=\"async\" class=\"aligncenter size-medium wp-image-9498\" src=\"http:\/\/www.semlh-morbihan.fr\/wordpress\/wp-content\/uploads\/2024\/03\/20240216_151612-600x278.jpg\" alt=\"\" width=\"600\" height=\"278\" srcset=\"http:\/\/www.semlh-morbihan.fr\/wordpress\/wp-content\/uploads\/2024\/03\/20240216_151612-600x278.jpg 600w, http:\/\/www.semlh-morbihan.fr\/wordpress\/wp-content\/uploads\/2024\/03\/20240216_151612-1024x474.jpg 1024w, http:\/\/www.semlh-morbihan.fr\/wordpress\/wp-content\/uploads\/2024\/03\/20240216_151612-768x355.jpg 768w, http:\/\/www.semlh-morbihan.fr\/wordpress\/wp-content\/uploads\/2024\/03\/20240216_151612-1536x710.jpg 1536w, http:\/\/www.semlh-morbihan.fr\/wordpress\/wp-content\/uploads\/2024\/03\/20240216_151612-2048x947.jpg 2048w, http:\/\/www.semlh-morbihan.fr\/wordpress\/wp-content\/uploads\/2024\/03\/20240216_151612-1218x563.jpg 1218w\" sizes=\"auto, (max-width: 600px) 100vw, 600px\" \/><\/div>\n","protected":false},"excerpt":{"rendered":"<p>C\u00e9r\u00e9monie d&rsquo;hommage aux morts de la gendarmerie le vendredi 16 f\u00e9vrier 2024 &#8211; caserne Guillaudot La Smlh 56 \u00e9taient repr\u00e9sent\u00e9e par son Pr\u00e9sident, le G\u00e9n\u00e9ral&#8230;<\/p>\n","protected":false},"author":329,"featured_media":9497,"comment_status":"closed","ping_status":"open","sticky":false,"template":"","format":"standard","meta":{"footnotes":""},"categories":[417,337],"tags":[607],"class_list":["post-9495","post","type-post","status-publish","format-standard","has-post-thumbnail","hentry","category-ceremonies-patriotiques","category-la-section","tag-section-smlh-du-morbihan","wpcat-417-id","wpcat-337-id"],"_links":{"self":[{"href":"http:\/\/www.semlh-morbihan.fr\/wordpress\/wp-json\/wp\/v2\/posts\/9495","targetHints":{"allow":["GET"]}}],"collection":[{"href":"http:\/\/www.semlh-morbihan.fr\/wordpress\/wp-json\/wp\/v2\/posts"}],"about":[{"href":"http:\/\/www.semlh-morbihan.fr\/wordpress\/wp-json\/wp\/v2\/types\/post"}],"author":[{"embeddable":true,"href":"http:\/\/www.semlh-morbihan.fr\/wordpress\/wp-json\/wp\/v2\/users\/329"}],"replies":[{"embeddable":true,"href":"http:\/\/www.semlh-morbihan.fr\/wordpress\/wp-json\/wp\/v2\/comments?post=9495"}],"version-history":[{"count":1,"href":"http:\/\/www.semlh-morbihan.fr\/wordpress\/wp-json\/wp\/v2\/posts\/9495\/revisions"}],"predecessor-version":[{"id":9499,"href":"http:\/\/www.semlh-morbihan.fr\/wordpress\/wp-json\/wp\/v2\/posts\/9495\/revisions\/9499"}],"wp:featuredmedia":[{"embeddable":true,"href":"http:\/\/www.semlh-morbihan.fr\/wordpress\/wp-json\/wp\/v2\/media\/9497"}],"wp:attachment":[{"href":"http:\/\/www.semlh-morbihan.fr\/wordpress\/wp-json\/wp\/v2\/media?parent=9495"}],"wp:term":[{"taxonomy":"category","embeddable":true,"href":"http:\/\/www.semlh-morbihan.fr\/wordpress\/wp-json\/wp\/v2\/categories?post=9495"},{"taxonomy":"post_tag","embeddable":true,"href":"http:\/\/www.semlh-morbihan.fr\/wordpress\/wp-json\/wp\/v2\/tags?post=9495"}],"curies":[{"name":"wp","href":"https:\/\/api.w.org\/{rel}","templated":true}]}}