{"id":9500,"date":"2024-03-02T19:33:42","date_gmt":"2024-03-02T18:33:42","guid":{"rendered":"http:\/\/www.semlh-morbihan.fr\/wordpress\/?p=9500"},"modified":"2024-03-17T19:45:10","modified_gmt":"2024-03-17T18:45:10","slug":"ceremonie-de-tradition-de-lecole-des-fusiliers-marins-le-23-fevrier-2021-au-musee-de-la-marine","status":"publish","type":"post","link":"http:\/\/www.semlh-morbihan.fr\/wordpress\/2024\/03\/02\/ceremonie-de-tradition-de-lecole-des-fusiliers-marins-le-23-fevrier-2021-au-musee-de-la-marine\/","title":{"rendered":"C\u00e9r\u00e9monie de tradition de l&rsquo;\u00c9cole des Fusiliers Marins le 23 f\u00e9vrier 2021 au mus\u00e9e de la Marine"},"content":{"rendered":"<p style=\"text-align: center;\"><span style=\"text-decoration: underline;\"><strong><img loading=\"lazy\" decoding=\"async\" class=\"aligncenter size-medium wp-image-9504\" src=\"http:\/\/www.semlh-morbihan.fr\/wordpress\/wp-content\/uploads\/2024\/03\/ceremonie_ecole_des_fusiliers-600x400.png\" alt=\"\" width=\"600\" height=\"400\" srcset=\"http:\/\/www.semlh-morbihan.fr\/wordpress\/wp-content\/uploads\/2024\/03\/ceremonie_ecole_des_fusiliers-600x400.png 600w, http:\/\/www.semlh-morbihan.fr\/wordpress\/wp-content\/uploads\/2024\/03\/ceremonie_ecole_des_fusiliers-768x512.png 768w, http:\/\/www.semlh-morbihan.fr\/wordpress\/wp-content\/uploads\/2024\/03\/ceremonie_ecole_des_fusiliers.png 960w\" sizes=\"auto, (max-width: 600px) 100vw, 600px\" \/>C\u00e9r\u00e9monie de Tradition de\u00a0 l &lsquo;Ecole des\u00a0 Fusiliers\u00a0 Marins<\/strong><\/span><\/p>\n<p>Elle\u00a0 s &lsquo;est tenue\u00a0 \u00a0le 23 f\u00e9vrier 2024 au\u00a0 Mus\u00e9e de la Marine\u00a0 \u00a0 dans la Citadelle de Port-Louis . Dans ce cadre\u00a0 prestigieux ,\u00a0 se sont\u00a0 d\u00e9roul\u00e9es\u00a0 \u00a0plusieurs\u00a0 \u00a0actions\u00a0 :<\/p>\n<ul>\n<li>bapt\u00eames de\u00a0 2\u00a0 cours de\u00a0 fusiliers marins ( brevet d &lsquo;aptitude )\u00a0 portant les noms\u00a0 de quartier-ma\u00eetre Guillemin et de matelot Le Bihan, avec\u00a0 remise de fouurag\u00e8res,<\/li>\n<\/ul>\n<ul>\n<li>remise de\u00a0 dipl\u00f4me aux \u00e9l\u00e8ves du cours\u00a0 \u00ab\u00a0chef de groupe\u00a0 commando\u00a0\u00bb,<\/li>\n<li>remise\u00a0 \u00a0de d\u00e9corations,<\/li>\n<li>et, aussi, remise de b\u00e9rets verts aux \u00e9l\u00e8ves\u00a0 officiers fusiliers-commandos .<\/li>\n<\/ul>\n<p>&nbsp;<\/p>\n<p>Cette c\u00e9r\u00e9monie\u00a0 \u00e9tait pr\u00e9sid\u00e9e par le VAE\u00a0 \u00c9ric Janicot, directeur du personnel de la\u00a0 Marine (et membre de notre Comit\u00e9), du CA\u00a0 de Brian\u00e7on, commandant la force maritime des fusiliers-marins\u00a0 et commandos, du Commandant de\u00a0 l &lsquo;Ecole et\u00a0 des autorit\u00e9s\u00a0 civiles ainsi que des repr\u00e9sentants des associations\u00a0 patriotiques et des\u00a0 nombreuses\u00a0 familles des stagiaires.<\/p>\n<p>Notre Comit\u00e9 \u00e9tait\u00a0 repr\u00e9sent\u00e9 par son drapeau et 3 membres de notre bureau.<\/p>\n<p>C.V ( H) Guy SINEL<\/p>\n<p>pr\u00e9sident du\u00a0 Comit\u00e9 du Pays de Lorient\u00a0 SMLH.<\/p>\n","protected":false},"excerpt":{"rendered":"<p>C\u00e9r\u00e9monie de Tradition de\u00a0 l &lsquo;Ecole des\u00a0 Fusiliers\u00a0 Marins Elle\u00a0 s &lsquo;est tenue\u00a0 \u00a0le 23 f\u00e9vrier 2024 au\u00a0 Mus\u00e9e de la Marine\u00a0 \u00a0 dans la&#8230;<\/p>\n","protected":false},"author":329,"featured_media":9504,"comment_status":"closed","ping_status":"open","sticky":false,"template":"","format":"standard","meta":{"footnotes":""},"categories":[496,343],"tags":[605],"class_list":["post-9500","post","type-post","status-publish","format-standard","has-post-thumbnail","hentry","category-ceremonies-comite-de-lorient","category-comite-de-lorient","tag-comite-smlh-du-pays-de-lorient","wpcat-496-id","wpcat-343-id"],"_links":{"self":[{"href":"http:\/\/www.semlh-morbihan.fr\/wordpress\/wp-json\/wp\/v2\/posts\/9500","targetHints":{"allow":["GET"]}}],"collection":[{"href":"http:\/\/www.semlh-morbihan.fr\/wordpress\/wp-json\/wp\/v2\/posts"}],"about":[{"href":"http:\/\/www.semlh-morbihan.fr\/wordpress\/wp-json\/wp\/v2\/types\/post"}],"author":[{"embeddable":true,"href":"http:\/\/www.semlh-morbihan.fr\/wordpress\/wp-json\/wp\/v2\/users\/329"}],"replies":[{"embeddable":true,"href":"http:\/\/www.semlh-morbihan.fr\/wordpress\/wp-json\/wp\/v2\/comments?post=9500"}],"version-history":[{"count":4,"href":"http:\/\/www.semlh-morbihan.fr\/wordpress\/wp-json\/wp\/v2\/posts\/9500\/revisions"}],"predecessor-version":[{"id":9505,"href":"http:\/\/www.semlh-morbihan.fr\/wordpress\/wp-json\/wp\/v2\/posts\/9500\/revisions\/9505"}],"wp:featuredmedia":[{"embeddable":true,"href":"http:\/\/www.semlh-morbihan.fr\/wordpress\/wp-json\/wp\/v2\/media\/9504"}],"wp:attachment":[{"href":"http:\/\/www.semlh-morbihan.fr\/wordpress\/wp-json\/wp\/v2\/media?parent=9500"}],"wp:term":[{"taxonomy":"category","embeddable":true,"href":"http:\/\/www.semlh-morbihan.fr\/wordpress\/wp-json\/wp\/v2\/categories?post=9500"},{"taxonomy":"post_tag","embeddable":true,"href":"http:\/\/www.semlh-morbihan.fr\/wordpress\/wp-json\/wp\/v2\/tags?post=9500"}],"curies":[{"name":"wp","href":"https:\/\/api.w.org\/{rel}","templated":true}]}}