{"id":9508,"date":"2024-03-25T17:58:08","date_gmt":"2024-03-25T16:58:08","guid":{"rendered":"http:\/\/www.semlh-morbihan.fr\/wordpress\/?p=9508"},"modified":"2024-03-25T17:58:08","modified_gmt":"2024-03-25T16:58:08","slug":"hommage-au-colonel-beltrame-a-tredion-le-22-mars-2024","status":"publish","type":"post","link":"http:\/\/www.semlh-morbihan.fr\/wordpress\/2024\/03\/25\/hommage-au-colonel-beltrame-a-tredion-le-22-mars-2024\/","title":{"rendered":"Hommage au colonel Beltrame \u00e0 Tr\u00e9dion le 22 mars 2024"},"content":{"rendered":"<figure id=\"attachment_9510\" aria-describedby=\"caption-attachment-9510\" style=\"width: 371px\" class=\"wp-caption aligncenter\"><img loading=\"lazy\" decoding=\"async\" class=\"size-medium wp-image-9510\" src=\"http:\/\/www.semlh-morbihan.fr\/wordpress\/wp-content\/uploads\/2024\/03\/Beltrame_NEW-371x600.jpg\" alt=\"\" width=\"371\" height=\"600\" srcset=\"http:\/\/www.semlh-morbihan.fr\/wordpress\/wp-content\/uploads\/2024\/03\/Beltrame_NEW-371x600.jpg 371w, http:\/\/www.semlh-morbihan.fr\/wordpress\/wp-content\/uploads\/2024\/03\/Beltrame_NEW-634x1024.jpg 634w, http:\/\/www.semlh-morbihan.fr\/wordpress\/wp-content\/uploads\/2024\/03\/Beltrame_NEW-768x1241.jpg 768w, http:\/\/www.semlh-morbihan.fr\/wordpress\/wp-content\/uploads\/2024\/03\/Beltrame_NEW-951x1536.jpg 951w, http:\/\/www.semlh-morbihan.fr\/wordpress\/wp-content\/uploads\/2024\/03\/Beltrame_NEW-1218x1968.jpg 1218w, http:\/\/www.semlh-morbihan.fr\/wordpress\/wp-content\/uploads\/2024\/03\/Beltrame_NEW.jpg 1264w\" sizes=\"auto, (max-width: 371px) 100vw, 371px\" \/><figcaption id=\"caption-attachment-9510\" class=\"wp-caption-text\">Article du T\u00e9l\u00e9gramme<\/figcaption><\/figure>\n<p>Lors de cette c\u00e9r\u00e9monie, outre les personnes cit\u00e9es dans l&rsquo;article du T\u00e9l\u00e9gramme, sept membres du bureau de la Section \u00e9taient \u00e9galement pr\u00e9sents: notre pr\u00e9sident, le G\u00e9n\u00e9ral Philippe Pr\u00e9vost, le pr\u00e9sident du Comit\u00e9 de Plo\u00ebrmel-Co\u00ebtquidan, GUY de Kersabiec, les secr\u00e9taire et secr\u00e9taire -adjoint Roland Mergel et Anne-Marie Duro, Jacques Joly et Pascal Lecomte ;\u00a0 Jean-Pierre Tessier portait notre drapeau .<\/p>\n<p>Pascal Lecomte<\/p>\n<p>1er VP-SMLH56 \u00a0\u00bb<\/p>\n<p>&nbsp;<\/p>\n<p><img loading=\"lazy\" decoding=\"async\" class=\"aligncenter size-medium wp-image-9512\" src=\"http:\/\/www.semlh-morbihan.fr\/wordpress\/wp-content\/uploads\/2024\/03\/20240322_104451-scaled-e1711385289469-600x201.jpg\" alt=\"\" width=\"600\" height=\"201\" srcset=\"http:\/\/www.semlh-morbihan.fr\/wordpress\/wp-content\/uploads\/2024\/03\/20240322_104451-scaled-e1711385289469-600x201.jpg 600w, http:\/\/www.semlh-morbihan.fr\/wordpress\/wp-content\/uploads\/2024\/03\/20240322_104451-scaled-e1711385289469-1024x343.jpg 1024w, http:\/\/www.semlh-morbihan.fr\/wordpress\/wp-content\/uploads\/2024\/03\/20240322_104451-scaled-e1711385289469-768x257.jpg 768w, http:\/\/www.semlh-morbihan.fr\/wordpress\/wp-content\/uploads\/2024\/03\/20240322_104451-scaled-e1711385289469-1536x514.jpg 1536w, http:\/\/www.semlh-morbihan.fr\/wordpress\/wp-content\/uploads\/2024\/03\/20240322_104451-scaled-e1711385289469-2048x686.jpg 2048w, http:\/\/www.semlh-morbihan.fr\/wordpress\/wp-content\/uploads\/2024\/03\/20240322_104451-scaled-e1711385289469-1218x408.jpg 1218w\" sizes=\"auto, (max-width: 600px) 100vw, 600px\" \/><\/p>\n<p><img loading=\"lazy\" decoding=\"async\" class=\"aligncenter size-medium wp-image-9511\" src=\"http:\/\/www.semlh-morbihan.fr\/wordpress\/wp-content\/uploads\/2024\/03\/20240322_111506-600x277.jpg\" alt=\"\" width=\"600\" height=\"277\" srcset=\"http:\/\/www.semlh-morbihan.fr\/wordpress\/wp-content\/uploads\/2024\/03\/20240322_111506-600x277.jpg 600w, http:\/\/www.semlh-morbihan.fr\/wordpress\/wp-content\/uploads\/2024\/03\/20240322_111506-1024x473.jpg 1024w, http:\/\/www.semlh-morbihan.fr\/wordpress\/wp-content\/uploads\/2024\/03\/20240322_111506-768x355.jpg 768w, http:\/\/www.semlh-morbihan.fr\/wordpress\/wp-content\/uploads\/2024\/03\/20240322_111506-1536x710.jpg 1536w, http:\/\/www.semlh-morbihan.fr\/wordpress\/wp-content\/uploads\/2024\/03\/20240322_111506-2048x947.jpg 2048w, http:\/\/www.semlh-morbihan.fr\/wordpress\/wp-content\/uploads\/2024\/03\/20240322_111506-1218x563.jpg 1218w\" sizes=\"auto, (max-width: 600px) 100vw, 600px\" \/><\/p>\n","protected":false},"excerpt":{"rendered":"<p>Lors de cette c\u00e9r\u00e9monie, outre les personnes cit\u00e9es dans l&rsquo;article du T\u00e9l\u00e9gramme, sept membres du bureau de la Section \u00e9taient \u00e9galement pr\u00e9sents: notre pr\u00e9sident, le&#8230;<\/p>\n","protected":false},"author":329,"featured_media":9515,"comment_status":"closed","ping_status":"open","sticky":false,"template":"","format":"standard","meta":{"footnotes":""},"categories":[417,337,1],"tags":[607],"class_list":["post-9508","post","type-post","status-publish","format-standard","has-post-thumbnail","hentry","category-ceremonies-patriotiques","category-la-section","category-non-classe","tag-section-smlh-du-morbihan","wpcat-417-id","wpcat-337-id","wpcat-1-id"],"_links":{"self":[{"href":"http:\/\/www.semlh-morbihan.fr\/wordpress\/wp-json\/wp\/v2\/posts\/9508","targetHints":{"allow":["GET"]}}],"collection":[{"href":"http:\/\/www.semlh-morbihan.fr\/wordpress\/wp-json\/wp\/v2\/posts"}],"about":[{"href":"http:\/\/www.semlh-morbihan.fr\/wordpress\/wp-json\/wp\/v2\/types\/post"}],"author":[{"embeddable":true,"href":"http:\/\/www.semlh-morbihan.fr\/wordpress\/wp-json\/wp\/v2\/users\/329"}],"replies":[{"embeddable":true,"href":"http:\/\/www.semlh-morbihan.fr\/wordpress\/wp-json\/wp\/v2\/comments?post=9508"}],"version-history":[{"count":2,"href":"http:\/\/www.semlh-morbihan.fr\/wordpress\/wp-json\/wp\/v2\/posts\/9508\/revisions"}],"predecessor-version":[{"id":9517,"href":"http:\/\/www.semlh-morbihan.fr\/wordpress\/wp-json\/wp\/v2\/posts\/9508\/revisions\/9517"}],"wp:featuredmedia":[{"embeddable":true,"href":"http:\/\/www.semlh-morbihan.fr\/wordpress\/wp-json\/wp\/v2\/media\/9515"}],"wp:attachment":[{"href":"http:\/\/www.semlh-morbihan.fr\/wordpress\/wp-json\/wp\/v2\/media?parent=9508"}],"wp:term":[{"taxonomy":"category","embeddable":true,"href":"http:\/\/www.semlh-morbihan.fr\/wordpress\/wp-json\/wp\/v2\/categories?post=9508"},{"taxonomy":"post_tag","embeddable":true,"href":"http:\/\/www.semlh-morbihan.fr\/wordpress\/wp-json\/wp\/v2\/tags?post=9508"}],"curies":[{"name":"wp","href":"https:\/\/api.w.org\/{rel}","templated":true}]}}