{"id":9542,"date":"2024-05-03T18:37:26","date_gmt":"2024-05-03T16:37:26","guid":{"rendered":"http:\/\/www.semlh-morbihan.fr\/wordpress\/?p=9542"},"modified":"2024-05-09T16:02:28","modified_gmt":"2024-05-09T14:02:28","slug":"commemoration-a-vannes-des-victimes-de-la-deportation-le-28-avril2024","status":"publish","type":"post","link":"http:\/\/www.semlh-morbihan.fr\/wordpress\/2024\/05\/03\/commemoration-a-vannes-des-victimes-de-la-deportation-le-28-avril2024\/","title":{"rendered":"Comm\u00e9moration \u00e0 Vannes des victimes de la d\u00e9portation le 28 avril2024"},"content":{"rendered":"<p style=\"text-align: justify;\">La c\u00e9r\u00e9monie devant la st\u00e8le de la Garenne a \u00e9t\u00e9 pr\u00e9sid\u00e9e par la directrice de cabinet du Pr\u00e9fet, entour\u00e9e de plusieurs \u00e9lus , d\u00e9put\u00e9s, s\u00e9nateur et s\u00e9natrice, vice-pr\u00e9sidente du conseil d\u00e9partemental et adjointe au maire de Vannes et en pr\u00e9sence des trois vice-pr\u00e9sidents de la section, Mme Liliane Beaugrand, M. Raymond Le Lan et Pascal Lecomte, du pr\u00e9sident du comit\u00e9 de Vannes, M. Bruno Bodard, Mme Anne-Marie Duro et le colonel Jacques Joly. Notre drapeau \u00e9tait port\u00e9 par Jean-PIerre Tessier.<\/p>\n<p>Cordialement<\/p>\n<p>Pascal Lecomte<\/p>\n<p>&nbsp;<\/p>\n<p style=\"text-align: center;\"><span style=\"text-decoration: underline;\"><strong>Article du T\u00e9l\u00e9gramme du 28 avril 2024<\/strong><\/span><\/p>\n<h1 class=\"tlg-h1\">\u00c0 Vannes, un vibrant hommage aux victimes et h\u00e9ros de la d\u00e9portation<\/h1>\n<div class=\"tlg-authorodate\">\n<div>\n<div class=\"tlg-horodate\"><time datetime=\"2024-04-28T19:00:02+02:00\">Le 28 avril 2024 \u00e0 19h00<\/time><\/div>\n<\/div>\n<\/div>\n<p class=\"tlg-h5\">Ce dimanche 28\u00a0avril, \u00e0 Vannes, un hommage a \u00e9t\u00e9 rendu aux victimes et aux h\u00e9ros de la d\u00e9portation.<\/p>\n<figure id=\"attachment_9544\" aria-describedby=\"caption-attachment-9544\" style=\"width: 480px\" class=\"wp-caption aligncenter\"><img loading=\"lazy\" decoding=\"async\" class=\"size-full wp-image-9544\" src=\"http:\/\/www.semlh-morbihan.fr\/wordpress\/wp-content\/uploads\/2024\/05\/la_farenne2.jpg\" alt=\"\" width=\"480\" height=\"300\" \/><figcaption id=\"caption-attachment-9544\" class=\"wp-caption-text\">La c\u00e9r\u00e9monie en souvenir des victimes et des h\u00e9ros de la d\u00e9portation \u00e9tait pr\u00e9sid\u00e9e par Marie Conciatori, directrice de cabinet du pr\u00e9fet du Morbihan.<\/figcaption><\/figure>\n<figure id=\"attachment_9545\" aria-describedby=\"caption-attachment-9545\" style=\"width: 600px\" class=\"wp-caption aligncenter\"><img loading=\"lazy\" decoding=\"async\" class=\"size-medium wp-image-9545\" src=\"http:\/\/www.semlh-morbihan.fr\/wordpress\/wp-content\/uploads\/2024\/05\/la_garenne_01-600x375.jpg\" alt=\"\" width=\"600\" height=\"375\" srcset=\"http:\/\/www.semlh-morbihan.fr\/wordpress\/wp-content\/uploads\/2024\/05\/la_garenne_01-600x375.jpg 600w, http:\/\/www.semlh-morbihan.fr\/wordpress\/wp-content\/uploads\/2024\/05\/la_garenne_01.jpg 720w\" sizes=\"auto, (max-width: 600px) 100vw, 600px\" \/><figcaption id=\"caption-attachment-9545\" class=\"wp-caption-text\">El\u00e8ve de Terminale au lyc\u00e9e Charles de Gaulle, Ma\u00ebliss\u00a0\u00c9tienne a lu sa lettre \u00e9mouvante devant les autorit\u00e9s civiles et militaires rassembl\u00e9es sur le plateau de la Garenne.<\/figcaption><\/figure>\n<p style=\"text-align: justify;\">\u00ab Vous \u00e9tiez vingt et cent, vous \u00e9tiez des milliers, nus et maigres tremblants dans ces wagons plomb\u00e9s, qui d\u00e9chiriez la nuit de vos ongles battants\u00a0\u00bb. C\u2019est sur la chanson de Jean Ferrat \u00ab\u00a0Nuit et Brouillard\u00a0\u00bb que s\u2019est achev\u00e9e, dimanche 28 avril \u00e0 Vannes, la c\u00e9r\u00e9monie en souvenir des victimes et des h\u00e9ros de la d\u00e9portation.<\/p>\n<figure id=\"attachment_9544\" aria-describedby=\"caption-attachment-9544\" style=\"width: 480px\" class=\"wp-caption aligncenter\"><img loading=\"lazy\" decoding=\"async\" class=\"size-full wp-image-9544\" src=\"http:\/\/www.semlh-morbihan.fr\/wordpress\/wp-content\/uploads\/2024\/05\/la_farenne2.jpg\" alt=\"\" width=\"480\" height=\"300\" \/><figcaption id=\"caption-attachment-9544\" class=\"wp-caption-text\">La c\u00e9r\u00e9monie en souvenir des victimes et des h\u00e9ros de la d\u00e9portation \u00e9tait pr\u00e9sid\u00e9e par Marie Conciatori, directrice de cabinet du pr\u00e9fet du Morbihan.<\/figcaption><\/figure>\n<p style=\"text-align: justify;\">Auparavant, Ma\u00ebliss \u00c9tienne, laur\u00e9ate du prix de la M\u00e9moire et du civisme, a lu la lettre qu\u2019elle avait adress\u00e9e \u00e0 l\u2019ancienne d\u00e9port\u00e9e, Lily Leignel. \u00ab Toutes ces \u00e9preuves, Lily, vous ont appris la grandeur et la bassesse des hommes, jusqu\u2019\u00e0 l\u2019ignominie la plus insoutenable, celle qui a conduit \u00e0 la mort des millions d\u2019\u00eatres humains, au nom d\u2019une id\u00e9ologie d\u00e9natur\u00e9e \u00bb.<\/p>\n<p style=\"text-align: justify;\">Bruno Vigouroux, pr\u00e9sident de l\u2019Union nationale des associations de d\u00e9port\u00e9s, intern\u00e9s et familles de disparus (UNADIF), a rappel\u00e9, au nom de l\u2019ensemble des associations de m\u00e9moire \u00ab\u00a0qu\u2019il y a 80 ans, partaient les 14 derniers convois de d\u00e9portation g\u00e9nocidaire. Restons mobilis\u00e9s contre la r\u00e9surgence des id\u00e9ologies de haine et d\u2019exclusion\u00a0\u00bb, a-t-il conclu.<\/p>\n<p><img loading=\"lazy\" decoding=\"async\" class=\"aligncenter size-medium wp-image-9590\" src=\"http:\/\/www.semlh-morbihan.fr\/wordpress\/wp-content\/uploads\/2024\/05\/IMG_2841-600x400.jpg\" alt=\"\" width=\"600\" height=\"400\" srcset=\"http:\/\/www.semlh-morbihan.fr\/wordpress\/wp-content\/uploads\/2024\/05\/IMG_2841-600x400.jpg 600w, http:\/\/www.semlh-morbihan.fr\/wordpress\/wp-content\/uploads\/2024\/05\/IMG_2841-768x512.jpg 768w, http:\/\/www.semlh-morbihan.fr\/wordpress\/wp-content\/uploads\/2024\/05\/IMG_2841.jpg 1024w\" sizes=\"auto, (max-width: 600px) 100vw, 600px\" \/> <img loading=\"lazy\" decoding=\"async\" class=\"aligncenter size-medium wp-image-9591\" src=\"http:\/\/www.semlh-morbihan.fr\/wordpress\/wp-content\/uploads\/2024\/05\/IMG_2845-600x371.jpg\" alt=\"\" width=\"600\" height=\"371\" srcset=\"http:\/\/www.semlh-morbihan.fr\/wordpress\/wp-content\/uploads\/2024\/05\/IMG_2845-600x371.jpg 600w, http:\/\/www.semlh-morbihan.fr\/wordpress\/wp-content\/uploads\/2024\/05\/IMG_2845-768x476.jpg 768w, http:\/\/www.semlh-morbihan.fr\/wordpress\/wp-content\/uploads\/2024\/05\/IMG_2845.jpg 1024w\" sizes=\"auto, (max-width: 600px) 100vw, 600px\" \/> <img loading=\"lazy\" decoding=\"async\" class=\"aligncenter size-medium wp-image-9592\" src=\"http:\/\/www.semlh-morbihan.fr\/wordpress\/wp-content\/uploads\/2024\/05\/IMG_2866-600x400.jpg\" alt=\"\" width=\"600\" height=\"400\" srcset=\"http:\/\/www.semlh-morbihan.fr\/wordpress\/wp-content\/uploads\/2024\/05\/IMG_2866-600x400.jpg 600w, http:\/\/www.semlh-morbihan.fr\/wordpress\/wp-content\/uploads\/2024\/05\/IMG_2866-768x512.jpg 768w, http:\/\/www.semlh-morbihan.fr\/wordpress\/wp-content\/uploads\/2024\/05\/IMG_2866.jpg 1024w\" sizes=\"auto, (max-width: 600px) 100vw, 600px\" \/> <img loading=\"lazy\" decoding=\"async\" class=\"aligncenter size-medium wp-image-9593\" src=\"http:\/\/www.semlh-morbihan.fr\/wordpress\/wp-content\/uploads\/2024\/05\/IMG_2972-600x389.jpg\" alt=\"\" width=\"600\" height=\"389\" srcset=\"http:\/\/www.semlh-morbihan.fr\/wordpress\/wp-content\/uploads\/2024\/05\/IMG_2972-600x389.jpg 600w, http:\/\/www.semlh-morbihan.fr\/wordpress\/wp-content\/uploads\/2024\/05\/IMG_2972-768x498.jpg 768w, http:\/\/www.semlh-morbihan.fr\/wordpress\/wp-content\/uploads\/2024\/05\/IMG_2972.jpg 1024w\" sizes=\"auto, (max-width: 600px) 100vw, 600px\" \/> <img loading=\"lazy\" decoding=\"async\" class=\"aligncenter size-medium wp-image-9594\" src=\"http:\/\/www.semlh-morbihan.fr\/wordpress\/wp-content\/uploads\/2024\/05\/IMG_3019-600x400.jpg\" alt=\"\" width=\"600\" height=\"400\" srcset=\"http:\/\/www.semlh-morbihan.fr\/wordpress\/wp-content\/uploads\/2024\/05\/IMG_3019-600x400.jpg 600w, http:\/\/www.semlh-morbihan.fr\/wordpress\/wp-content\/uploads\/2024\/05\/IMG_3019-768x512.jpg 768w, http:\/\/www.semlh-morbihan.fr\/wordpress\/wp-content\/uploads\/2024\/05\/IMG_3019.jpg 1024w\" sizes=\"auto, (max-width: 600px) 100vw, 600px\" \/> <img loading=\"lazy\" decoding=\"async\" class=\"aligncenter size-medium wp-image-9595\" src=\"http:\/\/www.semlh-morbihan.fr\/wordpress\/wp-content\/uploads\/2024\/05\/IMG_3022-600x400.jpg\" alt=\"\" width=\"600\" height=\"400\" srcset=\"http:\/\/www.semlh-morbihan.fr\/wordpress\/wp-content\/uploads\/2024\/05\/IMG_3022-600x400.jpg 600w, http:\/\/www.semlh-morbihan.fr\/wordpress\/wp-content\/uploads\/2024\/05\/IMG_3022-768x512.jpg 768w, http:\/\/www.semlh-morbihan.fr\/wordpress\/wp-content\/uploads\/2024\/05\/IMG_3022.jpg 1024w\" sizes=\"auto, (max-width: 600px) 100vw, 600px\" \/><\/p>\n","protected":false},"excerpt":{"rendered":"<p>La c\u00e9r\u00e9monie devant la st\u00e8le de la Garenne a \u00e9t\u00e9 pr\u00e9sid\u00e9e par la directrice de cabinet du Pr\u00e9fet, entour\u00e9e de plusieurs \u00e9lus , d\u00e9put\u00e9s, s\u00e9nateur&#8230;<\/p>\n","protected":false},"author":329,"featured_media":9545,"comment_status":"closed","ping_status":"open","sticky":false,"template":"","format":"standard","meta":{"footnotes":""},"categories":[417,337],"tags":[607],"class_list":["post-9542","post","type-post","status-publish","format-standard","has-post-thumbnail","hentry","category-ceremonies-patriotiques","category-la-section","tag-section-smlh-du-morbihan","wpcat-417-id","wpcat-337-id"],"_links":{"self":[{"href":"http:\/\/www.semlh-morbihan.fr\/wordpress\/wp-json\/wp\/v2\/posts\/9542","targetHints":{"allow":["GET"]}}],"collection":[{"href":"http:\/\/www.semlh-morbihan.fr\/wordpress\/wp-json\/wp\/v2\/posts"}],"about":[{"href":"http:\/\/www.semlh-morbihan.fr\/wordpress\/wp-json\/wp\/v2\/types\/post"}],"author":[{"embeddable":true,"href":"http:\/\/www.semlh-morbihan.fr\/wordpress\/wp-json\/wp\/v2\/users\/329"}],"replies":[{"embeddable":true,"href":"http:\/\/www.semlh-morbihan.fr\/wordpress\/wp-json\/wp\/v2\/comments?post=9542"}],"version-history":[{"count":5,"href":"http:\/\/www.semlh-morbihan.fr\/wordpress\/wp-json\/wp\/v2\/posts\/9542\/revisions"}],"predecessor-version":[{"id":9597,"href":"http:\/\/www.semlh-morbihan.fr\/wordpress\/wp-json\/wp\/v2\/posts\/9542\/revisions\/9597"}],"wp:featuredmedia":[{"embeddable":true,"href":"http:\/\/www.semlh-morbihan.fr\/wordpress\/wp-json\/wp\/v2\/media\/9545"}],"wp:attachment":[{"href":"http:\/\/www.semlh-morbihan.fr\/wordpress\/wp-json\/wp\/v2\/media?parent=9542"}],"wp:term":[{"taxonomy":"category","embeddable":true,"href":"http:\/\/www.semlh-morbihan.fr\/wordpress\/wp-json\/wp\/v2\/categories?post=9542"},{"taxonomy":"post_tag","embeddable":true,"href":"http:\/\/www.semlh-morbihan.fr\/wordpress\/wp-json\/wp\/v2\/tags?post=9542"}],"curies":[{"name":"wp","href":"https:\/\/api.w.org\/{rel}","templated":true}]}}