{"id":9548,"date":"2024-05-08T20:09:59","date_gmt":"2024-05-08T18:09:59","guid":{"rendered":"http:\/\/www.semlh-morbihan.fr\/wordpress\/?p=9548"},"modified":"2024-05-14T12:44:55","modified_gmt":"2024-05-14T10:44:55","slug":"inauguration-de-la-plaque-du-coloneler-le-guyader-grand-croix-de-la-legion-dhonneur","status":"publish","type":"post","link":"http:\/\/www.semlh-morbihan.fr\/wordpress\/2024\/05\/08\/inauguration-de-la-plaque-du-coloneler-le-guyader-grand-croix-de-la-legion-dhonneur\/","title":{"rendered":"Inauguration de la plaque du colonel(er) Le Guyader, Grand Croix de la l\u00e9gion d&rsquo;honneur"},"content":{"rendered":"<p>Le mercredi 8 mai, la ville de Quiberon a honor\u00e9 le colonel Le Guyader, Grand Croix de la l\u00e9gion d&rsquo;honneur par le d\u00e9voilement d&rsquo;une plaque en son honneur, en pr\u00e9sence de l&rsquo;int\u00e9ress\u00e9. Cette plaque est plac\u00e9e devant la maison des associations avec une rue \u00e0 son nom.<\/p>\n<p>Le parcours de Le Guyader a \u00e9t\u00e9 retrac\u00e9 par Pierre Baudic, notre soci\u00e9taire de Quiberon ainsi que par le pr\u00e9sident de l&rsquo;amicale des harkis. . Mich\u00e8le Th\u00e9ry repr\u00e9sentait la pr\u00e9sident du comit\u00e9 du Pays d&rsquo;Auray.<\/p>\n<p><a href=\"http:\/\/www.semlh-morbihan.fr\/wordpress\/wp-content\/uploads\/2024\/05\/discours_prononce_lors_de_linauguration_de_la_plaque.pdf\">discours_prononc\u00e9_par le coonel Pierre Baudic et M. Albert Valeur, pr\u00e9sident de l&rsquo;amicale des tirailleurs alg\u00e9riens lors_de_l&rsquo;inauguration_de_la_plaque<\/a><\/p>\n<p>Ci-dessous, quelques photos de cette c\u00e9r\u00e9monie.<\/p>\n<figure id=\"attachment_9550\" aria-describedby=\"caption-attachment-9550\" style=\"width: 450px\" class=\"wp-caption aligncenter\"><img loading=\"lazy\" decoding=\"async\" class=\"size-medium wp-image-9550\" src=\"http:\/\/www.semlh-morbihan.fr\/wordpress\/wp-content\/uploads\/2024\/05\/Resized_20240508_12385311-450x600.jpg\" alt=\"\" width=\"450\" height=\"600\" srcset=\"http:\/\/www.semlh-morbihan.fr\/wordpress\/wp-content\/uploads\/2024\/05\/Resized_20240508_12385311-450x600.jpg 450w, http:\/\/www.semlh-morbihan.fr\/wordpress\/wp-content\/uploads\/2024\/05\/Resized_20240508_12385311.jpg 720w\" sizes=\"auto, (max-width: 450px) 100vw, 450px\" \/><figcaption id=\"caption-attachment-9550\" class=\"wp-caption-text\">La plaque pour le Colonel Le Guyader, plac\u00e9e devant la maison des associations<\/figcaption><\/figure>\n<figure id=\"attachment_9553\" aria-describedby=\"caption-attachment-9553\" style=\"width: 450px\" class=\"wp-caption aligncenter\"><img loading=\"lazy\" decoding=\"async\" class=\"size-medium wp-image-9553\" src=\"http:\/\/www.semlh-morbihan.fr\/wordpress\/wp-content\/uploads\/2024\/05\/Resized_20240508_1230541-450x600.jpg\" alt=\"\" width=\"450\" height=\"600\" srcset=\"http:\/\/www.semlh-morbihan.fr\/wordpress\/wp-content\/uploads\/2024\/05\/Resized_20240508_1230541-450x600.jpg 450w, http:\/\/www.semlh-morbihan.fr\/wordpress\/wp-content\/uploads\/2024\/05\/Resized_20240508_1230541.jpg 720w\" sizes=\"auto, (max-width: 450px) 100vw, 450px\" \/><figcaption id=\"caption-attachment-9553\" class=\"wp-caption-text\">Le colonel seul devant cette plaque \u00e0 son nom en fin de c\u00e9r\u00e9monie. Il repense \u00e0 tous ses compagnons : \u00ab\u00a0c&rsquo;est un grand honneur pour moi qui rejaillit sur tous mes camarades de combat\u00a0\u00bb.<\/figcaption><\/figure>\n<figure id=\"attachment_9558\" aria-describedby=\"caption-attachment-9558\" style=\"width: 450px\" class=\"wp-caption aligncenter\"><img loading=\"lazy\" decoding=\"async\" class=\"size-medium wp-image-9558\" src=\"http:\/\/www.semlh-morbihan.fr\/wordpress\/wp-content\/uploads\/2024\/05\/Resized_20240508_1235201-450x600.jpg\" alt=\"\" width=\"450\" height=\"600\" srcset=\"http:\/\/www.semlh-morbihan.fr\/wordpress\/wp-content\/uploads\/2024\/05\/Resized_20240508_1235201-450x600.jpg 450w, http:\/\/www.semlh-morbihan.fr\/wordpress\/wp-content\/uploads\/2024\/05\/Resized_20240508_1235201.jpg 720w\" sizes=\"auto, (max-width: 450px) 100vw, 450px\" \/><figcaption id=\"caption-attachment-9558\" class=\"wp-caption-text\">avec le maire de Quiberon<\/figcaption><\/figure>\n<figure id=\"attachment_9554\" aria-describedby=\"caption-attachment-9554\" style=\"width: 450px\" class=\"wp-caption aligncenter\"><img loading=\"lazy\" decoding=\"async\" class=\"size-medium wp-image-9554\" src=\"http:\/\/www.semlh-morbihan.fr\/wordpress\/wp-content\/uploads\/2024\/05\/Resized_20240508_1237041-450x600.jpg\" alt=\"\" width=\"450\" height=\"600\" srcset=\"http:\/\/www.semlh-morbihan.fr\/wordpress\/wp-content\/uploads\/2024\/05\/Resized_20240508_1237041-450x600.jpg 450w, http:\/\/www.semlh-morbihan.fr\/wordpress\/wp-content\/uploads\/2024\/05\/Resized_20240508_1237041.jpg 720w\" sizes=\"auto, (max-width: 450px) 100vw, 450px\" \/><figcaption id=\"caption-attachment-9554\" class=\"wp-caption-text\">Avec Pierre Baudic. Au deuxi\u00e8me plan, \u00e0 gauche, le G\u00e9n\u00e9ral de Ternay, Commandeur de la L\u00e9gion d&rsquo;honneur ; la fille du colonel Le Guyader, monsieur Albert Valeur, pr\u00e9sident de l&rsquo;amicale des Anciens des R\u00e9giments de Tirailleurs Alg\u00e9riens.<\/figcaption><\/figure>\n<figure id=\"attachment_9600\" aria-describedby=\"caption-attachment-9600\" style=\"width: 450px\" class=\"wp-caption aligncenter\"><img loading=\"lazy\" decoding=\"async\" class=\"size-medium wp-image-9600\" src=\"http:\/\/www.semlh-morbihan.fr\/wordpress\/wp-content\/uploads\/2024\/05\/WhatsApp-Image-2024-05-09-a-18.35.55_4a5afd0d-450x600.jpg\" alt=\"\" width=\"450\" height=\"600\" srcset=\"http:\/\/www.semlh-morbihan.fr\/wordpress\/wp-content\/uploads\/2024\/05\/WhatsApp-Image-2024-05-09-a-18.35.55_4a5afd0d-450x600.jpg 450w, http:\/\/www.semlh-morbihan.fr\/wordpress\/wp-content\/uploads\/2024\/05\/WhatsApp-Image-2024-05-09-a-18.35.55_4a5afd0d-768x1024.jpg 768w, http:\/\/www.semlh-morbihan.fr\/wordpress\/wp-content\/uploads\/2024\/05\/WhatsApp-Image-2024-05-09-a-18.35.55_4a5afd0d-1152x1536.jpg 1152w, http:\/\/www.semlh-morbihan.fr\/wordpress\/wp-content\/uploads\/2024\/05\/WhatsApp-Image-2024-05-09-a-18.35.55_4a5afd0d.jpg 1200w\" sizes=\"auto, (max-width: 450px) 100vw, 450px\" \/><figcaption id=\"caption-attachment-9600\" class=\"wp-caption-text\">La place, Pierre Baudic et le Maire de Quiberon<\/figcaption><\/figure>\n<figure id=\"attachment_9601\" aria-describedby=\"caption-attachment-9601\" style=\"width: 450px\" class=\"wp-caption aligncenter\"><img loading=\"lazy\" decoding=\"async\" class=\"size-medium wp-image-9601\" src=\"http:\/\/www.semlh-morbihan.fr\/wordpress\/wp-content\/uploads\/2024\/05\/WhatsApp-Image-2024-05-09-a-18.36.54_e660b8ae-450x600.jpg\" alt=\"\" width=\"450\" height=\"600\" srcset=\"http:\/\/www.semlh-morbihan.fr\/wordpress\/wp-content\/uploads\/2024\/05\/WhatsApp-Image-2024-05-09-a-18.36.54_e660b8ae-450x600.jpg 450w, http:\/\/www.semlh-morbihan.fr\/wordpress\/wp-content\/uploads\/2024\/05\/WhatsApp-Image-2024-05-09-a-18.36.54_e660b8ae-768x1024.jpg 768w, http:\/\/www.semlh-morbihan.fr\/wordpress\/wp-content\/uploads\/2024\/05\/WhatsApp-Image-2024-05-09-a-18.36.54_e660b8ae-1152x1536.jpg 1152w, http:\/\/www.semlh-morbihan.fr\/wordpress\/wp-content\/uploads\/2024\/05\/WhatsApp-Image-2024-05-09-a-18.36.54_e660b8ae.jpg 1200w\" sizes=\"auto, (max-width: 450px) 100vw, 450px\" \/><figcaption id=\"caption-attachment-9601\" class=\"wp-caption-text\">Monsieur le maire de Quiberon et le Colonel Le Guyader<\/figcaption><\/figure>\n<figure id=\"attachment_9599\" aria-describedby=\"caption-attachment-9599\" style=\"width: 450px\" class=\"wp-caption aligncenter\"><img loading=\"lazy\" decoding=\"async\" class=\"size-medium wp-image-9599\" src=\"http:\/\/www.semlh-morbihan.fr\/wordpress\/wp-content\/uploads\/2024\/05\/WhatsApp-Image-2024-05-09-a-18.38.53_6b582f10-450x600.jpg\" alt=\"\" width=\"450\" height=\"600\" srcset=\"http:\/\/www.semlh-morbihan.fr\/wordpress\/wp-content\/uploads\/2024\/05\/WhatsApp-Image-2024-05-09-a-18.38.53_6b582f10-450x600.jpg 450w, http:\/\/www.semlh-morbihan.fr\/wordpress\/wp-content\/uploads\/2024\/05\/WhatsApp-Image-2024-05-09-a-18.38.53_6b582f10-768x1024.jpg 768w, http:\/\/www.semlh-morbihan.fr\/wordpress\/wp-content\/uploads\/2024\/05\/WhatsApp-Image-2024-05-09-a-18.38.53_6b582f10-1152x1536.jpg 1152w, http:\/\/www.semlh-morbihan.fr\/wordpress\/wp-content\/uploads\/2024\/05\/WhatsApp-Image-2024-05-09-a-18.38.53_6b582f10.jpg 1200w\" sizes=\"auto, (max-width: 450px) 100vw, 450px\" \/><figcaption id=\"caption-attachment-9599\" class=\"wp-caption-text\">Le colonel Le Guyader et le g\u00e9n\u00e9ral de Ternay qui habite pr\u00e8s de Malestroit<\/figcaption><\/figure>\n<p style=\"text-align: center;\"><span style=\"text-decoration: underline;\"><strong>Article de Ouest-France<\/strong><\/span><\/p>\n<p><img loading=\"lazy\" decoding=\"async\" class=\"aligncenter size-medium wp-image-9568\" src=\"http:\/\/www.semlh-morbihan.fr\/wordpress\/wp-content\/uploads\/2024\/05\/tempFileForShare_20240509-113524-345x600.jpg\" alt=\"\" width=\"345\" height=\"600\" srcset=\"http:\/\/www.semlh-morbihan.fr\/wordpress\/wp-content\/uploads\/2024\/05\/tempFileForShare_20240509-113524-345x600.jpg 345w, http:\/\/www.semlh-morbihan.fr\/wordpress\/wp-content\/uploads\/2024\/05\/tempFileForShare_20240509-113524-588x1024.jpg 588w, http:\/\/www.semlh-morbihan.fr\/wordpress\/wp-content\/uploads\/2024\/05\/tempFileForShare_20240509-113524.jpg 719w\" sizes=\"auto, (max-width: 345px) 100vw, 345px\" \/><\/p>\n","protected":false},"excerpt":{"rendered":"<p>Le mercredi 8 mai, la ville de Quiberon a honor\u00e9 le colonel Le Guyader, Grand Croix de la l\u00e9gion d&rsquo;honneur par le d\u00e9voilement d&rsquo;une plaque&#8230;<\/p>\n","protected":false},"author":329,"featured_media":9551,"comment_status":"closed","ping_status":"open","sticky":false,"template":"","format":"standard","meta":{"footnotes":""},"categories":[495,342],"tags":[627],"class_list":["post-9548","post","type-post","status-publish","format-standard","has-post-thumbnail","hentry","category-ceremonies-comite-du-pays-dauray","category-comite-du-pays-dauray","tag-comite-du-pays-dauray","wpcat-495-id","wpcat-342-id"],"_links":{"self":[{"href":"http:\/\/www.semlh-morbihan.fr\/wordpress\/wp-json\/wp\/v2\/posts\/9548","targetHints":{"allow":["GET"]}}],"collection":[{"href":"http:\/\/www.semlh-morbihan.fr\/wordpress\/wp-json\/wp\/v2\/posts"}],"about":[{"href":"http:\/\/www.semlh-morbihan.fr\/wordpress\/wp-json\/wp\/v2\/types\/post"}],"author":[{"embeddable":true,"href":"http:\/\/www.semlh-morbihan.fr\/wordpress\/wp-json\/wp\/v2\/users\/329"}],"replies":[{"embeddable":true,"href":"http:\/\/www.semlh-morbihan.fr\/wordpress\/wp-json\/wp\/v2\/comments?post=9548"}],"version-history":[{"count":9,"href":"http:\/\/www.semlh-morbihan.fr\/wordpress\/wp-json\/wp\/v2\/posts\/9548\/revisions"}],"predecessor-version":[{"id":9605,"href":"http:\/\/www.semlh-morbihan.fr\/wordpress\/wp-json\/wp\/v2\/posts\/9548\/revisions\/9605"}],"wp:featuredmedia":[{"embeddable":true,"href":"http:\/\/www.semlh-morbihan.fr\/wordpress\/wp-json\/wp\/v2\/media\/9551"}],"wp:attachment":[{"href":"http:\/\/www.semlh-morbihan.fr\/wordpress\/wp-json\/wp\/v2\/media?parent=9548"}],"wp:term":[{"taxonomy":"category","embeddable":true,"href":"http:\/\/www.semlh-morbihan.fr\/wordpress\/wp-json\/wp\/v2\/categories?post=9548"},{"taxonomy":"post_tag","embeddable":true,"href":"http:\/\/www.semlh-morbihan.fr\/wordpress\/wp-json\/wp\/v2\/tags?post=9548"}],"curies":[{"name":"wp","href":"https:\/\/api.w.org\/{rel}","templated":true}]}}