{"id":9571,"date":"2024-05-09T12:23:49","date_gmt":"2024-05-09T10:23:49","guid":{"rendered":"http:\/\/www.semlh-morbihan.fr\/wordpress\/?p=9571"},"modified":"2024-05-09T12:26:25","modified_gmt":"2024-05-09T10:26:25","slug":"remise-de-la-croix-du-combattant-a-ladjudant-chef-benoit-la-guillaume-par-le-general-andre-le-vaillant-le-mercredi-8-mai-2024-0-carnac","status":"publish","type":"post","link":"http:\/\/www.semlh-morbihan.fr\/wordpress\/2024\/05\/09\/remise-de-la-croix-du-combattant-a-ladjudant-chef-benoit-la-guillaume-par-le-general-andre-le-vaillant-le-mercredi-8-mai-2024-0-carnac\/","title":{"rendered":"Remise de la Croix du Combattant \u00e0 l&rsquo;adjudant-chef Benoit La Guillaume par le g\u00e9n\u00e9ral Andr\u00e9 Le Vaillant le mercredi 8 mai 2024 0 Carnac"},"content":{"rendered":"<p style=\"text-align: center;\"><span style=\"text-decoration: underline;\"><strong>Article de Ouest-France<\/strong><\/span><\/p>\n<p><img loading=\"lazy\" decoding=\"async\" class=\"aligncenter size-full wp-image-9572\" src=\"http:\/\/www.semlh-morbihan.fr\/wordpress\/wp-content\/uploads\/2024\/05\/tempFileForShare_20240509-113626.jpg\" alt=\"\" width=\"346\" height=\"474\" \/><\/p>\n","protected":false},"excerpt":{"rendered":"<p>Article de Ouest-France<\/p>\n","protected":false},"author":329,"featured_media":9574,"comment_status":"closed","ping_status":"open","sticky":false,"template":"","format":"standard","meta":{"footnotes":""},"categories":[495,342],"tags":[627],"class_list":["post-9571","post","type-post","status-publish","format-standard","has-post-thumbnail","hentry","category-ceremonies-comite-du-pays-dauray","category-comite-du-pays-dauray","tag-comite-du-pays-dauray","wpcat-495-id","wpcat-342-id"],"_links":{"self":[{"href":"http:\/\/www.semlh-morbihan.fr\/wordpress\/wp-json\/wp\/v2\/posts\/9571","targetHints":{"allow":["GET"]}}],"collection":[{"href":"http:\/\/www.semlh-morbihan.fr\/wordpress\/wp-json\/wp\/v2\/posts"}],"about":[{"href":"http:\/\/www.semlh-morbihan.fr\/wordpress\/wp-json\/wp\/v2\/types\/post"}],"author":[{"embeddable":true,"href":"http:\/\/www.semlh-morbihan.fr\/wordpress\/wp-json\/wp\/v2\/users\/329"}],"replies":[{"embeddable":true,"href":"http:\/\/www.semlh-morbihan.fr\/wordpress\/wp-json\/wp\/v2\/comments?post=9571"}],"version-history":[{"count":1,"href":"http:\/\/www.semlh-morbihan.fr\/wordpress\/wp-json\/wp\/v2\/posts\/9571\/revisions"}],"predecessor-version":[{"id":9573,"href":"http:\/\/www.semlh-morbihan.fr\/wordpress\/wp-json\/wp\/v2\/posts\/9571\/revisions\/9573"}],"wp:featuredmedia":[{"embeddable":true,"href":"http:\/\/www.semlh-morbihan.fr\/wordpress\/wp-json\/wp\/v2\/media\/9574"}],"wp:attachment":[{"href":"http:\/\/www.semlh-morbihan.fr\/wordpress\/wp-json\/wp\/v2\/media?parent=9571"}],"wp:term":[{"taxonomy":"category","embeddable":true,"href":"http:\/\/www.semlh-morbihan.fr\/wordpress\/wp-json\/wp\/v2\/categories?post=9571"},{"taxonomy":"post_tag","embeddable":true,"href":"http:\/\/www.semlh-morbihan.fr\/wordpress\/wp-json\/wp\/v2\/tags?post=9571"}],"curies":[{"name":"wp","href":"https:\/\/api.w.org\/{rel}","templated":true}]}}