{"id":9577,"date":"2024-05-09T13:07:27","date_gmt":"2024-05-09T11:07:27","guid":{"rendered":"http:\/\/www.semlh-morbihan.fr\/wordpress\/?p=9577"},"modified":"2024-05-09T13:07:27","modified_gmt":"2024-05-09T11:07:27","slug":"medaille-militaire-remise-a-patrick-croquet-par-le-general2s-philippe-prevost-a-camoel-le-8-mais-2024","status":"publish","type":"post","link":"http:\/\/www.semlh-morbihan.fr\/wordpress\/2024\/05\/09\/medaille-militaire-remise-a-patrick-croquet-par-le-general2s-philippe-prevost-a-camoel-le-8-mais-2024\/","title":{"rendered":"M\u00e9daille militaire remise \u00e0 Patrick Croquet, par le g\u00e9n\u00e9ral(2s) Philippe Pr\u00e9vost \u00e0 Camo\u00ebl le 8 mais 2024"},"content":{"rendered":"<figure id=\"attachment_9578\" aria-describedby=\"caption-attachment-9578\" style=\"width: 575px\" class=\"wp-caption aligncenter\"><img loading=\"lazy\" decoding=\"async\" class=\"size-full wp-image-9578\" src=\"http:\/\/www.semlh-morbihan.fr\/wordpress\/wp-content\/uploads\/2024\/05\/Capture.jpg\" alt=\"\" width=\"575\" height=\"357\" \/><figcaption id=\"caption-attachment-9578\" class=\"wp-caption-text\">\u00a0 \u00a0 \u00a0 \u00a0 \u00a0 \u00a0 \u00a0 \u00a0 \u00a0 \u00a0 \u00a0 \u00a0 \u00a0 \u00a0 \u00a0 \u00a0 \u00a0 \u00a0 \u00a0 \u00a0 \u00a0 \u00a0 \u00a0 \u00a0 \u00a0 \u00a0 \u00a0 \u00a0 \u00a0 \u00a0 \u00a0 \u00a0 \u00a0 \u00a0 \u00a0 photo Ouest-France<\/figcaption><\/figure>\n<p style=\"text-align: center;\"><span style=\"text-decoration: underline;\"><strong>Article de Ouest-France publi\u00e9 le 09\/05\/2024<\/strong><\/span><\/p>\n<p>&nbsp;<\/p>\n<p style=\"text-align: justify;\">La c\u00e9r\u00e9monie de comm\u00e9moration du 8\u00a0Mai a d\u00e9but\u00e9, \u00e0 Camo\u00ebl, avec les paroles des enfants sur la paix :\u00a0<q>\u00a0Pourra-t-on vivre sur terre sans col\u00e8re\u00a0? La r\u00e9ponse appartient au myst\u00e8re de la vie.\u00a0<\/q>\u00a0Le jeune Thomas prend le relais, avec des mots sur la r\u00e9silience et l\u2019honneur des combattants de 1944. Bernard Le Guen, maire de Camo\u00ebl, lui succ\u00e8de avec la lecture du texte de S\u00e9bastien Lecornu, ministre des Arm\u00e9es.<\/p>\n<p style=\"text-align: justify;\">Les bougies du souvenir ont \u00e9t\u00e9 d\u00e9pos\u00e9es au pied de la st\u00e8le par les enfants, l\u2019hymne national a \u00e9t\u00e9 repris par l\u2019assistance, avant que le sergent Patrick Croquet re\u00e7oive la m\u00e9daille militaire des mains du g\u00e9n\u00e9ral Prevost.\u00a0<q>\u00a0C\u2019est la plus haute distinction des sous-officiers et des hommes du rang, ayant fait des op\u00e9rations particuli\u00e8res<\/q>, confie-t-il tr\u00e8s \u00e9mu.\u00a0<q>J\u2019ai attendu longtemps cette m\u00e9daille. C\u2019est un immense plaisir\u00a0<\/q>.<\/p>\n<p style=\"text-align: justify;\">\u00c0 67\u00a0ans, il refait le parcours de sa carri\u00e8re, commenc\u00e9e en 1979 par son entr\u00e9e au 3<sup>e<\/sup>\u00a0Rima de Vannes. Deux\u00a0mois apr\u00e8s, il part en intervention au Tchad, avant de rejoindre la Martinique puis le Liban.\u00a0<q>\u00a0De l\u00e0, je suis parti \u00e0 la guerre du golfe. J\u2019\u00e9tais en premi\u00e8re ligne\u00a0<\/q>, se souvient-il. Il finira son engagement dans l\u2019arm\u00e9e en mars\u00a01995. Devenu retrait\u00e9, il pr\u00e9side aux destin\u00e9es de l\u2019UNC camo\u00eblaise.<\/p>\n<p style=\"text-align: justify;\">Ouest-France<\/p>\n<p style=\"text-align: justify;\">\n","protected":false},"excerpt":{"rendered":"<p>Article de Ouest-France publi\u00e9 le 09\/05\/2024 &nbsp; La c\u00e9r\u00e9monie de comm\u00e9moration du 8\u00a0Mai a d\u00e9but\u00e9, \u00e0 Camo\u00ebl, avec les paroles des enfants sur la paix&#8230;<\/p>\n","protected":false},"author":329,"featured_media":9578,"comment_status":"closed","ping_status":"open","sticky":false,"template":"","format":"standard","meta":{"footnotes":""},"categories":[417,337],"tags":[607],"class_list":["post-9577","post","type-post","status-publish","format-standard","has-post-thumbnail","hentry","category-ceremonies-patriotiques","category-la-section","tag-section-smlh-du-morbihan","wpcat-417-id","wpcat-337-id"],"_links":{"self":[{"href":"http:\/\/www.semlh-morbihan.fr\/wordpress\/wp-json\/wp\/v2\/posts\/9577","targetHints":{"allow":["GET"]}}],"collection":[{"href":"http:\/\/www.semlh-morbihan.fr\/wordpress\/wp-json\/wp\/v2\/posts"}],"about":[{"href":"http:\/\/www.semlh-morbihan.fr\/wordpress\/wp-json\/wp\/v2\/types\/post"}],"author":[{"embeddable":true,"href":"http:\/\/www.semlh-morbihan.fr\/wordpress\/wp-json\/wp\/v2\/users\/329"}],"replies":[{"embeddable":true,"href":"http:\/\/www.semlh-morbihan.fr\/wordpress\/wp-json\/wp\/v2\/comments?post=9577"}],"version-history":[{"count":1,"href":"http:\/\/www.semlh-morbihan.fr\/wordpress\/wp-json\/wp\/v2\/posts\/9577\/revisions"}],"predecessor-version":[{"id":9579,"href":"http:\/\/www.semlh-morbihan.fr\/wordpress\/wp-json\/wp\/v2\/posts\/9577\/revisions\/9579"}],"wp:featuredmedia":[{"embeddable":true,"href":"http:\/\/www.semlh-morbihan.fr\/wordpress\/wp-json\/wp\/v2\/media\/9578"}],"wp:attachment":[{"href":"http:\/\/www.semlh-morbihan.fr\/wordpress\/wp-json\/wp\/v2\/media?parent=9577"}],"wp:term":[{"taxonomy":"category","embeddable":true,"href":"http:\/\/www.semlh-morbihan.fr\/wordpress\/wp-json\/wp\/v2\/categories?post=9577"},{"taxonomy":"post_tag","embeddable":true,"href":"http:\/\/www.semlh-morbihan.fr\/wordpress\/wp-json\/wp\/v2\/tags?post=9577"}],"curies":[{"name":"wp","href":"https:\/\/api.w.org\/{rel}","templated":true}]}}