{"id":9580,"date":"2024-04-15T15:40:13","date_gmt":"2024-04-15T13:40:13","guid":{"rendered":"http:\/\/www.semlh-morbihan.fr\/wordpress\/?p=9580"},"modified":"2024-05-09T15:41:02","modified_gmt":"2024-05-09T13:41:02","slug":"intervention-au-lycee-professionel-ker-anna-de-kervignac-par-le-comite-du-pays-de-lorient-le-2-avril-2024","status":"publish","type":"post","link":"http:\/\/www.semlh-morbihan.fr\/wordpress\/2024\/04\/15\/intervention-au-lycee-professionel-ker-anna-de-kervignac-par-le-comite-du-pays-de-lorient-le-2-avril-2024\/","title":{"rendered":"Intervention au lyc\u00e9e professionel Ker Anna de Kervignac par le comit\u00e9 du Pays de Lorient le 2 avril 2024"},"content":{"rendered":"<p>Dans le cadre de l&rsquo; Honneur en Action 2021, le comit\u00e9 du Pays de Lorient a propos\u00e9 un projet au profit du Lyc\u00e9e professionnel keranna de Kervignac, en soutenant le programme p\u00e9dagogique qui vise \u00e0 redonner confiance \u00e0 des jeunes ayant des troubles de langage et de l \u2018apprentissage. Ce projet a \u00e9t\u00e9 laur\u00e9at et a re\u00e7u un prix. Cette aide a permis d\u2019acheter du mat\u00e9riel p\u00e9dagogique, mais est aussi compl\u00e9t\u00e9e par l\u2019organisation d\u2019interventions aupr\u00e8s des \u00e9l\u00e8ves sur le Civisme.<\/p>\n<p>Le prix a \u00e9t\u00e9 remis en mars 2022, puis 3 membres du Comit\u00e9 sont intervenus au printemps aupr\u00e8s des \u00e9l\u00e8ves. En outre , le bureau du comit\u00e9 s \u2018est r\u00e9uni au lyc\u00e9e, en novembre 2022, ce qui a permis \u00e0 tous les membres de visiter l\u2019\u00e9tablissement et de voir la mise en place du mat\u00e9riel p\u00e9dagogique et l\u2019utilisation par les \u00e9l\u00e8ves.<\/p>\n<p>Cette ann\u00e9e, le 02 avril, 2 membres de notre Comit\u00e9 (Hubert de Lageneste et Guy Sinel ) sont intervenus durant pr\u00e8s deux heures aupr\u00e8s de 40 \u00e9l\u00e8ves de 3\u00e8me pour leur pr\u00e9senter notamment\u00a0 les symboles de la R\u00e9publique, les collectivit\u00e9s territoriales et les \u00e9lections. Ils ont aussi r\u00e9pondu aux questions des \u00e9l\u00e8ves.<\/p>\n<p>Ils ont aussi rencontr\u00e9 le nouveau directeur M. Christophe Schneider et une r\u00e9union est pr\u00e9vue \u00e0 la rentr\u00e9e avec l&rsquo;\u00e9quipe p\u00e9dagogique pour d\u00e9finir les modalit\u00e9s de notre future intervention de l \u2018ann\u00e9e prochaine .<\/p>\n<p>Notre partenariat avec ce lyc\u00e9e professionnel continue de se d\u00e9velopper .<\/p>\n<p>C.V ( H) guy Sinel<\/p>\n<p>pr\u00e9sident du Comit\u00e9 du Pays de Lorient SMLH<\/p>\n<figure id=\"attachment_9582\" aria-describedby=\"caption-attachment-9582\" style=\"width: 600px\" class=\"wp-caption aligncenter\"><img loading=\"lazy\" decoding=\"async\" class=\"size-medium wp-image-9582\" src=\"http:\/\/www.semlh-morbihan.fr\/wordpress\/wp-content\/uploads\/2024\/05\/photo_1-600x450.jpeg\" alt=\"\" width=\"600\" height=\"450\" srcset=\"http:\/\/www.semlh-morbihan.fr\/wordpress\/wp-content\/uploads\/2024\/05\/photo_1-600x450.jpeg 600w, http:\/\/www.semlh-morbihan.fr\/wordpress\/wp-content\/uploads\/2024\/05\/photo_1-1024x768.jpeg 1024w, http:\/\/www.semlh-morbihan.fr\/wordpress\/wp-content\/uploads\/2024\/05\/photo_1-768x576.jpeg 768w, http:\/\/www.semlh-morbihan.fr\/wordpress\/wp-content\/uploads\/2024\/05\/photo_1-480x360.jpeg 480w, http:\/\/www.semlh-morbihan.fr\/wordpress\/wp-content\/uploads\/2024\/05\/photo_1.jpeg 1131w\" sizes=\"auto, (max-width: 600px) 100vw, 600px\" \/><figcaption id=\"caption-attachment-9582\" class=\"wp-caption-text\">Hubert de Lageneste et Guy Sinel au milieu des \u00e9l\u00e8ves<\/figcaption><\/figure>\n<figure id=\"attachment_9583\" aria-describedby=\"caption-attachment-9583\" style=\"width: 450px\" class=\"wp-caption aligncenter\"><img loading=\"lazy\" decoding=\"async\" class=\"size-medium wp-image-9583\" src=\"http:\/\/www.semlh-morbihan.fr\/wordpress\/wp-content\/uploads\/2024\/05\/photo_2-450x600.jpeg\" alt=\"\" width=\"450\" height=\"600\" srcset=\"http:\/\/www.semlh-morbihan.fr\/wordpress\/wp-content\/uploads\/2024\/05\/photo_2-450x600.jpeg 450w, http:\/\/www.semlh-morbihan.fr\/wordpress\/wp-content\/uploads\/2024\/05\/photo_2-768x1024.jpeg 768w, http:\/\/www.semlh-morbihan.fr\/wordpress\/wp-content\/uploads\/2024\/05\/photo_2.jpeg 848w\" sizes=\"auto, (max-width: 450px) 100vw, 450px\" \/><figcaption id=\"caption-attachment-9583\" class=\"wp-caption-text\">Guy Sinel lors de l&rsquo;intervention au lyc\u00e9e Keranna<\/figcaption><\/figure>\n<p>&nbsp;<\/p>\n","protected":false},"excerpt":{"rendered":"<p>Dans le cadre de l&rsquo; Honneur en Action 2021, le comit\u00e9 du Pays de Lorient a propos\u00e9 un projet au profit du Lyc\u00e9e professionnel keranna&#8230;<\/p>\n","protected":false},"author":329,"featured_media":9582,"comment_status":"closed","ping_status":"open","sticky":false,"template":"","format":"standard","meta":{"footnotes":""},"categories":[343,547],"tags":[],"class_list":["post-9580","post","type-post","status-publish","format-standard","has-post-thumbnail","hentry","category-comite-de-lorient","category-conferences","wpcat-343-id","wpcat-547-id"],"_links":{"self":[{"href":"http:\/\/www.semlh-morbihan.fr\/wordpress\/wp-json\/wp\/v2\/posts\/9580","targetHints":{"allow":["GET"]}}],"collection":[{"href":"http:\/\/www.semlh-morbihan.fr\/wordpress\/wp-json\/wp\/v2\/posts"}],"about":[{"href":"http:\/\/www.semlh-morbihan.fr\/wordpress\/wp-json\/wp\/v2\/types\/post"}],"author":[{"embeddable":true,"href":"http:\/\/www.semlh-morbihan.fr\/wordpress\/wp-json\/wp\/v2\/users\/329"}],"replies":[{"embeddable":true,"href":"http:\/\/www.semlh-morbihan.fr\/wordpress\/wp-json\/wp\/v2\/comments?post=9580"}],"version-history":[{"count":3,"href":"http:\/\/www.semlh-morbihan.fr\/wordpress\/wp-json\/wp\/v2\/posts\/9580\/revisions"}],"predecessor-version":[{"id":9585,"href":"http:\/\/www.semlh-morbihan.fr\/wordpress\/wp-json\/wp\/v2\/posts\/9580\/revisions\/9585"}],"wp:featuredmedia":[{"embeddable":true,"href":"http:\/\/www.semlh-morbihan.fr\/wordpress\/wp-json\/wp\/v2\/media\/9582"}],"wp:attachment":[{"href":"http:\/\/www.semlh-morbihan.fr\/wordpress\/wp-json\/wp\/v2\/media?parent=9580"}],"wp:term":[{"taxonomy":"category","embeddable":true,"href":"http:\/\/www.semlh-morbihan.fr\/wordpress\/wp-json\/wp\/v2\/categories?post=9580"},{"taxonomy":"post_tag","embeddable":true,"href":"http:\/\/www.semlh-morbihan.fr\/wordpress\/wp-json\/wp\/v2\/tags?post=9580"}],"curies":[{"name":"wp","href":"https:\/\/api.w.org\/{rel}","templated":true}]}}