{"id":9586,"date":"2024-04-30T15:43:54","date_gmt":"2024-04-30T13:43:54","guid":{"rendered":"http:\/\/www.semlh-morbihan.fr\/wordpress\/?p=9586"},"modified":"2024-05-09T15:52:12","modified_gmt":"2024-05-09T13:52:12","slug":"intervention-aupres-de-la-preparation-militaire-marine-de-lorient-le-13-avril-2024","status":"publish","type":"post","link":"http:\/\/www.semlh-morbihan.fr\/wordpress\/2024\/04\/30\/intervention-aupres-de-la-preparation-militaire-marine-de-lorient-le-13-avril-2024\/","title":{"rendered":"Intervention aupr\u00e8s de la Pr\u00e9paration militaire marine de Lorient le 13 avril 2024"},"content":{"rendered":"<p>Notre Comit\u00e9 \u00e9tait d\u00e9j\u00e0 pr\u00e9sent le 16 d\u00e9cembre 2023, \u00e0 Kervignac pour la remise du Fanion aux 49 stagiaires de la PMM Lorient et r\u00e9present\u00e9 par son drapeau et plusieurs membres du bureau.<\/p>\n<p>Chaque ann\u00e9e , nous intervenons aupr\u00e8s des stagiaires \u00e0 l &lsquo;Ecole des Fusiliers Marins de Lanester, unit\u00e9 de soutien de la PMM, pour leur pr\u00e9senter :<\/p>\n<p style=\"padding-left: 40px;\">&#8211; la L\u00e9gion d &lsquo; Honneur : ses origines et son \u00e9volution,<\/p>\n<p style=\"padding-left: 40px;\">&#8211; la Soci\u00e9t\u00e9 d &lsquo; Entraide des Membres de la L.H : ses actions nationales etnd\u00e9partementales ,<\/p>\n<p style=\"padding-left: 40px;\">&#8211; l &lsquo;esprit de d\u00e9fense et le r\u00e9armement civique.<\/p>\n<p>Puis guy Sinel a r\u00e9pondu aux questions des stagiaires .<\/p>\n<p>Notre Comit\u00e9 sera aussi pr\u00e9sent le samedi 15 juin \u00e0 Ploemeur , pour la c\u00e9r\u00e9monie de remise des dipl\u00f4mes et des prix , dont celui de la SMLH.<\/p>\n<p>&nbsp;<\/p>\n<p>C.V ( H ) Guy SINEL<\/p>\n<p>pr\u00e9sident du Comit\u00e9 de Lorient SMLH.<\/p>\n<figure id=\"attachment_9587\" aria-describedby=\"caption-attachment-9587\" style=\"width: 600px\" class=\"wp-caption aligncenter\"><img loading=\"lazy\" decoding=\"async\" class=\"size-medium wp-image-9587\" src=\"http:\/\/www.semlh-morbihan.fr\/wordpress\/wp-content\/uploads\/2024\/05\/IMG_4089-600x450.jpg\" alt=\"\" width=\"600\" height=\"450\" srcset=\"http:\/\/www.semlh-morbihan.fr\/wordpress\/wp-content\/uploads\/2024\/05\/IMG_4089-600x450.jpg 600w, http:\/\/www.semlh-morbihan.fr\/wordpress\/wp-content\/uploads\/2024\/05\/IMG_4089-480x360.jpg 480w, http:\/\/www.semlh-morbihan.fr\/wordpress\/wp-content\/uploads\/2024\/05\/IMG_4089.jpg 640w\" sizes=\"auto, (max-width: 600px) 100vw, 600px\" \/><figcaption id=\"caption-attachment-9587\" class=\"wp-caption-text\">les stagiaires de la promotion PMM entourant Guy Sinel<\/figcaption><\/figure>\n","protected":false},"excerpt":{"rendered":"<p>Notre Comit\u00e9 \u00e9tait d\u00e9j\u00e0 pr\u00e9sent le 16 d\u00e9cembre 2023, \u00e0 Kervignac pour la remise du Fanion aux 49 stagiaires de la PMM Lorient et r\u00e9present\u00e9&#8230;<\/p>\n","protected":false},"author":329,"featured_media":9587,"comment_status":"closed","ping_status":"open","sticky":false,"template":"","format":"standard","meta":{"footnotes":""},"categories":[496,343],"tags":[605],"class_list":["post-9586","post","type-post","status-publish","format-standard","has-post-thumbnail","hentry","category-ceremonies-comite-de-lorient","category-comite-de-lorient","tag-comite-smlh-du-pays-de-lorient","wpcat-496-id","wpcat-343-id"],"_links":{"self":[{"href":"http:\/\/www.semlh-morbihan.fr\/wordpress\/wp-json\/wp\/v2\/posts\/9586","targetHints":{"allow":["GET"]}}],"collection":[{"href":"http:\/\/www.semlh-morbihan.fr\/wordpress\/wp-json\/wp\/v2\/posts"}],"about":[{"href":"http:\/\/www.semlh-morbihan.fr\/wordpress\/wp-json\/wp\/v2\/types\/post"}],"author":[{"embeddable":true,"href":"http:\/\/www.semlh-morbihan.fr\/wordpress\/wp-json\/wp\/v2\/users\/329"}],"replies":[{"embeddable":true,"href":"http:\/\/www.semlh-morbihan.fr\/wordpress\/wp-json\/wp\/v2\/comments?post=9586"}],"version-history":[{"count":2,"href":"http:\/\/www.semlh-morbihan.fr\/wordpress\/wp-json\/wp\/v2\/posts\/9586\/revisions"}],"predecessor-version":[{"id":9589,"href":"http:\/\/www.semlh-morbihan.fr\/wordpress\/wp-json\/wp\/v2\/posts\/9586\/revisions\/9589"}],"wp:featuredmedia":[{"embeddable":true,"href":"http:\/\/www.semlh-morbihan.fr\/wordpress\/wp-json\/wp\/v2\/media\/9587"}],"wp:attachment":[{"href":"http:\/\/www.semlh-morbihan.fr\/wordpress\/wp-json\/wp\/v2\/media?parent=9586"}],"wp:term":[{"taxonomy":"category","embeddable":true,"href":"http:\/\/www.semlh-morbihan.fr\/wordpress\/wp-json\/wp\/v2\/categories?post=9586"},{"taxonomy":"post_tag","embeddable":true,"href":"http:\/\/www.semlh-morbihan.fr\/wordpress\/wp-json\/wp\/v2\/tags?post=9586"}],"curies":[{"name":"wp","href":"https:\/\/api.w.org\/{rel}","templated":true}]}}