{"id":9607,"date":"2024-05-17T20:31:27","date_gmt":"2024-05-17T18:31:27","guid":{"rendered":"http:\/\/www.semlh-morbihan.fr\/wordpress\/?p=9607"},"modified":"2024-05-17T20:31:27","modified_gmt":"2024-05-17T18:31:27","slug":"ceremonie-du-8-mai-2024-a-la-garenne-et-a-la-prefecture-de-vannes","status":"publish","type":"post","link":"http:\/\/www.semlh-morbihan.fr\/wordpress\/2024\/05\/17\/ceremonie-du-8-mai-2024-a-la-garenne-et-a-la-prefecture-de-vannes\/","title":{"rendered":"C\u00e9r\u00e9monie du 8 mai 2024 \u00e0 la Garenne  et \u00e0 la pr\u00e9fecture de Vannes"},"content":{"rendered":"<div dir=\"auto\" style=\"text-align: justify;\">La c\u00e9r\u00e9monie comm\u00e9morative de la victoire du 8 Mai 1945 s&rsquo;est d\u00e9roul\u00e9e \u00e0 la Garenne sous la pr\u00e9sidence du Pr\u00e9fet du Morbihan, entour\u00e9 de la repr\u00e9sentante du D\u00e9partement, du Maire de Vannes et de plusieurs adjoints et en pr\u00e9sence de plusieurs membres du bureau de notre Section dont le Pr\u00e9sident du Comit\u00e9 du Pays de Vannes, Bruno Bodart.<\/div>\n<div dir=\"auto\" style=\"text-align: justify;\">Notre Pr\u00e9sident, le G\u00e9n\u00e9ral PR\u00c9VOST,\u00e9tant retenu par une autre c\u00e9l\u00e9bration ( cf. article Ouest-France) avait charg\u00e9 le 1er Vice-pr\u00e9sident, Pascal Lecomte, de d\u00e9poser la gerbe en commun avec les repr\u00e9sentants de la M\u00e9daille Militaire et de l&rsquo;O.N.M. .<\/div>\n<div dir=\"auto\" style=\"text-align: justify;\"><\/div>\n<div dir=\"auto\" style=\"text-align: justify;\">A l&rsquo;issue de cette c\u00e9r\u00e9monie, le 1e rVice-pr\u00e9sident, Liliane Beaugrand, 2\u00e8me Vice-pr\u00e9sidente, et Anne marie Duro, secr\u00e9taire-adjointe, se sont rendus \u00e0\u00a0 la Pr\u00e9fecture pour\u00a0 assister \u00e0 la remise des dipl\u00f4mes de formation aux Cadets de la Gendarmerie du Morbihan. \u00ab\u00a0<\/div>\n<div dir=\"auto\"><\/div>\n<div dir=\"auto\">Tr\u00e8s cordialement<\/div>\n<div dir=\"auto\">Pascal Lecomte<\/div>\n<div dir=\"auto\"><\/div>\n<div dir=\"auto\">\n<figure id=\"attachment_9610\" aria-describedby=\"caption-attachment-9610\" style=\"width: 600px\" class=\"wp-caption aligncenter\"><img loading=\"lazy\" decoding=\"async\" class=\"size-medium wp-image-9610\" src=\"http:\/\/www.semlh-morbihan.fr\/wordpress\/wp-content\/uploads\/2024\/05\/IMG_3354-600x400.jpg\" alt=\"\" width=\"600\" height=\"400\" srcset=\"http:\/\/www.semlh-morbihan.fr\/wordpress\/wp-content\/uploads\/2024\/05\/IMG_3354-600x400.jpg 600w, http:\/\/www.semlh-morbihan.fr\/wordpress\/wp-content\/uploads\/2024\/05\/IMG_3354-768x512.jpg 768w, http:\/\/www.semlh-morbihan.fr\/wordpress\/wp-content\/uploads\/2024\/05\/IMG_3354.jpg 1024w\" sizes=\"auto, (max-width: 600px) 100vw, 600px\" \/><figcaption id=\"caption-attachment-9610\" class=\"wp-caption-text\">c\u00e9r\u00e9monie au plateau de la Garene<\/figcaption><\/figure>\n<p><img loading=\"lazy\" decoding=\"async\" class=\"aligncenter size-medium wp-image-9609\" src=\"http:\/\/www.semlh-morbihan.fr\/wordpress\/wp-content\/uploads\/2024\/05\/21-600x400.jpg\" alt=\"\" width=\"600\" height=\"400\" srcset=\"http:\/\/www.semlh-morbihan.fr\/wordpress\/wp-content\/uploads\/2024\/05\/21-600x400.jpg 600w, http:\/\/www.semlh-morbihan.fr\/wordpress\/wp-content\/uploads\/2024\/05\/21-768x512.jpg 768w, http:\/\/www.semlh-morbihan.fr\/wordpress\/wp-content\/uploads\/2024\/05\/21.jpg 1024w\" sizes=\"auto, (max-width: 600px) 100vw, 600px\" \/> <img loading=\"lazy\" decoding=\"async\" class=\"aligncenter size-medium wp-image-9608\" src=\"http:\/\/www.semlh-morbihan.fr\/wordpress\/wp-content\/uploads\/2024\/05\/IMG_3326-600x400.jpg\" alt=\"\" width=\"600\" height=\"400\" srcset=\"http:\/\/www.semlh-morbihan.fr\/wordpress\/wp-content\/uploads\/2024\/05\/IMG_3326-600x400.jpg 600w, http:\/\/www.semlh-morbihan.fr\/wordpress\/wp-content\/uploads\/2024\/05\/IMG_3326-768x512.jpg 768w, http:\/\/www.semlh-morbihan.fr\/wordpress\/wp-content\/uploads\/2024\/05\/IMG_3326.jpg 1024w\" sizes=\"auto, (max-width: 600px) 100vw, 600px\" \/><\/p>\n<\/div>\n<div dir=\"auto\"><\/div>\n<div dir=\"auto\">\n<figure id=\"attachment_9611\" aria-describedby=\"caption-attachment-9611\" style=\"width: 600px\" class=\"wp-caption aligncenter\"><img loading=\"lazy\" decoding=\"async\" class=\"size-medium wp-image-9611\" src=\"http:\/\/www.semlh-morbihan.fr\/wordpress\/wp-content\/uploads\/2024\/05\/20240508_113519-600x277.jpg\" alt=\"\" width=\"600\" height=\"277\" srcset=\"http:\/\/www.semlh-morbihan.fr\/wordpress\/wp-content\/uploads\/2024\/05\/20240508_113519-600x277.jpg 600w, http:\/\/www.semlh-morbihan.fr\/wordpress\/wp-content\/uploads\/2024\/05\/20240508_113519-1024x473.jpg 1024w, http:\/\/www.semlh-morbihan.fr\/wordpress\/wp-content\/uploads\/2024\/05\/20240508_113519-768x355.jpg 768w, http:\/\/www.semlh-morbihan.fr\/wordpress\/wp-content\/uploads\/2024\/05\/20240508_113519-1536x710.jpg 1536w, http:\/\/www.semlh-morbihan.fr\/wordpress\/wp-content\/uploads\/2024\/05\/20240508_113519-2048x947.jpg 2048w, http:\/\/www.semlh-morbihan.fr\/wordpress\/wp-content\/uploads\/2024\/05\/20240508_113519-1218x563.jpg 1218w\" sizes=\"auto, (max-width: 600px) 100vw, 600px\" \/><figcaption id=\"caption-attachment-9611\" class=\"wp-caption-text\">le 8 mai \u00e0 la pr\u00e9fecture de Vannes en pr\u00e9sence des cadets de la gendarmerie du Morbihan<\/figcaption><\/figure>\n<\/div>\n<div dir=\"auto\"><\/div>\n<p>&nbsp;<\/p>\n<p>&nbsp;<\/p>\n","protected":false},"excerpt":{"rendered":"<p>La c\u00e9r\u00e9monie comm\u00e9morative de la victoire du 8 Mai 1945 s&rsquo;est d\u00e9roul\u00e9e \u00e0 la Garenne sous la pr\u00e9sidence du Pr\u00e9fet du Morbihan, entour\u00e9 de la&#8230;<\/p>\n","protected":false},"author":329,"featured_media":9608,"comment_status":"closed","ping_status":"open","sticky":false,"template":"","format":"standard","meta":{"footnotes":""},"categories":[417,337],"tags":[607],"class_list":["post-9607","post","type-post","status-publish","format-standard","has-post-thumbnail","hentry","category-ceremonies-patriotiques","category-la-section","tag-section-smlh-du-morbihan","wpcat-417-id","wpcat-337-id"],"_links":{"self":[{"href":"http:\/\/www.semlh-morbihan.fr\/wordpress\/wp-json\/wp\/v2\/posts\/9607","targetHints":{"allow":["GET"]}}],"collection":[{"href":"http:\/\/www.semlh-morbihan.fr\/wordpress\/wp-json\/wp\/v2\/posts"}],"about":[{"href":"http:\/\/www.semlh-morbihan.fr\/wordpress\/wp-json\/wp\/v2\/types\/post"}],"author":[{"embeddable":true,"href":"http:\/\/www.semlh-morbihan.fr\/wordpress\/wp-json\/wp\/v2\/users\/329"}],"replies":[{"embeddable":true,"href":"http:\/\/www.semlh-morbihan.fr\/wordpress\/wp-json\/wp\/v2\/comments?post=9607"}],"version-history":[{"count":3,"href":"http:\/\/www.semlh-morbihan.fr\/wordpress\/wp-json\/wp\/v2\/posts\/9607\/revisions"}],"predecessor-version":[{"id":9614,"href":"http:\/\/www.semlh-morbihan.fr\/wordpress\/wp-json\/wp\/v2\/posts\/9607\/revisions\/9614"}],"wp:featuredmedia":[{"embeddable":true,"href":"http:\/\/www.semlh-morbihan.fr\/wordpress\/wp-json\/wp\/v2\/media\/9608"}],"wp:attachment":[{"href":"http:\/\/www.semlh-morbihan.fr\/wordpress\/wp-json\/wp\/v2\/media?parent=9607"}],"wp:term":[{"taxonomy":"category","embeddable":true,"href":"http:\/\/www.semlh-morbihan.fr\/wordpress\/wp-json\/wp\/v2\/categories?post=9607"},{"taxonomy":"post_tag","embeddable":true,"href":"http:\/\/www.semlh-morbihan.fr\/wordpress\/wp-json\/wp\/v2\/tags?post=9607"}],"curies":[{"name":"wp","href":"https:\/\/api.w.org\/{rel}","templated":true}]}}