{"id":9615,"date":"2024-05-17T21:13:17","date_gmt":"2024-05-17T19:13:17","guid":{"rendered":"http:\/\/www.semlh-morbihan.fr\/wordpress\/?p=9615"},"modified":"2024-05-17T21:29:33","modified_gmt":"2024-05-17T19:29:33","slug":"inauguration-et-remise-du-prix-honneur-en-action-a-lassociation-loutil-en-main-du-blaver-a-la-ri-le-12-avril-2024","status":"publish","type":"post","link":"http:\/\/www.semlh-morbihan.fr\/wordpress\/2024\/05\/17\/inauguration-et-remise-du-prix-honneur-en-action-a-lassociation-loutil-en-main-du-blaver-a-la-ri-le-12-avril-2024\/","title":{"rendered":"Inauguration et remise du prix \u00ab\u00a0Honneur en Action\u00a0\u00bb \u00e0 l&rsquo;association  \u00ab\u00a0l&rsquo;outil en Main du Blavet \u00e0 la Ria\u00a0\u00bb le 12 avril 2024"},"content":{"rendered":"<p style=\"text-align: center;\">\u00a0<span style=\"text-decoration: underline;\"><strong>Inauguration\u00a0 et\u00a0 Remise du\u00a0 prix HEA\u00a0 \u00e0 l &lsquo;association\u00a0\u00bb l &lsquo;Outil\u00a0 en\u00a0 Main\u00a0du Blavet \u00e0\u00a0 la\u00a0 Ria \u00ab\u00a0.<\/strong><\/span><\/p>\n<p>&nbsp;<\/p>\n<p>Cette c\u00e9r\u00e9monie s &lsquo;est tenue\u00a0 le 12 avril 2024\u00a0 \u00e0\u00a0 Merlevenez, en pr\u00e9sence\u00a0 des membres b\u00e9n\u00e9voles\u00a0 de l &lsquo;association,\u00a0 des \u00e9lus , des jeunes et\u00a0 de leurs parents\u00a0 et de plusieurs membres\u00a0 de la SMLH du\u00a0 Morbihan.<\/p>\n<p style=\"text-align: center;\"><strong>Discours du pr\u00e9sident Franck Domenge &#8211; Chenal<\/strong><\/p>\n<p>Bonjour \u00e0 toutes et tous,<\/p>\n<p>&nbsp;<\/p>\n<p>Permettez-moi, tout d\u2019abord, de vous remercier de votre pr\u00e9sence aujourd\u2019hui dans ces locaux que nous pr\u00eate gracieusement la BBO chaque mercredi.<br \/>\nC\u2019est pour nous, un grand plaisir de vous recevoir, et c\u2019est tr\u00e8s chaleureusement que nous accueillons ici chacun d\u2019entre vous au nom de notre association.<br \/>\nCette soir\u00e9e est un moment d\u2019\u00e9change autour d\u2019objectifs communs, o\u00f9 nous nous retrouvons tous.<\/p>\n<p>Nous accueillons tout sp\u00e9cialement :<\/p>\n<ul>\n<li>Madame Sophie Le Chat Pr\u00e9sidente BBO communaut\u00e9 et Maire de Plouhinec,<\/li>\n<li>Mme FAVENNEC Gaelle Vice-pr\u00e9sidente d\u00e9partementale d\u00e9l\u00e9gu\u00e9e \u00e0 l\u2019insertion et \u00e0 l\u2019emploi,<\/li>\n<li>Monsieur LE BORGNE Michel Pr\u00e9sident r\u00e9gional de l\u2019outil en main,<\/li>\n<li>Messieurs Guy SINEL, Philippe PREVOST,\u00a0 Guy De FOMBELLE ,\u00a0 Pierre GEMIN et Hubert De LAGENEST repr\u00e9sentants la soci\u00e9t\u00e9 des Membres de la L\u00e9gion d\u2019Honneur.<\/li>\n<li style=\"text-align: justify;\">Ainsi que nos partenaires ; Blavet Ria Autonomie Service, La Caf du Morbihan, CMB d\u2019Hennebont, Entreprise Le Squer de Kervignac, CGN Miroiterie\/Menuiserie de Caudan, Art Voilerie d\u2019Hennebont, MCTI d\u2019Hennebont, CreatioConcept de Lorient, Entreprise Jean Baptiste Chapuis de Muzillac, Mar\u00e9chal ferrant Lemaire Lionel de Plouhinec, Mme BARON de Plouhinec, la d\u00e9chetterie de Merlevenez, les ateliers de l\u2019ACTE et bien entendu Mesdames et Messieurs les Elus des communes de BBO Communaut\u00e9.<\/li>\n<\/ul>\n<p>Nous savons leurs agendas respectifs charg\u00e9s, mais ils ont tenu \u00e0 nous accompagner ce soir pour cette inauguration.<\/p>\n<p style=\"text-align: justify;\">Pour rappel l\u2019association \u00ab L\u2019outil en main \u00bb existant depuis 30 ans, a pour vocation la transmission interg\u00e9n\u00e9rationnelle du savoir et du geste des m\u00e9tiers manuels et du patrimoine. <strong>Cr\u00e9\u00e9e en avril<\/strong> <strong>2023<\/strong> notre nouvelle association vient grossir un r\u00e9seau de plus de 200 structures nationales. Nous y proposons aujourd\u2019hui 16 ateliers diff\u00e9rents tels que : la couture, l\u2019art floral, la m\u00e9tallurgie, le travail du bois, la cuisine, les vitraux, la vannerie, la ma\u00e7onnerie, l\u2019\u00e9lectronique, le codage, la taille de pierre et bien d\u2019autres pour nos 15 enfants de 9 ans a 14 ans qui ont adh\u00e9r\u00e9s \u00e0 notre projet.<\/p>\n<p>Un apart\u00e9 concernant l\u2019une des vocations de l&rsquo;association avec un aboutissement concret puisqu&rsquo;un des enfants souhaite se tourner vers une voie de m\u00e9tier manuel.<\/p>\n<p style=\"text-align: justify;\"><strong><br \/>\n<\/strong>Je poursuivrais par un simple chiffre : 40.<br \/>\nEn cette premi\u00e8re saison, notre association est compos\u00e9 de 40 membres dont 21 b\u00e9n\u00e9voles m\u00e9tier qui transmettent leurs savoir dans notre association. Ce n\u2019est certes pas le record historique, mais cela est tr\u00e8s important pour l\u2019existence et le bon fonctionnement de notre association. Ils accueillent les enfants, pr\u00e9parent les ateliers, assurent la gestion administrative et bien s\u00fbr, assurent avec brio notre mission premi\u00e8re, transmettre les gestes manuels aux enfants. Nous sommes tr\u00e8s satisfaits de cette premi\u00e8re ann\u00e9e.<\/p>\n<p style=\"text-align: justify;\">Je voudrais remercier et f\u00e9liciter tous les b\u00e9n\u00e9voles de notre association, mais aussi les membres du Conseil d\u2019administration et du bureau ainsi que nos partenaires et nos \u00e9lus. Un remerciement en particulier \u00e0 Leslie Desgrippes qui nous accompagne depuis le d\u00e9but pour la partie administrative.<\/p>\n<p style=\"text-align: justify;\">Je souhaiterais que tout le monde ait bien conscience du travail et du temps que nous consacrons \u00e0 notre association qui organise des activit\u00e9s 3 heures par semaine pour les enfants.<\/p>\n<p style=\"text-align: justify;\">Nous partageons ensemble qu\u2019une association est cr\u00e9\u00e9e pour le plaisir de toutes et tous, mais ayons \u00e9galement \u00e0 l\u2019esprit qu\u2019elle ne peut fonctionner qu\u2019avec un engagement des b\u00e9n\u00e9voles au quotidien.<\/p>\n<p>Aussi \u00ab Demandons-nous ce que nous pourrions faire pour nos associations, et non pas seulement ce que nos associations peuvent faire pour nous ! \u00bb<\/p>\n<p>Encore merci \u00e0 vous toutes et vous tous de votre pr\u00e9sence ce soir et je passe maintenant le relais \u00e0 madame la pr\u00e9sidente Sophie le Chat.<\/p>\n<p>Elle a tenu \u00e0 saluer\u00a0 le travail et l &lsquo;investissement des b\u00e9n\u00e9voles\u00a0 et \u00e0\u00a0 souligner \u00ab\u00a0que les \u00e9lus de BBO Communaut\u00e9\u00a0 sont \u00e0\u00a0 vos\u00a0 c\u00f4t\u00e9s\u00a0 et soutiennent l &lsquo; association \u00ab\u00a0.<\/p>\n<p>&nbsp;<\/p>\n<p>&nbsp;<\/p>\n<p style=\"text-align: center;\"><strong>Discours de Guy Sinel\u00a0<\/strong><\/p>\n<p>&nbsp;<\/p>\n<p>HONNEUR\u00a0\u00a0 en \u00a0ACTION<\/p>\n<p style=\"text-align: justify;\">Cette action est destin\u00e9e \u00e0 permettre \u00e0 tout soci\u00e9taire ( ou groupe de soci\u00e9taires ) de conduire sous sa propre initiative un Projet Concret au service de la soci\u00e9t\u00e9 civile en s\u2019y impliquant personnellement et significativement, projet port\u00e9 par le pr\u00e9sident du\u00a0\u00a0 Comit\u00e9 du Pays de Lorient de la SMLH, soutenu par la Section du\u00a0 Morbihan. Le projet a \u00e9t\u00e9 prim\u00e9.<\/p>\n<p style=\"text-align: justify;\">L\u2019 Outil en Main du Blavet \u00e0 la la Ria a pour objectif d\u2019encourager la transmission des\u00a0\u00a0 savoirs li\u00e9s aux m\u00e9tiers manuels.<\/p>\n<p style=\"text-align: justify;\">Cette association est n\u00e9e d\u00e9but 2023, il y a un an , sur le territoire de la Communaut\u00e9 de Communes\u00a0 Blavet\u00a0 Bellevue Oc\u00e9an ( BBO communaut\u00e9 ). Son objectif principal est l\u2019initiation des jeunes aux m\u00e9tiers manuels, de l\u2019artisanat et du patrimoines par des b\u00e9n\u00e9voles, professionnels, \u00e0 la retraite ou actifs, avec de vrais outils dans de vrais ateliers.<\/p>\n<p style=\"text-align: justify;\">L\u2019atelier d\u2019une association \u00a0\u00ab\u00a0 OUTIL EN MAIN \u00ab est un lieu d\u2019\u00e9change entre jeunes et seniors. Les b\u00e9n\u00e9voles transmettent aux jeunes g\u00e9n\u00e9rations les gestes de leur m\u00e9tier et leurs savoir-faire.<\/p>\n<p style=\"text-align: justify;\">Concr\u00e8tement, les jeunes de 9 \u00e0 14 ans, s\u2019inscrivent et s\u2019engagent tous les mercredis apr\u00e8s-midi de l\u2019ann\u00e9e scolaire. Ils pourront ainsi r\u00e9aliser des ouvrages de leur main avec de vrais outils, dans un vrai atelier et de pr\u00e9senter leurs r\u00e9alisations.<\/p>\n<p style=\"text-align: justify;\">Ce projet s\u2019int\u00e8gre dans les valeurs\u00a0 et les missions de notre Soci\u00e9t\u00e9 tant\u00a0 dans sa dimension\u00a0 de solidarit\u00e9\u00a0 interg\u00e9n\u00e9rationnelle, de renforcement\u00a0 du lien social ainsi que dans celle\u00a0 de la transmission de la m\u00e9moire, la valorisation de l\u2019apprentissage des m\u00e9tiers manuels, artisanaux et du patrimoine.<\/p>\n<p style=\"text-align: justify;\">Aussi, notre Comit\u00e9 s\u2019est rapproch\u00e9 du pr\u00e9sident de votre Association, et nous avons d\u00e9cid\u00e9\u00a0 de concourir \u00e0 HEA 2023 en pr\u00e9sentant un projet li\u00e9 \u00e0 L\u2019OUTIL en Main du Blavet \u00e0 la Ria .<\/p>\n<ul style=\"list-style-type: square; text-align: justify;\">\n<li>Au Comit\u00e9 du Pays de Lorient, nous disposons d\u2019anciens \u00ab\u00e9lus ( maires , adjoints ).. qui interviendront dans le cadre de l\u2019\u00e9mulation civique pour transmettre aux jeunes, les vertus du vivre ensemble et les valeurs r\u00e9publicaines de citoyennet\u00e9 , de civisme et de m\u00e9moire.. Nous interviendrons notamment sur les symboles de la R\u00e9publique, droits et devoirs du citoyen, la d\u00e9mocratie, les \u00e9lections et les collectivit\u00e9s territoriales (dont commune et communaut\u00e9 de communes) durant 2 s\u00e9ances, la premi\u00e8re , le mois dernier et la seconde dans quelques jours .<\/li>\n<\/ul>\n<p style=\"text-align: justify;\">La SMLH, au niveau national, a distingu\u00e9\u00a0 des porteurs de projets en attribuant soit un prix , soit\u00a0 un label . Notre projet a\u00a0 \u00e9t\u00e9 distingu\u00e9\u00a0 et j\u2019 ai d\u00e9j\u00e0 re\u00e7u le dipl\u00f4me HEA 2023 aux Invalides \u00e0 Paris et nous avons obtenu l\u2019un des 17 prix attribu\u00e9s pour l\u2019ann\u00e9e 2023 que nous allons remettre dans quelques instants.<\/p>\n<p style=\"text-align: justify;\">Ce prix permettra de participer aux frais incontournables de la premi\u00e8re ann\u00e9e de votre association.<\/p>\n<p>LA \u00a0SMLH,<\/p>\n<p style=\"text-align: justify;\">Elle est, en 2024, la digne h\u00e9riti\u00e8re de sa mission originelle de SOLIDARITE pour laquelle elle fut cr\u00e9\u00e9e, au lendemain du premier conflit mondial.<\/p>\n<p style=\"text-align: justify;\">Aujourd\u2019hui, notre mission s\u2019est progressivement adapt\u00e9e \u00e0 de nouveaux d\u00e9fis, avec des formes nouvelles et modernes. Elle continue de mettre en actions une solidarit\u00e9 interg\u00e9n\u00e9rationnelle comparable, dans ses objectifs, \u00e0 celle de ses d\u00e9buts .<\/p>\n<p style=\"text-align: justify;\">Comme d\u2019autres, nous avons fait le constat d&rsquo;une d\u00e9gradation du lien social et de l\u2019affaiblissement\u00a0 des solidarit\u00e9s mais, les Fran\u00e7ais sont inquiets, conscients de la situation et restent en demande de coh\u00e9sion sociale. Les jeunes ont en commun avec leurs a\u00een\u00e9s cette conviction que la TRANSMISSION et le PARTAGE sont essentiels pour notre pays. Un appel au \u00a0\u00bb collectif \u00a0\u00bb et \u00e0 l\u2019union des g\u00e9n\u00e9rations r\u00e9sonne aujourd\u2019hui comme un imp\u00e9ratif.<\/p>\n<p style=\"text-align: justify;\">Au Comit\u00e9 du Pays du Pays de Lorient, comme \u00e0 la Section du Morbihan,<\/p>\n<ul style=\"list-style-type: square; text-align: justify;\">\n<li>nous pensons que la d\u00e9coration, que nous avons re\u00e7ue n\u2019est pas une cons\u00e9cration, mais bien au contraire \u00abc\u2019est le point de d\u00e9part pour de nouvelles actions\u00bb .<\/li>\n<li>nous croyons\u00a0\u00a0 aux relations interg\u00e9n\u00e9rationnelles et avons d\u00e9cid\u00e9\u00a0 de nous impliquer envers les jeunes m\u00e9ritants pour leur transmettre\u00a0 nos exp\u00e9riences et connaissances<\/li>\n<\/ul>\n<p style=\"text-align: justify;\">Ces jeunes sont l\u2019avenir de notre Pays.<\/p>\n<p style=\"text-align: justify;\">Au nom de la SMLH , nous f\u00e9licitations\u00a0\u00a0 chaleureusement\u00a0 les jeunes apprentis pour leur engagement, et aussi tous les membres b\u00e9n\u00e9voles de votre association, professionnels, \u00e0 la retraite ou actifs pour le d\u00e9vouement et le \u00a0temps qu\u2019ils consacrent \u00e0 ces jeunes m\u00e9ritants.<\/p>\n<p>Aussi, monsieur le Pr\u00e9sident Domenge -Chenal, nous vous remettons ce ch\u00e8que.<\/p>\n<p>Pour cette remise, la section SMLH du Morbihan \u00e9tait repr\u00e9sent\u00e9e par :<\/p>\n<ul style=\"list-style-type: circle;\">\n<li>Philippe Pr\u00e9vost,\u00a0 pr\u00e9sident de la\u00a0 Section du Morbihan\u00a0 \u00a0( excus\u00e9 ),<\/li>\n<li>Guy sinel, pr\u00e9sident du Comit\u00e9 du Pays de Lorient,<\/li>\n<li>Guy de Fombelle, vice \u2013 pr\u00e9sident,<\/li>\n<li>Pierre\u00a0 G\u00e9min,\u00a0 secr\u00e9taire-adjoint ( excus\u00e9 )<\/li>\n<li>Hubert de Lageneste,\u00a0 membre du bureau.<\/li>\n<\/ul>\n<p style=\"text-align: center;\">\u00b0\u00b0\u00b0\u00b0\u00b0\u00b0\u00b0\u00b0\u00b0\u00b0\u00b0\u00b0\u00b0\u00b0\u00b0\u00b0\u00b0\u00b0\u00b0\u00b0\u00b0\u00b0\u00b0\u00b0\u00b0\u00b0\u00b0\u00b0\u00b0\u00b0\u00b0\u00b0\u00b0\u00b0\u00b0\u00b0\u00b0\u00b0\u00b0\u00b0\u00b0\u00b0\u00b0\u00b0\u00b0\u00b0\u00b0\u00b0\u00b0\u00b0\u00b0\u00b0\u00b0\u00b0\u00b0\u00b0\u00b0\u00b0\u00b0\u00b0\u00b0\u00b0\u00b0\u00b0\u00b0<\/p>\n<p>&#8211;<\/p>\n<p>Remerciements du pr\u00e9sident\u00a0 Domenge-Chenal, suite \u00e0 la remise\u00a0 de Ch\u00e8que :<\/p>\n<p style=\"text-align: justify;\">\u00ab\u00a0<em>Je\u00a0\u00a0tiens \u00e0 vous exprimer mes plus sinc\u00e8res remerciements pour l&rsquo;attribution de ce prix dans le cadre de \u00ab\u00a0l\u2019Honneur en Action\u00a0\u00bb. Recevoir une distinction aussi prestigieuse est non seulement un moment de fiert\u00e9 pour notre association, mais aussi un encouragement.<\/em><\/p>\n<p style=\"text-align: justify;\"><em>J\u2019y vois le signe d\u2019un int\u00e9r\u00eat qui d\u00e9passe la simple politesse, la simple obligation mondaine mais plut\u00f4t le signe d\u2019une amiti\u00e9 sinc\u00e8re envers nos b\u00e9n\u00e9voles, nos \u00e9lus et partenaires.<\/em><\/p>\n<p><em>Merci encore<\/em>. \u00a0\u00bb<\/p>\n<p style=\"text-align: center;\">\u00b0\u00b0\u00b0\u00b0\u00b0\u00b0\u00b0\u00b0\u00b0\u00b0\u00b0\u00b0\u00b0\u00b0\u00b0\u00b0\u00b0\u00b0\u00b0\u00b0\u00b0\u00b0\u00b0\u00b0\u00b0\u00b0<\/p>\n<p>Puis, les\u00a0 participants ont pu appr\u00e9ci\u00e9\u00a0 les\u00a0 travaux d\u00e9j\u00e0 r\u00e9alis\u00e9s par les\u00a0 jeunes\u00a0 et tous se sont\u00a0 retrouv\u00e9s autour du\u00a0 verre de l &lsquo;amiti\u00e9 .<\/p>\n<p>C.V\u00a0 (H) Guy SINEL<\/p>\n<p>pr\u00e9sident\u00a0 du\u00a0 Comit\u00e9 du Pays de Lorient de la SMLH.<\/p>\n<p><img loading=\"lazy\" decoding=\"async\" class=\"aligncenter size-medium wp-image-9620\" src=\"http:\/\/www.semlh-morbihan.fr\/wordpress\/wp-content\/uploads\/2024\/05\/IMG_0087-338x600.jpg\" alt=\"\" width=\"338\" height=\"600\" srcset=\"http:\/\/www.semlh-morbihan.fr\/wordpress\/wp-content\/uploads\/2024\/05\/IMG_0087-338x600.jpg 338w, http:\/\/www.semlh-morbihan.fr\/wordpress\/wp-content\/uploads\/2024\/05\/IMG_0087.jpg 360w\" sizes=\"auto, (max-width: 338px) 100vw, 338px\" \/><\/p>\n<figure id=\"attachment_9622\" aria-describedby=\"caption-attachment-9622\" style=\"width: 338px\" class=\"wp-caption aligncenter\"><img loading=\"lazy\" decoding=\"async\" class=\"size-medium wp-image-9622\" src=\"http:\/\/www.semlh-morbihan.fr\/wordpress\/wp-content\/uploads\/2024\/05\/IMG_0088-338x600.jpg\" alt=\"\" width=\"338\" height=\"600\" srcset=\"http:\/\/www.semlh-morbihan.fr\/wordpress\/wp-content\/uploads\/2024\/05\/IMG_0088-338x600.jpg 338w, http:\/\/www.semlh-morbihan.fr\/wordpress\/wp-content\/uploads\/2024\/05\/IMG_0088.jpg 360w\" sizes=\"auto, (max-width: 338px) 100vw, 338px\" \/><figcaption id=\"caption-attachment-9622\" class=\"wp-caption-text\">intervention de madame Sophie le Chat, pr\u00e9sidente de BBO communaut\u00e9<\/figcaption><\/figure>\n<figure id=\"attachment_9621\" aria-describedby=\"caption-attachment-9621\" style=\"width: 600px\" class=\"wp-caption aligncenter\"><img loading=\"lazy\" decoding=\"async\" class=\"size-medium wp-image-9621\" src=\"http:\/\/www.semlh-morbihan.fr\/wordpress\/wp-content\/uploads\/2024\/05\/4ae39a6b-aed8-4f98-b5a7-56fad02a2302-600x338.jpg\" alt=\"\" width=\"600\" height=\"338\" srcset=\"http:\/\/www.semlh-morbihan.fr\/wordpress\/wp-content\/uploads\/2024\/05\/4ae39a6b-aed8-4f98-b5a7-56fad02a2302-600x338.jpg 600w, http:\/\/www.semlh-morbihan.fr\/wordpress\/wp-content\/uploads\/2024\/05\/4ae39a6b-aed8-4f98-b5a7-56fad02a2302-1024x576.jpg 1024w, http:\/\/www.semlh-morbihan.fr\/wordpress\/wp-content\/uploads\/2024\/05\/4ae39a6b-aed8-4f98-b5a7-56fad02a2302-768x432.jpg 768w, http:\/\/www.semlh-morbihan.fr\/wordpress\/wp-content\/uploads\/2024\/05\/4ae39a6b-aed8-4f98-b5a7-56fad02a2302-1536x864.jpg 1536w, http:\/\/www.semlh-morbihan.fr\/wordpress\/wp-content\/uploads\/2024\/05\/4ae39a6b-aed8-4f98-b5a7-56fad02a2302-1218x685.jpg 1218w, http:\/\/www.semlh-morbihan.fr\/wordpress\/wp-content\/uploads\/2024\/05\/4ae39a6b-aed8-4f98-b5a7-56fad02a2302.jpg 1600w\" sizes=\"auto, (max-width: 600px) 100vw, 600px\" \/><figcaption id=\"caption-attachment-9621\" class=\"wp-caption-text\">oeuvres r\u00e9alis\u00e9es par les jeunes<\/figcaption><\/figure>\n<figure id=\"attachment_9623\" aria-describedby=\"caption-attachment-9623\" style=\"width: 338px\" class=\"wp-caption aligncenter\"><img loading=\"lazy\" decoding=\"async\" class=\"size-medium wp-image-9623\" src=\"http:\/\/www.semlh-morbihan.fr\/wordpress\/wp-content\/uploads\/2024\/05\/IMG_0090-338x600.jpg\" alt=\"\" width=\"338\" height=\"600\" srcset=\"http:\/\/www.semlh-morbihan.fr\/wordpress\/wp-content\/uploads\/2024\/05\/IMG_0090-338x600.jpg 338w, http:\/\/www.semlh-morbihan.fr\/wordpress\/wp-content\/uploads\/2024\/05\/IMG_0090.jpg 360w\" sizes=\"auto, (max-width: 338px) 100vw, 338px\" \/><figcaption id=\"caption-attachment-9623\" class=\"wp-caption-text\">intervention de Guy SINEL, pr\u00e9sident du comit\u00e9 SMLH du pays de Lorient<\/figcaption><\/figure>\n<figure id=\"attachment_9624\" aria-describedby=\"caption-attachment-9624\" style=\"width: 338px\" class=\"wp-caption aligncenter\"><img loading=\"lazy\" decoding=\"async\" class=\"size-medium wp-image-9624\" src=\"http:\/\/www.semlh-morbihan.fr\/wordpress\/wp-content\/uploads\/2024\/05\/IMG_0093-338x600.jpg\" alt=\"\" width=\"338\" height=\"600\" srcset=\"http:\/\/www.semlh-morbihan.fr\/wordpress\/wp-content\/uploads\/2024\/05\/IMG_0093-338x600.jpg 338w, http:\/\/www.semlh-morbihan.fr\/wordpress\/wp-content\/uploads\/2024\/05\/IMG_0093.jpg 360w\" sizes=\"auto, (max-width: 338px) 100vw, 338px\" \/><figcaption id=\"caption-attachment-9624\" class=\"wp-caption-text\">Remise du prix HEA au pr\u00e9sident de l&rsquo;association M. Domenge Chenal.<br \/>de gauche \u00e0 droite : M. Domenge-Chenal et les membres du comit\u00e9 du pays de Lorient : Guy Sinel, Hubert de Lageneste et Guy de Fombelle<\/figcaption><\/figure>\n<figure id=\"attachment_9625\" aria-describedby=\"caption-attachment-9625\" style=\"width: 600px\" class=\"wp-caption aligncenter\"><img loading=\"lazy\" decoding=\"async\" class=\"size-medium wp-image-9625\" src=\"http:\/\/www.semlh-morbihan.fr\/wordpress\/wp-content\/uploads\/2024\/05\/IMG_0104-600x338.jpg\" alt=\"\" width=\"600\" height=\"338\" srcset=\"http:\/\/www.semlh-morbihan.fr\/wordpress\/wp-content\/uploads\/2024\/05\/IMG_0104-600x338.jpg 600w, http:\/\/www.semlh-morbihan.fr\/wordpress\/wp-content\/uploads\/2024\/05\/IMG_0104.jpg 640w\" sizes=\"auto, (max-width: 600px) 100vw, 600px\" \/><figcaption id=\"caption-attachment-9625\" class=\"wp-caption-text\">Les membres de l&rsquo;association, les jeunes et leurs parents, les \u00e9lus et les membres de la SMLH lors de l&rsquo;inauguration de l&rsquo;Outil en Main \u00e0 la Ria.<\/figcaption><\/figure>\n<p>&nbsp;<\/p>\n<p>&nbsp;<\/p>\n","protected":false},"excerpt":{"rendered":"<p>\u00a0Inauguration\u00a0 et\u00a0 Remise du\u00a0 prix HEA\u00a0 \u00e0 l &lsquo;association\u00a0\u00bb l &lsquo;Outil\u00a0 en\u00a0 Main\u00a0du Blavet \u00e0\u00a0 la\u00a0 Ria \u00ab\u00a0. &nbsp; Cette c\u00e9r\u00e9monie s &lsquo;est tenue\u00a0 le&#8230;<\/p>\n","protected":false},"author":329,"featured_media":9621,"comment_status":"closed","ping_status":"open","sticky":false,"template":"","format":"standard","meta":{"footnotes":""},"categories":[355],"tags":[605],"class_list":["post-9615","post","type-post","status-publish","format-standard","has-post-thumbnail","hentry","category-actualites-comite-de-lorient","tag-comite-smlh-du-pays-de-lorient","wpcat-355-id"],"_links":{"self":[{"href":"http:\/\/www.semlh-morbihan.fr\/wordpress\/wp-json\/wp\/v2\/posts\/9615","targetHints":{"allow":["GET"]}}],"collection":[{"href":"http:\/\/www.semlh-morbihan.fr\/wordpress\/wp-json\/wp\/v2\/posts"}],"about":[{"href":"http:\/\/www.semlh-morbihan.fr\/wordpress\/wp-json\/wp\/v2\/types\/post"}],"author":[{"embeddable":true,"href":"http:\/\/www.semlh-morbihan.fr\/wordpress\/wp-json\/wp\/v2\/users\/329"}],"replies":[{"embeddable":true,"href":"http:\/\/www.semlh-morbihan.fr\/wordpress\/wp-json\/wp\/v2\/comments?post=9615"}],"version-history":[{"count":9,"href":"http:\/\/www.semlh-morbihan.fr\/wordpress\/wp-json\/wp\/v2\/posts\/9615\/revisions"}],"predecessor-version":[{"id":9630,"href":"http:\/\/www.semlh-morbihan.fr\/wordpress\/wp-json\/wp\/v2\/posts\/9615\/revisions\/9630"}],"wp:featuredmedia":[{"embeddable":true,"href":"http:\/\/www.semlh-morbihan.fr\/wordpress\/wp-json\/wp\/v2\/media\/9621"}],"wp:attachment":[{"href":"http:\/\/www.semlh-morbihan.fr\/wordpress\/wp-json\/wp\/v2\/media?parent=9615"}],"wp:term":[{"taxonomy":"category","embeddable":true,"href":"http:\/\/www.semlh-morbihan.fr\/wordpress\/wp-json\/wp\/v2\/categories?post=9615"},{"taxonomy":"post_tag","embeddable":true,"href":"http:\/\/www.semlh-morbihan.fr\/wordpress\/wp-json\/wp\/v2\/tags?post=9615"}],"curies":[{"name":"wp","href":"https:\/\/api.w.org\/{rel}","templated":true}]}}