{"id":9635,"date":"2024-06-09T17:18:29","date_gmt":"2024-06-09T15:18:29","guid":{"rendered":"http:\/\/www.semlh-morbihan.fr\/wordpress\/?p=9635"},"modified":"2024-06-09T17:59:17","modified_gmt":"2024-06-09T15:59:17","slug":"inauguration-de-lexposition-sur-les-combattants-et-combattantes-du-morbihan-a-loccasion-du-80eme-anniversaire-de-la-liberation-au-palais-des-arts-le-lundi-3-juin-2024-14h30","status":"publish","type":"post","link":"http:\/\/www.semlh-morbihan.fr\/wordpress\/2024\/06\/09\/inauguration-de-lexposition-sur-les-combattants-et-combattantes-du-morbihan-a-loccasion-du-80eme-anniversaire-de-la-liberation-au-palais-des-arts-le-lundi-3-juin-2024-14h30\/","title":{"rendered":"Inauguration de l&rsquo;exposition sur les combattants et combattantes du Morbihan, \u00e0 l&rsquo;occasion du 80\u00e8me anniversaire de la lib\u00e9ration, au Palais des arts le lundi 3 juin 2024 14h30"},"content":{"rendered":"<h3><img loading=\"lazy\" decoding=\"async\" class=\"wp-image-9642 aligncenter\" src=\"http:\/\/www.semlh-morbihan.fr\/wordpress\/wp-content\/uploads\/2024\/06\/logo_80-ansSMLH-v1.jpg\" alt=\"\" width=\"215\" height=\"86\" \/><\/h3>\n<h3 style=\"text-align: center;\">Inauguration au Palais des Arts de l&rsquo;exposition<\/h3>\n<h3 style=\"text-align: center;\">sur les Combattantes et Combattants Morbihannais de la Seconde guerre mondiale<\/h3>\n<p>&nbsp;<\/p>\n<figure id=\"attachment_9636\" aria-describedby=\"caption-attachment-9636\" style=\"width: 426px\" class=\"wp-caption aligncenter\"><img loading=\"lazy\" decoding=\"async\" class=\"size-medium wp-image-9636\" src=\"http:\/\/www.semlh-morbihan.fr\/wordpress\/wp-content\/uploads\/2024\/06\/affiche_palais_des_Arts_80eme_anniversaire_liberation-426x600.jpg\" alt=\"\" width=\"426\" height=\"600\" srcset=\"http:\/\/www.semlh-morbihan.fr\/wordpress\/wp-content\/uploads\/2024\/06\/affiche_palais_des_Arts_80eme_anniversaire_liberation-426x600.jpg 426w, http:\/\/www.semlh-morbihan.fr\/wordpress\/wp-content\/uploads\/2024\/06\/affiche_palais_des_Arts_80eme_anniversaire_liberation-727x1024.jpg 727w, http:\/\/www.semlh-morbihan.fr\/wordpress\/wp-content\/uploads\/2024\/06\/affiche_palais_des_Arts_80eme_anniversaire_liberation-768x1081.jpg 768w, http:\/\/www.semlh-morbihan.fr\/wordpress\/wp-content\/uploads\/2024\/06\/affiche_palais_des_Arts_80eme_anniversaire_liberation-1091x1536.jpg 1091w, http:\/\/www.semlh-morbihan.fr\/wordpress\/wp-content\/uploads\/2024\/06\/affiche_palais_des_Arts_80eme_anniversaire_liberation-1218x1715.jpg 1218w, http:\/\/www.semlh-morbihan.fr\/wordpress\/wp-content\/uploads\/2024\/06\/affiche_palais_des_Arts_80eme_anniversaire_liberation.jpg 1263w\" sizes=\"auto, (max-width: 426px) 100vw, 426px\" \/><figcaption id=\"caption-attachment-9636\" class=\"wp-caption-text\">affiche de l&rsquo;exposition au Palais des Arts de Vannes<\/figcaption><\/figure>\n<p style=\"text-align: justify;\">Ce lundi 3 juin, inauguration par notre Pr\u00e9sident, au Palais des Arts et des Congr\u00e8s de Vannes, de l\u2019Exposition \u00ab Combattantes et Combattants morbihannais de la Deuxi\u00e8me guerre mondiale \u00bb<\/p>\n<p style=\"text-align: justify;\">Dans le cadre des manifestations li\u00e9es au 80<sup>\u00e8me<\/sup> anniversaire de la Lib\u00e9ration, la Section du Morbihan propose du 3 au 12 juin, une exposition qui met en valeur tous ces combattantes et combattants du Morbihan, qui, au p\u00e9ril de leur vie, ont \u0153uvr\u00e9 pour nous redonner un monde LIBRE.<\/p>\n<p style=\"text-align: justify;\">De nombreuses personnalit\u00e9s \u00e9taient pr\u00e9sentes\u00a0: Mme Penho\u00ebt et M. Azgag, repr\u00e9sentant le Pr\u00e9sident du Conseil d\u00e9partemental, Mme Jean, repr\u00e9sentant M. le Maire de Vannes, et les Pr\u00e9sidents de diff\u00e9rentes associations patriotiques.<\/p>\n<p style=\"text-align: justify;\">L\u2019exposition est pr\u00e9sent\u00e9e jusqu\u2019au 12 juin.\u00a0\u00bb<\/p>\n<pre>le g\u00e9n\u00e9ral(2s) Philippe Pr\u00e9vost\r\npr\u00e9sident de la section SMLH du Morbihan<\/pre>\n<figure id=\"attachment_9640\" aria-describedby=\"caption-attachment-9640\" style=\"width: 600px\" class=\"wp-caption aligncenter\"><img loading=\"lazy\" decoding=\"async\" class=\"size-medium wp-image-9640\" src=\"http:\/\/www.semlh-morbihan.fr\/wordpress\/wp-content\/uploads\/2024\/06\/DSC_0025-600x399.jpg\" alt=\"\" width=\"600\" height=\"399\" srcset=\"http:\/\/www.semlh-morbihan.fr\/wordpress\/wp-content\/uploads\/2024\/06\/DSC_0025-600x399.jpg 600w, http:\/\/www.semlh-morbihan.fr\/wordpress\/wp-content\/uploads\/2024\/06\/DSC_0025-1024x680.jpg 1024w, http:\/\/www.semlh-morbihan.fr\/wordpress\/wp-content\/uploads\/2024\/06\/DSC_0025-768x510.jpg 768w, http:\/\/www.semlh-morbihan.fr\/wordpress\/wp-content\/uploads\/2024\/06\/DSC_0025-1536x1020.jpg 1536w, http:\/\/www.semlh-morbihan.fr\/wordpress\/wp-content\/uploads\/2024\/06\/DSC_0025-2048x1360.jpg 2048w, http:\/\/www.semlh-morbihan.fr\/wordpress\/wp-content\/uploads\/2024\/06\/DSC_0025-1218x809.jpg 1218w\" sizes=\"auto, (max-width: 600px) 100vw, 600px\" \/><figcaption id=\"caption-attachment-9640\" class=\"wp-caption-text\">un aper\u00e7u de l&rsquo;assistance lors de cette inauguration<\/figcaption><\/figure>\n<h3 style=\"text-align: center;\"><span style=\"text-decoration: underline;\"><strong>Quelques aper\u00e7us des panneaux expos\u00e9s<\/strong><\/span><\/h3>\n<p><img loading=\"lazy\" decoding=\"async\" class=\"size-full wp-image-9644 alignleft\" src=\"http:\/\/www.semlh-morbihan.fr\/wordpress\/wp-content\/uploads\/2024\/06\/le_Calonnec-Pondard_du_25-04-2024.jpg\" alt=\"\" width=\"401\" height=\"600\" \/><img loading=\"lazy\" decoding=\"async\" class=\"size-medium wp-image-9645 alignright\" src=\"http:\/\/www.semlh-morbihan.fr\/wordpress\/wp-content\/uploads\/2024\/06\/cdt_Guillaudot_et_ses_gendarmes_du_03-05-2024_v0-401x600.jpg\" alt=\"\" width=\"401\" height=\"600\" srcset=\"http:\/\/www.semlh-morbihan.fr\/wordpress\/wp-content\/uploads\/2024\/06\/cdt_Guillaudot_et_ses_gendarmes_du_03-05-2024_v0-401x600.jpg 401w, http:\/\/www.semlh-morbihan.fr\/wordpress\/wp-content\/uploads\/2024\/06\/cdt_Guillaudot_et_ses_gendarmes_du_03-05-2024_v0.jpg 685w\" sizes=\"auto, (max-width: 401px) 100vw, 401px\" \/><\/p>\n<p>&nbsp;<\/p>\n<p><img loading=\"lazy\" decoding=\"async\" class=\"size-full wp-image-9646 alignleft\" src=\"http:\/\/www.semlh-morbihan.fr\/wordpress\/wp-content\/uploads\/2024\/06\/Pierre-Villars_du_03-05-2024-vo.jpg\" alt=\"\" width=\"401\" height=\"600\" \/><img loading=\"lazy\" decoding=\"async\" class=\"size-medium wp-image-9647 alignright\" src=\"http:\/\/www.semlh-morbihan.fr\/wordpress\/wp-content\/uploads\/2024\/06\/une_famille_heroique-vo-401x600.jpg\" alt=\"\" width=\"401\" height=\"600\" srcset=\"http:\/\/www.semlh-morbihan.fr\/wordpress\/wp-content\/uploads\/2024\/06\/une_famille_heroique-vo-401x600.jpg 401w, http:\/\/www.semlh-morbihan.fr\/wordpress\/wp-content\/uploads\/2024\/06\/une_famille_heroique-vo.jpg 685w\" sizes=\"auto, (max-width: 401px) 100vw, 401px\" \/><\/p>\n<p>&nbsp;<\/p>\n<figure id=\"attachment_9652\" aria-describedby=\"caption-attachment-9652\" style=\"width: 545px\" class=\"wp-caption aligncenter\"><img loading=\"lazy\" decoding=\"async\" class=\"size-medium wp-image-9652\" src=\"http:\/\/www.semlh-morbihan.fr\/wordpress\/wp-content\/uploads\/2024\/06\/exposition_palais_des_arts-545x600.jpg\" alt=\"\" width=\"545\" height=\"600\" srcset=\"http:\/\/www.semlh-morbihan.fr\/wordpress\/wp-content\/uploads\/2024\/06\/exposition_palais_des_arts-545x600.jpg 545w, http:\/\/www.semlh-morbihan.fr\/wordpress\/wp-content\/uploads\/2024\/06\/exposition_palais_des_arts.jpg 580w\" sizes=\"auto, (max-width: 545px) 100vw, 545px\" \/><figcaption id=\"caption-attachment-9652\" class=\"wp-caption-text\">Article de Ouest-France du 4 juin 2024 &#8211; \u00e9dition de Vannes<\/figcaption><\/figure>\n","protected":false},"excerpt":{"rendered":"<p>Inauguration au Palais des Arts de l&rsquo;exposition sur les Combattantes et Combattants Morbihannais de la Seconde guerre mondiale &nbsp; Ce lundi 3 juin, inauguration par&#8230;<\/p>\n","protected":false},"author":329,"featured_media":9636,"comment_status":"closed","ping_status":"open","sticky":false,"template":"","format":"standard","meta":{"footnotes":""},"categories":[384,337],"tags":[607],"class_list":["post-9635","post","type-post","status-publish","format-standard","has-post-thumbnail","hentry","category-actualites-la-section","category-la-section","tag-section-smlh-du-morbihan","wpcat-384-id","wpcat-337-id"],"_links":{"self":[{"href":"http:\/\/www.semlh-morbihan.fr\/wordpress\/wp-json\/wp\/v2\/posts\/9635","targetHints":{"allow":["GET"]}}],"collection":[{"href":"http:\/\/www.semlh-morbihan.fr\/wordpress\/wp-json\/wp\/v2\/posts"}],"about":[{"href":"http:\/\/www.semlh-morbihan.fr\/wordpress\/wp-json\/wp\/v2\/types\/post"}],"author":[{"embeddable":true,"href":"http:\/\/www.semlh-morbihan.fr\/wordpress\/wp-json\/wp\/v2\/users\/329"}],"replies":[{"embeddable":true,"href":"http:\/\/www.semlh-morbihan.fr\/wordpress\/wp-json\/wp\/v2\/comments?post=9635"}],"version-history":[{"count":10,"href":"http:\/\/www.semlh-morbihan.fr\/wordpress\/wp-json\/wp\/v2\/posts\/9635\/revisions"}],"predecessor-version":[{"id":9654,"href":"http:\/\/www.semlh-morbihan.fr\/wordpress\/wp-json\/wp\/v2\/posts\/9635\/revisions\/9654"}],"wp:featuredmedia":[{"embeddable":true,"href":"http:\/\/www.semlh-morbihan.fr\/wordpress\/wp-json\/wp\/v2\/media\/9636"}],"wp:attachment":[{"href":"http:\/\/www.semlh-morbihan.fr\/wordpress\/wp-json\/wp\/v2\/media?parent=9635"}],"wp:term":[{"taxonomy":"category","embeddable":true,"href":"http:\/\/www.semlh-morbihan.fr\/wordpress\/wp-json\/wp\/v2\/categories?post=9635"},{"taxonomy":"post_tag","embeddable":true,"href":"http:\/\/www.semlh-morbihan.fr\/wordpress\/wp-json\/wp\/v2\/tags?post=9635"}],"curies":[{"name":"wp","href":"https:\/\/api.w.org\/{rel}","templated":true}]}}