{"id":9671,"date":"2024-06-17T19:16:11","date_gmt":"2024-06-17T17:16:11","guid":{"rendered":"http:\/\/www.semlh-morbihan.fr\/wordpress\/?p=9671"},"modified":"2024-06-17T19:16:11","modified_gmt":"2024-06-17T17:16:11","slug":"passage-de-la-flamme-olympique-portee-par-notre-filleule-cleo-renou-avec-lequipe-du-comite-de-vannes","status":"publish","type":"post","link":"http:\/\/www.semlh-morbihan.fr\/wordpress\/2024\/06\/17\/passage-de-la-flamme-olympique-portee-par-notre-filleule-cleo-renou-avec-lequipe-du-comite-de-vannes\/","title":{"rendered":"Passage de la flamme olympique port\u00e9e par notre filleule, Cl\u00e9o Renou avec l&rsquo;\u00e9quipe du comit\u00e9 de Vannes"},"content":{"rendered":"<p style=\"text-align: center;\">Cl\u00e9o Renou\u00a0 a port\u00e9 la flamme olympique avec l&rsquo;\u00e9quipe du comit\u00e9 SMLH de Vannes<\/p>\n<p>&nbsp;<\/p>\n<figure id=\"attachment_9673\" aria-describedby=\"caption-attachment-9673\" style=\"width: 600px\" class=\"wp-caption aligncenter\"><img loading=\"lazy\" decoding=\"async\" class=\"size-medium wp-image-9673\" src=\"http:\/\/www.semlh-morbihan.fr\/wordpress\/wp-content\/uploads\/2024\/06\/IMG_5616-600x450.jpg\" alt=\"\" width=\"600\" height=\"450\" srcset=\"http:\/\/www.semlh-morbihan.fr\/wordpress\/wp-content\/uploads\/2024\/06\/IMG_5616-600x450.jpg 600w, http:\/\/www.semlh-morbihan.fr\/wordpress\/wp-content\/uploads\/2024\/06\/IMG_5616-1024x768.jpg 1024w, http:\/\/www.semlh-morbihan.fr\/wordpress\/wp-content\/uploads\/2024\/06\/IMG_5616-768x576.jpg 768w, http:\/\/www.semlh-morbihan.fr\/wordpress\/wp-content\/uploads\/2024\/06\/IMG_5616-1536x1152.jpg 1536w, http:\/\/www.semlh-morbihan.fr\/wordpress\/wp-content\/uploads\/2024\/06\/IMG_5616-2048x1536.jpg 2048w, http:\/\/www.semlh-morbihan.fr\/wordpress\/wp-content\/uploads\/2024\/06\/IMG_5616-1218x914.jpg 1218w, http:\/\/www.semlh-morbihan.fr\/wordpress\/wp-content\/uploads\/2024\/06\/IMG_5616-480x360.jpg 480w\" sizes=\"auto, (max-width: 600px) 100vw, 600px\" \/><figcaption id=\"caption-attachment-9673\" class=\"wp-caption-text\">Cl\u00e9o, notre championne du monde de natation, handisport, suivie par le comit\u00e9 de Vannes et de son pr\u00e9sident, Bruno Bodard, a eu l&rsquo;honneur de porter la flamme olympique lros de son passage \u00e0 Vannes.<\/figcaption><\/figure>\n<p><img loading=\"lazy\" decoding=\"async\" class=\"aligncenter size-medium wp-image-9672\" src=\"http:\/\/www.semlh-morbihan.fr\/wordpress\/wp-content\/uploads\/2024\/06\/IMG_5613-450x600.jpg\" alt=\"\" width=\"450\" height=\"600\" srcset=\"http:\/\/www.semlh-morbihan.fr\/wordpress\/wp-content\/uploads\/2024\/06\/IMG_5613-450x600.jpg 450w, http:\/\/www.semlh-morbihan.fr\/wordpress\/wp-content\/uploads\/2024\/06\/IMG_5613-768x1024.jpg 768w, http:\/\/www.semlh-morbihan.fr\/wordpress\/wp-content\/uploads\/2024\/06\/IMG_5613-1152x1536.jpg 1152w, http:\/\/www.semlh-morbihan.fr\/wordpress\/wp-content\/uploads\/2024\/06\/IMG_5613-1536x2048.jpg 1536w, http:\/\/www.semlh-morbihan.fr\/wordpress\/wp-content\/uploads\/2024\/06\/IMG_5613-1218x1624.jpg 1218w, http:\/\/www.semlh-morbihan.fr\/wordpress\/wp-content\/uploads\/2024\/06\/IMG_5613-scaled.jpg 1920w\" sizes=\"auto, (max-width: 450px) 100vw, 450px\" \/><\/p>\n","protected":false},"excerpt":{"rendered":"<p>Cl\u00e9o Renou\u00a0 a port\u00e9 la flamme olympique avec l&rsquo;\u00e9quipe du comit\u00e9 SMLH de Vannes &nbsp;<\/p>\n","protected":false},"author":329,"featured_media":9673,"comment_status":"closed","ping_status":"open","sticky":false,"template":"","format":"standard","meta":{"footnotes":""},"categories":[350,346],"tags":[630],"class_list":["post-9671","post","type-post","status-publish","format-standard","has-post-thumbnail","hentry","category-actualites-comite-du-pays-de-vannes","category-comite-du-pays-de-vannes","tag-comite-smlh-du-pays-de-vannes","wpcat-350-id","wpcat-346-id"],"_links":{"self":[{"href":"http:\/\/www.semlh-morbihan.fr\/wordpress\/wp-json\/wp\/v2\/posts\/9671","targetHints":{"allow":["GET"]}}],"collection":[{"href":"http:\/\/www.semlh-morbihan.fr\/wordpress\/wp-json\/wp\/v2\/posts"}],"about":[{"href":"http:\/\/www.semlh-morbihan.fr\/wordpress\/wp-json\/wp\/v2\/types\/post"}],"author":[{"embeddable":true,"href":"http:\/\/www.semlh-morbihan.fr\/wordpress\/wp-json\/wp\/v2\/users\/329"}],"replies":[{"embeddable":true,"href":"http:\/\/www.semlh-morbihan.fr\/wordpress\/wp-json\/wp\/v2\/comments?post=9671"}],"version-history":[{"count":1,"href":"http:\/\/www.semlh-morbihan.fr\/wordpress\/wp-json\/wp\/v2\/posts\/9671\/revisions"}],"predecessor-version":[{"id":9674,"href":"http:\/\/www.semlh-morbihan.fr\/wordpress\/wp-json\/wp\/v2\/posts\/9671\/revisions\/9674"}],"wp:featuredmedia":[{"embeddable":true,"href":"http:\/\/www.semlh-morbihan.fr\/wordpress\/wp-json\/wp\/v2\/media\/9673"}],"wp:attachment":[{"href":"http:\/\/www.semlh-morbihan.fr\/wordpress\/wp-json\/wp\/v2\/media?parent=9671"}],"wp:term":[{"taxonomy":"category","embeddable":true,"href":"http:\/\/www.semlh-morbihan.fr\/wordpress\/wp-json\/wp\/v2\/categories?post=9671"},{"taxonomy":"post_tag","embeddable":true,"href":"http:\/\/www.semlh-morbihan.fr\/wordpress\/wp-json\/wp\/v2\/tags?post=9671"}],"curies":[{"name":"wp","href":"https:\/\/api.w.org\/{rel}","templated":true}]}}