{"id":9675,"date":"2024-06-24T18:56:02","date_gmt":"2024-06-24T16:56:02","guid":{"rendered":"http:\/\/www.semlh-morbihan.fr\/wordpress\/?p=9675"},"modified":"2024-06-24T19:32:27","modified_gmt":"2024-06-24T17:32:27","slug":"la-memoire-du-grand-saint-pierrois-le-colonel-maire-honore-samedi-22-juin-2024","status":"publish","type":"post","link":"http:\/\/www.semlh-morbihan.fr\/wordpress\/2024\/06\/24\/la-memoire-du-grand-saint-pierrois-le-colonel-maire-honore-samedi-22-juin-2024\/","title":{"rendered":"la m\u00e9moire d&rsquo;u grand Saint Pierrois, le colonel Maire,  honor\u00e9 samedi 22 juin 2024"},"content":{"rendered":"<figure id=\"attachment_9693\" aria-describedby=\"caption-attachment-9693\" style=\"width: 316px\" class=\"wp-caption alignright\"><img loading=\"lazy\" decoding=\"async\" class=\" wp-image-9693\" src=\"http:\/\/www.semlh-morbihan.fr\/wordpress\/wp-content\/uploads\/2024\/06\/colonel-Maire-un-heros-de-la-legion.jpg\" alt=\"\" width=\"316\" height=\"497\" \/><figcaption id=\"caption-attachment-9693\" class=\"wp-caption-text\">source l\u00e9gion<\/figcaption><\/figure>\n<figure id=\"attachment_9692\" aria-describedby=\"caption-attachment-9692\" style=\"width: 371px\" class=\"wp-caption alignleft\"><img loading=\"lazy\" decoding=\"async\" class=\" wp-image-9692\" src=\"http:\/\/www.semlh-morbihan.fr\/wordpress\/wp-content\/uploads\/2024\/06\/colonel-Maire-Legion-443x600.jpeg\" alt=\"\" width=\"371\" height=\"502\" srcset=\"http:\/\/www.semlh-morbihan.fr\/wordpress\/wp-content\/uploads\/2024\/06\/colonel-Maire-Legion-443x600.jpeg 443w, http:\/\/www.semlh-morbihan.fr\/wordpress\/wp-content\/uploads\/2024\/06\/colonel-Maire-Legion.jpeg 474w\" sizes=\"auto, (max-width: 371px) 100vw, 371px\" \/><figcaption id=\"caption-attachment-9692\" class=\"wp-caption-text\">source &lt;l\u00e9gion<\/figcaption><\/figure>\n<p>&nbsp;<\/p>\n<p>&nbsp;<\/p>\n<p>&nbsp;<\/p>\n<p>&nbsp;<\/p>\n<p>&nbsp;<\/p>\n<p>&nbsp;<\/p>\n<p>&nbsp;<\/p>\n<p>&nbsp;<\/p>\n<p>&nbsp;<\/p>\n<p>&nbsp;<\/p>\n<p>&nbsp;<\/p>\n<p>&nbsp;<\/p>\n<p>&nbsp;<\/p>\n<div class=\"su-responsive\">\n<h1><\/h1>\n<h1><\/h1>\n<h1 style=\"text-align: center;\"><span style=\"text-decoration: underline;\">Article de Ouest-France<\/span><\/h1>\n<h2>Le colonel Fernand Maire a \u00e9t\u00e9 honor\u00e9 samedi, \u00e0 Saint-Pierre-Quiberon<\/h2>\n<\/div>\n<p><img loading=\"lazy\" decoding=\"async\" class=\"aligncenter size-full wp-image-9700\" src=\"http:\/\/www.semlh-morbihan.fr\/wordpress\/wp-content\/uploads\/2024\/06\/tombe-colonel-maire.avif\" alt=\"\" width=\"940\" height=\"705\" \/><\/p>\n<p>&nbsp;<\/p>\n<p class=\"su-standfirst chapeau\">Ce samedi 22\u00a0juin 2024, a eu lieu un hommage au colonel Fernand Maire, qui avait rejoint la L\u00e9gion \u00e9trang\u00e8re en 1914. Le premier hommage a eu lieu \u00e0 Kerhostin et le second au cimeti\u00e8re de Saint-Pierre-Quiberon (Morbihan) sur la tombe de la famille.<\/p>\n<p>La rue du Relais, \u00e0 Kerhostin,\u00a0<a href=\"https:\/\/www.ouest-france.fr\/bretagne\/saint-pierre-quiberon-56510\/#resultat-recherche\">Saint-Pierre-Quibero<\/a>n (<a href=\"https:\/\/www.ouest-france.fr\/bretagne\/morbihan\/\">Morbihan<\/a>) \u00e9tait bloqu\u00e9e, samedi matin, afin d\u2019apposer une plaque \u00e0 la fin du premier hommage au colonel Fernand Maire. Son arri\u00e8re-petit-fils, Andr\u00e9 Maire, lui a rendu un vibrant hommage.<\/p>\n<p><q>\u00a0Fernand Maire est n\u00e9 le 28\u00a0d\u00e9cembre 1876 et sa famille \u00e9tait du milieu militaire. Il rentre au Prytan\u00e9e militaire, de La Fl\u00e8che, en 1887, o\u00f9 il reste huit ans. Puis il rejoint le 67<sup>e<\/sup>\u00a0de ligne \u00e0 Soissons. Il est admis \u00e0 Saint-Maixent en 1901. Par la suite, il est affect\u00e9 au 2<sup>e<\/sup>\u00a0r\u00e9giment \u00e9tranger o\u00f9 il prend le commandement de la 2<sup>e<\/sup>\u00a0compagnie. En 1916, il rejoint le second r\u00e9giment de tirailleurs alg\u00e9riens, puis le r\u00e9giment de marche de la L\u00e9gion \u00e9trang\u00e8re (RMLE)\u00a0<\/q>.<\/p>\n<p>La rue du Relais, \u00e0 Kerhostin,\u00a0<a href=\"https:\/\/www.ouest-france.fr\/bretagne\/saint-pierre-quiberon-56510\/#resultat-recherche\">Saint-Pierre-Quibero<\/a>n (<a href=\"https:\/\/www.ouest-france.fr\/bretagne\/morbihan\/\">Morbihan<\/a>) \u00e9tait bloqu\u00e9e, samedi matin, afin d\u2019apposer une plaque \u00e0 la fin du premier hommage au colonel Fernand Maire. Son arri\u00e8re-petit-fils, Andr\u00e9 Maire, lui a rendu un vibrant hommage.<\/p>\n<h2 id=\"section-5-il-faut-transmettre-ces-histoires-aux-jeunes\">\u00ab Il faut transmettre ces histoires aux jeunes \u00bb<\/h2>\n<p>Il devient un monument de la L\u00e9gion. Fernand Maire re\u00e7oit la cravate de la L\u00e9gion d\u2019honneur le 14\u00a0juillet 1934. La maison de la rue du Relais \u00e9tait\u00a0<q>\u00a0une maison de repos pour cet \u00e9ternel voyageur\u00a0<\/q>. Les devises de la l\u00e9gion sont\u00a0<q>\u00a0valeur et discipline mais \u00e9galement honneur et fid\u00e9lit\u00e9\u00a0<\/q>.<\/p>\n<p>Pour St\u00e9phanie Doyen, maire de Saint-Pierre Quiberon, avoir cette figure historique dans la commune repr\u00e9sente beaucoup pour la commune. Le colonel Maire avait un amour pour les corps d\u2019arm\u00e9es mais aussi une histoire riche.\u00a0<q>\u00a0Il nous faut transmettre ces histoires \u00e0 la jeune g\u00e9n\u00e9ration\u00a0\u00bb,<\/q>\u00a0concluait-elle.<\/p>\n<p>&nbsp;<\/p>\n<h2 style=\"text-align: center;\"><span style=\"text-decoration: underline;\"><strong>Article du t\u00e9l\u00e9gramme<\/strong><\/span><\/h2>\n<figure id=\"attachment_9687\" aria-describedby=\"caption-attachment-9687\" style=\"width: 600px\" class=\"wp-caption aligncenter\"><img loading=\"lazy\" decoding=\"async\" class=\"size-medium wp-image-9687\" src=\"http:\/\/www.semlh-morbihan.fr\/wordpress\/wp-content\/uploads\/2024\/06\/la-memoire-dun-grand-saint-Pierrois-honore-600x333.png\" alt=\"\" width=\"600\" height=\"333\" srcset=\"http:\/\/www.semlh-morbihan.fr\/wordpress\/wp-content\/uploads\/2024\/06\/la-memoire-dun-grand-saint-Pierrois-honore-600x333.png 600w, http:\/\/www.semlh-morbihan.fr\/wordpress\/wp-content\/uploads\/2024\/06\/la-memoire-dun-grand-saint-Pierrois-honore-1024x568.png 1024w, http:\/\/www.semlh-morbihan.fr\/wordpress\/wp-content\/uploads\/2024\/06\/la-memoire-dun-grand-saint-Pierrois-honore-768x426.png 768w, http:\/\/www.semlh-morbihan.fr\/wordpress\/wp-content\/uploads\/2024\/06\/la-memoire-dun-grand-saint-Pierrois-honore-1218x676.png 1218w, http:\/\/www.semlh-morbihan.fr\/wordpress\/wp-content\/uploads\/2024\/06\/la-memoire-dun-grand-saint-Pierrois-honore.png 1434w\" sizes=\"auto, (max-width: 600px) 100vw, 600px\" \/><figcaption id=\"caption-attachment-9687\" class=\"wp-caption-text\">source : le T\u00e9l\u00e9gramme<br \/>\u00a0 \u00a0 \u00a0 \u00a0 \u00a0 \u00a0 \u00a0 \u00a0 \u00a0 \u00a0 \u00a0 \u00a0 \u00a0 \u00a0 \u00a0 \u00a0 \u00a0 \u00a0 \u00a0 \u00a0C\u00e9r\u00e9monie en hommage au colonel Maire de la L\u00e9gion \u00e9trang\u00e8re<\/figcaption><\/figure>\n<p style=\"text-align: justify;\">C\u2019est un tr\u00e8s bel hommage qui a \u00e9t\u00e9 rendu au colonel Fernand Maire, samedi 22 juin au matin \u00e0 Saint-Pierre-Quiberon. Tout d\u2019abord \u00e0 Kerhostin, avec la pose d\u2019une plaque sur la maison, rue du Relais, o\u00f9 il a vu le jour en d\u00e9cembre 1876, puis au cimeti\u00e8re, sur sa tombe.<\/p>\n<p style=\"text-align: justify;\">L\u00e9gionnaires et anciens de la L\u00e9gion, membre des commandos Marine, c\u2019est en nombre qu\u2019ils sont venus avec \u00e9lus et membres de la famille rendre hommage au Colonel Maire. Le g\u00e9n\u00e9ral de corps d\u2019arm\u00e9e Bertrand Cl\u00e9ment-Boll\u00e9e, pr\u00e9sident de l\u2019Amicale des Anciens de la L\u00e9gion \u00c9trang\u00e8re du Morbihan, est revenu sur la carri\u00e8re de ce Saint-Pierrois. Il a \u00e9voqu\u00e9 son caract\u00e8re opini\u00e2tre et \u00ab\u00a0fort en gueule\u00a0\u00bb, mais a insist\u00e9 sur les qualit\u00e9s de ce chef appr\u00e9ci\u00e9es de ses hommes, parfois craint de sa hi\u00e9rarchie, entr\u00e9 de son vivant dans la l\u00e9gende \u00ab\u00a0par son \u00e9l\u00e9vation morale, sa prestance, son courage et son panache, \u00e0 l\u2019image du chef l\u00e9gionnaire par excellence\u00a0\u00bb. La maire St\u00e9phanie Doyen, a \u00e9galement \u00e9voqu\u00e9 l\u2019importance de cet hommage, \u00ab\u00a0pour transmettre aux g\u00e9n\u00e9rations actuelle les valeurs de la R\u00e9publique.\u00a0\u00bb<\/p>\n<p>&nbsp;<\/p>\n<figure id=\"attachment_9687\" aria-describedby=\"caption-attachment-9687\" style=\"width: 600px\" class=\"wp-caption aligncenter\"><img loading=\"lazy\" decoding=\"async\" class=\"size-medium wp-image-9687\" src=\"http:\/\/www.semlh-morbihan.fr\/wordpress\/wp-content\/uploads\/2024\/06\/la-memoire-dun-grand-saint-Pierrois-honore-600x333.png\" alt=\"\" width=\"600\" height=\"333\" srcset=\"http:\/\/www.semlh-morbihan.fr\/wordpress\/wp-content\/uploads\/2024\/06\/la-memoire-dun-grand-saint-Pierrois-honore-600x333.png 600w, http:\/\/www.semlh-morbihan.fr\/wordpress\/wp-content\/uploads\/2024\/06\/la-memoire-dun-grand-saint-Pierrois-honore-1024x568.png 1024w, http:\/\/www.semlh-morbihan.fr\/wordpress\/wp-content\/uploads\/2024\/06\/la-memoire-dun-grand-saint-Pierrois-honore-768x426.png 768w, http:\/\/www.semlh-morbihan.fr\/wordpress\/wp-content\/uploads\/2024\/06\/la-memoire-dun-grand-saint-Pierrois-honore-1218x676.png 1218w, http:\/\/www.semlh-morbihan.fr\/wordpress\/wp-content\/uploads\/2024\/06\/la-memoire-dun-grand-saint-Pierrois-honore.png 1434w\" sizes=\"auto, (max-width: 600px) 100vw, 600px\" \/><figcaption id=\"caption-attachment-9687\" class=\"wp-caption-text\">source : le T\u00e9l\u00e9gramme<br \/>C\u00e9r\u00e9monie en hommage au colonel Maire de la L\u00e9gion \u00e9trang\u00e8re<\/figcaption><\/figure>\n<p><img loading=\"lazy\" decoding=\"async\" class=\"aligncenter size-medium wp-image-9685\" src=\"http:\/\/www.semlh-morbihan.fr\/wordpress\/wp-content\/uploads\/2024\/06\/colonel-Maire-06-600x277.jpg\" alt=\"\" width=\"600\" height=\"277\" srcset=\"http:\/\/www.semlh-morbihan.fr\/wordpress\/wp-content\/uploads\/2024\/06\/colonel-Maire-06-600x277.jpg 600w, http:\/\/www.semlh-morbihan.fr\/wordpress\/wp-content\/uploads\/2024\/06\/colonel-Maire-06-1024x473.jpg 1024w, http:\/\/www.semlh-morbihan.fr\/wordpress\/wp-content\/uploads\/2024\/06\/colonel-Maire-06-768x355.jpg 768w, http:\/\/www.semlh-morbihan.fr\/wordpress\/wp-content\/uploads\/2024\/06\/colonel-Maire-06-1536x709.jpg 1536w, http:\/\/www.semlh-morbihan.fr\/wordpress\/wp-content\/uploads\/2024\/06\/colonel-Maire-06-1218x563.jpg 1218w, http:\/\/www.semlh-morbihan.fr\/wordpress\/wp-content\/uploads\/2024\/06\/colonel-Maire-06.jpg 1600w\" sizes=\"auto, (max-width: 600px) 100vw, 600px\" \/><\/p>\n<p>&nbsp;<\/p>\n<p><img loading=\"lazy\" decoding=\"async\" class=\"aligncenter size-medium wp-image-9684\" src=\"http:\/\/www.semlh-morbihan.fr\/wordpress\/wp-content\/uploads\/2024\/06\/colonel-maire-05-600x277.jpg\" alt=\"\" width=\"600\" height=\"277\" srcset=\"http:\/\/www.semlh-morbihan.fr\/wordpress\/wp-content\/uploads\/2024\/06\/colonel-maire-05-600x277.jpg 600w, http:\/\/www.semlh-morbihan.fr\/wordpress\/wp-content\/uploads\/2024\/06\/colonel-maire-05-1024x473.jpg 1024w, http:\/\/www.semlh-morbihan.fr\/wordpress\/wp-content\/uploads\/2024\/06\/colonel-maire-05-768x355.jpg 768w, http:\/\/www.semlh-morbihan.fr\/wordpress\/wp-content\/uploads\/2024\/06\/colonel-maire-05-1536x709.jpg 1536w, http:\/\/www.semlh-morbihan.fr\/wordpress\/wp-content\/uploads\/2024\/06\/colonel-maire-05-1218x563.jpg 1218w, http:\/\/www.semlh-morbihan.fr\/wordpress\/wp-content\/uploads\/2024\/06\/colonel-maire-05.jpg 1600w\" sizes=\"auto, (max-width: 600px) 100vw, 600px\" \/><\/p>\n<p>&nbsp;<\/p>\n<p><img loading=\"lazy\" decoding=\"async\" class=\"aligncenter size-medium wp-image-9683\" src=\"http:\/\/www.semlh-morbihan.fr\/wordpress\/wp-content\/uploads\/2024\/06\/colonel-maire-04-600x278.jpg\" alt=\"\" width=\"600\" height=\"278\" srcset=\"http:\/\/www.semlh-morbihan.fr\/wordpress\/wp-content\/uploads\/2024\/06\/colonel-maire-04-600x278.jpg 600w, http:\/\/www.semlh-morbihan.fr\/wordpress\/wp-content\/uploads\/2024\/06\/colonel-maire-04-1024x474.jpg 1024w, http:\/\/www.semlh-morbihan.fr\/wordpress\/wp-content\/uploads\/2024\/06\/colonel-maire-04-768x355.jpg 768w, http:\/\/www.semlh-morbihan.fr\/wordpress\/wp-content\/uploads\/2024\/06\/colonel-maire-04-1536x710.jpg 1536w, http:\/\/www.semlh-morbihan.fr\/wordpress\/wp-content\/uploads\/2024\/06\/colonel-maire-04-1218x563.jpg 1218w, http:\/\/www.semlh-morbihan.fr\/wordpress\/wp-content\/uploads\/2024\/06\/colonel-maire-04.jpg 1600w\" sizes=\"auto, (max-width: 600px) 100vw, 600px\" \/><\/p>\n<p>&nbsp;<\/p>\n<p><img loading=\"lazy\" decoding=\"async\" class=\"aligncenter size-medium wp-image-9681\" src=\"http:\/\/www.semlh-morbihan.fr\/wordpress\/wp-content\/uploads\/2024\/06\/colonel-maire-02-600x278.jpg\" alt=\"\" width=\"600\" height=\"278\" srcset=\"http:\/\/www.semlh-morbihan.fr\/wordpress\/wp-content\/uploads\/2024\/06\/colonel-maire-02-600x278.jpg 600w, http:\/\/www.semlh-morbihan.fr\/wordpress\/wp-content\/uploads\/2024\/06\/colonel-maire-02-1024x474.jpg 1024w, http:\/\/www.semlh-morbihan.fr\/wordpress\/wp-content\/uploads\/2024\/06\/colonel-maire-02-768x355.jpg 768w, http:\/\/www.semlh-morbihan.fr\/wordpress\/wp-content\/uploads\/2024\/06\/colonel-maire-02-1536x710.jpg 1536w, http:\/\/www.semlh-morbihan.fr\/wordpress\/wp-content\/uploads\/2024\/06\/colonel-maire-02-1218x563.jpg 1218w, http:\/\/www.semlh-morbihan.fr\/wordpress\/wp-content\/uploads\/2024\/06\/colonel-maire-02.jpg 1600w\" sizes=\"auto, (max-width: 600px) 100vw, 600px\" \/><\/p>\n<p><img loading=\"lazy\" decoding=\"async\" class=\"aligncenter size-medium wp-image-9680\" src=\"http:\/\/www.semlh-morbihan.fr\/wordpress\/wp-content\/uploads\/2024\/06\/colonle-maire-biographie-600x277.jpg\" alt=\"\" width=\"600\" height=\"277\" srcset=\"http:\/\/www.semlh-morbihan.fr\/wordpress\/wp-content\/uploads\/2024\/06\/colonle-maire-biographie-600x277.jpg 600w, http:\/\/www.semlh-morbihan.fr\/wordpress\/wp-content\/uploads\/2024\/06\/colonle-maire-biographie-1024x473.jpg 1024w, http:\/\/www.semlh-morbihan.fr\/wordpress\/wp-content\/uploads\/2024\/06\/colonle-maire-biographie-768x355.jpg 768w, http:\/\/www.semlh-morbihan.fr\/wordpress\/wp-content\/uploads\/2024\/06\/colonle-maire-biographie-1536x709.jpg 1536w, http:\/\/www.semlh-morbihan.fr\/wordpress\/wp-content\/uploads\/2024\/06\/colonle-maire-biographie-1218x563.jpg 1218w, http:\/\/www.semlh-morbihan.fr\/wordpress\/wp-content\/uploads\/2024\/06\/colonle-maire-biographie.jpg 1600w\" sizes=\"auto, (max-width: 600px) 100vw, 600px\" \/><\/p>\n<p>&nbsp;<\/p>\n<p>&nbsp;<\/p>\n<p><img loading=\"lazy\" decoding=\"async\" class=\"aligncenter size-medium wp-image-9678\" src=\"http:\/\/www.semlh-morbihan.fr\/wordpress\/wp-content\/uploads\/2024\/06\/colonel-maire-07-600x278.jpg\" alt=\"\" width=\"600\" height=\"278\" srcset=\"http:\/\/www.semlh-morbihan.fr\/wordpress\/wp-content\/uploads\/2024\/06\/colonel-maire-07-600x278.jpg 600w, http:\/\/www.semlh-morbihan.fr\/wordpress\/wp-content\/uploads\/2024\/06\/colonel-maire-07-1024x474.jpg 1024w, http:\/\/www.semlh-morbihan.fr\/wordpress\/wp-content\/uploads\/2024\/06\/colonel-maire-07-768x355.jpg 768w, http:\/\/www.semlh-morbihan.fr\/wordpress\/wp-content\/uploads\/2024\/06\/colonel-maire-07-1536x710.jpg 1536w, http:\/\/www.semlh-morbihan.fr\/wordpress\/wp-content\/uploads\/2024\/06\/colonel-maire-07-1218x563.jpg 1218w, http:\/\/www.semlh-morbihan.fr\/wordpress\/wp-content\/uploads\/2024\/06\/colonel-maire-07.jpg 1600w\" sizes=\"auto, (max-width: 600px) 100vw, 600px\" \/><\/p>\n","protected":false},"excerpt":{"rendered":"<p>&nbsp; &nbsp; &nbsp; &nbsp; &nbsp; &nbsp; &nbsp; &nbsp; &nbsp; &nbsp; &nbsp; &nbsp; &nbsp; Article de Ouest-France Le colonel Fernand Maire a \u00e9t\u00e9 honor\u00e9 samedi, \u00e0&#8230;<\/p>\n","protected":false},"author":329,"featured_media":9687,"comment_status":"closed","ping_status":"open","sticky":false,"template":"","format":"standard","meta":{"footnotes":""},"categories":[495,342],"tags":[627],"class_list":["post-9675","post","type-post","status-publish","format-standard","has-post-thumbnail","hentry","category-ceremonies-comite-du-pays-dauray","category-comite-du-pays-dauray","tag-comite-du-pays-dauray","wpcat-495-id","wpcat-342-id"],"_links":{"self":[{"href":"http:\/\/www.semlh-morbihan.fr\/wordpress\/wp-json\/wp\/v2\/posts\/9675","targetHints":{"allow":["GET"]}}],"collection":[{"href":"http:\/\/www.semlh-morbihan.fr\/wordpress\/wp-json\/wp\/v2\/posts"}],"about":[{"href":"http:\/\/www.semlh-morbihan.fr\/wordpress\/wp-json\/wp\/v2\/types\/post"}],"author":[{"embeddable":true,"href":"http:\/\/www.semlh-morbihan.fr\/wordpress\/wp-json\/wp\/v2\/users\/329"}],"replies":[{"embeddable":true,"href":"http:\/\/www.semlh-morbihan.fr\/wordpress\/wp-json\/wp\/v2\/comments?post=9675"}],"version-history":[{"count":12,"href":"http:\/\/www.semlh-morbihan.fr\/wordpress\/wp-json\/wp\/v2\/posts\/9675\/revisions"}],"predecessor-version":[{"id":9689,"href":"http:\/\/www.semlh-morbihan.fr\/wordpress\/wp-json\/wp\/v2\/posts\/9675\/revisions\/9689"}],"wp:featuredmedia":[{"embeddable":true,"href":"http:\/\/www.semlh-morbihan.fr\/wordpress\/wp-json\/wp\/v2\/media\/9687"}],"wp:attachment":[{"href":"http:\/\/www.semlh-morbihan.fr\/wordpress\/wp-json\/wp\/v2\/media?parent=9675"}],"wp:term":[{"taxonomy":"category","embeddable":true,"href":"http:\/\/www.semlh-morbihan.fr\/wordpress\/wp-json\/wp\/v2\/categories?post=9675"},{"taxonomy":"post_tag","embeddable":true,"href":"http:\/\/www.semlh-morbihan.fr\/wordpress\/wp-json\/wp\/v2\/tags?post=9675"}],"curies":[{"name":"wp","href":"https:\/\/api.w.org\/{rel}","templated":true}]}}