{"id":9706,"date":"2024-07-11T16:34:19","date_gmt":"2024-07-11T14:34:19","guid":{"rendered":"http:\/\/www.semlh-morbihan.fr\/wordpress\/?p=9706"},"modified":"2024-07-11T16:34:19","modified_gmt":"2024-07-11T14:34:19","slug":"reunion-de-fin-dannee-des-cadets-de-la-securite-civile-du-college-de-trefaven-a-lorient-le-28-juin-2024","status":"publish","type":"post","link":"http:\/\/www.semlh-morbihan.fr\/wordpress\/2024\/07\/11\/reunion-de-fin-dannee-des-cadets-de-la-securite-civile-du-college-de-trefaven-a-lorient-le-28-juin-2024\/","title":{"rendered":"R\u00e9union de fin d&rsquo;ann\u00e9e des cadets de la S\u00e9curit\u00e9 Civile du coll\u00e8ge de Tr\u00e9faven \u00e0 Lorient le 28 juin 2024"},"content":{"rendered":"<p><span style=\"font-size: 13.0pt; font-family: 'Arial',sans-serif;\">\u00a0<\/span><\/p>\n<figure id=\"attachment_9713\" aria-describedby=\"caption-attachment-9713\" style=\"width: 600px\" class=\"wp-caption aligncenter\"><img loading=\"lazy\" decoding=\"async\" class=\"size-medium wp-image-9713\" src=\"http:\/\/www.semlh-morbihan.fr\/wordpress\/wp-content\/uploads\/2024\/07\/IMG_1277-600x338.jpg\" alt=\"\" width=\"600\" height=\"338\" srcset=\"http:\/\/www.semlh-morbihan.fr\/wordpress\/wp-content\/uploads\/2024\/07\/IMG_1277-600x338.jpg 600w, http:\/\/www.semlh-morbihan.fr\/wordpress\/wp-content\/uploads\/2024\/07\/IMG_1277.jpg 640w\" sizes=\"auto, (max-width: 600px) 100vw, 600px\" \/><figcaption id=\"caption-attachment-9713\" class=\"wp-caption-text\">Remise de dipl\u00f4mes aux cadets<\/figcaption><\/figure>\n<p>&nbsp;<\/p>\n<p><span style=\"font-size: 13.0pt; font-family: 'Arial',sans-serif;\"> Tr\u00e9faven \u00e0\u00a0 Lorient\u00a0 , le 28\u00a0 juin 2024<\/span><\/p>\n<p><span style=\"font-size: 13.0pt; font-family: 'Arial',sans-serif;\">\u00a0 \u00a0Les Cadets ont particip\u00e9 au parcours de la\u00a0 Flamme\u00a0 de la\u00a0 Nation \u00e0 Brest\u00a0 le 25 juin , lors\u00a0 \u00a0 \u00a0de l &lsquo;Assembl\u00e9e\u00a0 Nationale de la SMLH.<\/span><\/p>\n<p><span style=\"font-size: 13.0pt; font-family: 'Arial',sans-serif;\">\u00a0 \u00a0 En pj , les\u00a0 quelques mots prononc\u00e9s\u00a0 \u00a0et 2photos\u00a0<\/span><\/p>\n<p><span style=\"font-size: 13.0pt; font-family: 'Arial',sans-serif;\">\u00a0 \u00a0 \u00a0 \u00a0 \u00a0 \u00a0&#8211; diplome remis aux Cadets\u00a0<\/span><\/p>\n<p><span style=\"font-size: 13.0pt; font-family: 'Arial',sans-serif;\">\u00a0 \u00a0 \u00a0 \u00a0 \u00a0 \u00a0&#8211; remise des 2 livres\u00a0 au principal\u00a0 du\u00a0 coll\u00e8ge\u00a0 ,avec les Cadets\u00a0 et les dipl\u00f4mes<\/span><\/p>\n<p>&nbsp;<\/p>\n<p style=\"text-align: center;\"><span style=\"text-decoration: underline;\"><strong>PARTENARIAT\u00a0 entre les\u00a0 Cadets\u00a0 de la s\u00e9curit\u00e9\u00a0 civile du\u00a0 Coll\u00e8ge de Tr\u00e9faven de Lorient<\/strong><\/span><\/p>\n<p style=\"text-align: center;\"><span style=\"text-decoration: underline;\"><strong>Et le Comit\u00e9 du\u00a0 Pays de Lorient de la SMLH.<\/strong><\/span><\/p>\n<p style=\"text-align: justify;\">\u00a0 Depuis plusieurs ann\u00e9es , nous intervenons aupr\u00e8s des\u00a0 Cadets\u00a0 pour\u00a0 pr\u00e9senter\u00a0 l\u2019organisation des c\u00e9r\u00e9monies patriotiques aux quelles ils participent par\u00a0 Pierre G\u00e9min et aussi\u00a0 des notions d\u2019 \u00e9mulation civique\u00a0\u00a0 ( communes, d\u00e9partements , \u00a0r\u00e9gions )\u00a0 par\u00a0 moi-m\u00eame .<\/p>\n<p style=\"text-align: justify;\">De plus, il y a 2 ann\u00e9es, dans le cadre\u00a0 de l\u2019 Honneur\u00a0 en Action\u00a0 de la SM LH, qui concerne\u00a0 des projets pr\u00e9sent\u00e9s par\u00a0 un membre\u00a0 de la SMLH\u00a0 au profit de la soci\u00e9t\u00e9\u00a0\u00a0 civile, nous \u00a0 avons propos\u00e9 un\u00a0 projet pour formaliser\u00a0 et officialiser\u00a0 notre lien.<\/p>\n<p style=\"text-align: justify;\">Ce projet\u00a0 a \u00e9t\u00e9 prim\u00e9\u00a0 au\u00a0 national , l\u2019un des\u00a0 12 projets\u00a0 laur\u00e9ats 2022, et\u00a0 le coll\u00e8ge a re\u00e7u\u00a0 \u00a0un ch\u00e8que\u00a0\u00a0 pour\u00a0 participer notamment au\u00a0 d\u00e9placement du 6 juin 2023 \u00e0\u00a0 Ouistreham\u00a0 ;\u00a0 Pierre\u00a0 G\u00e9min\u00a0 et moi -m\u00eame\u00a0 y\u00a0 avons particip\u00e9. Un compte -rendu pr\u00e9sent\u00e9 par les cadets, en ce lieu, s&rsquo;est tenu il y a un an.<\/p>\n<p style=\"text-align: justify;\">Cette ann\u00e9e, la SMLH\u00a0 a d\u00e9cid\u00e9 de\u00a0 faire son congr\u00e8s\u00a0 national \u00e0\u00a0 Brest avec la participations des sections m\u00e9tropolitaines, ultramarines et de l\u2019\u00e9tranger.<\/p>\n<p style=\"text-align: justify;\">Il a \u00e9t\u00e9 propos\u00e9\u00a0 de mettre en place\u00a0 un parcours de la\u00a0 Nation en souvenir de la Lib\u00e9ration de la Bretagne. A la fin de la 2\u00e8me\u00a0 guerre mondiale les villes de\u00a0 St Malo, Brest, de Lorient et de Saint Nazaire ont \u00e9t\u00e9 successivement lib\u00e9r\u00e9es et toutes les 4 ont \u00e9t\u00e9 d\u00e9cor\u00e9es de la\u00a0 L\u00e9gion d\u2019Honneur.<\/p>\n<p style=\"text-align: justify;\">Il a \u00e9t\u00e9 propos\u00e9\u00a0 \u00e0 chacune des\u00a0 sections\u00a0 concern\u00e9es\u00a0 par ces villes d\u2019inviter un groupe\u00a0 de\u00a0 jeunes encadr\u00e9 par leurs enseignants\u00a0 de participer\u00a0 au parcours de la Flamme de la\u00a0 nation du 25 juin 2024.<\/p>\n<p style=\"text-align: justify;\">Concernant \u00a0\u00a0La ville de Lorient, il m\u2019a \u00e9t\u00e9 demand\u00e9 de trouver un groupe de jeunes ; imm\u00e9diatement, j\u2019ai pens\u00e9 aux Cadets car nous les connaissions bien et les avions d\u00e9j\u00e0 accompagn\u00e9\u00a0 en Normandie, l\u2019ann\u00e9e derni\u00e8re. Aussi, j\u2019ai\u00a0 propos\u00e9 cette action \u00e0 M. Meynier qui a accept\u00e9.<\/p>\n<p style=\"text-align: justify;\">Ainsi\u00a0 19 cadets\u00a0 se sont\u00a0 retrouv\u00e9s mardi\u00a0 dernier \u00e0 Brest avec 3 autre groupes de jeunes.<\/p>\n<p style=\"text-align: justify;\">Ce parcours\u00a0 avait \u00e9t\u00e9 pr\u00e9par\u00e9 avec l\u2019 \u00e9quipe p\u00e9dagogique.<\/p>\n<p style=\"text-align: justify;\">Ainsi les jeunes cadets ont d\u00e9couvert\u00a0 Brest durant le parcours.\u00a0 Ils ont port\u00e9 la\u00a0 Flamme durant, une\u00a0 des \u00e9tapes\u00a0 et ont\u00a0 pr\u00e9sent\u00e9 alors aux autres participants\u00a0 Lorient, Ville \u00a0d\u00e9truite, reconstruite\u00a0 et d\u00e9cor\u00e9e.<\/p>\n<p style=\"text-align: justify;\">Puis, ils ont assist\u00e9 \u00e0 la\u00a0\u00a0 c\u00e9r\u00e9monie\u00a0 officielle\u00a0 en pr\u00e9sence des autorit\u00e9s civiles et militaires et de nombreux drapeaux .\u00a0 La\u00a0 Flamme a \u00e9t\u00e9 remise \u00e0\u00a0 \u2019Amiral\u00a0 Coldefy, pr\u00e9sident de la SMLH. Ensuite,\u00a0 ont suivi\u00a0 l\u2019hommage\u00a0 aux vivants, hommage aux morts et d\u00e9p\u00f4ts de gerbes\u00a0 par les autorit\u00e9s\u00a0 ; chacune d\u2019elles\u00a0 \u00e9tait\u00a0 accompagn\u00e9e\u00a0 par 2 jeunes dont 2 Cadets.<\/p>\n<p style=\"text-align: justify;\">Les Cadets ont \u00e9t\u00e9 h\u00e9berg\u00e9\u00a0 au Centre d\u2019 Instruction\u00a0 Naval\u00a0 et le lendemain, ils ont visit\u00e9 La Base Navale et le\u00a0 Mus\u00e9e de la Marine.<\/p>\n<p style=\"text-align: justify;\">Pour\u00a0 leur\u00a0 prestation et\u00a0 leur tenue\u00a0 durant toute\u00a0 cette action , notre pr\u00e9sident d\u00e9partemental ,\u00a0 Philippe Pr\u00e9vost\u00a0 et les membres de notre section pr\u00e9sents ce jour \u00e0\u00a0 Brest ont adress\u00e9 toutes leurs f\u00e9licitations\u00a0 aux Cadets . Ils ont\u00a0 bien repr\u00e9sent\u00e9\u00a0 la\u00a0 Ville de Lorient.<\/p>\n<p style=\"text-align: justify;\">Remerciements \u00e0\u00a0 toute l\u2019 \u00e9quipe\u00a0 p\u00e9dagogique\u00a0 pour\u00a0 la pr\u00e9paration et l\u2019accompagnement\u00a0 des Cadets .<\/p>\n<p style=\"text-align: justify;\">Les Cadets\u00a0 ont d\u00e9j\u00e0 re\u00e7u \u00e0 Brest\u00a0 une m\u00e9daille\u00a0 de l\u2019association des marins\u00a0 et\u00a0 maintenant, nous allons remettre\u00a0 \u00e0\u00a0 chaque participant\u00a0 un dipl\u00f4me\u00a0 rappelant leur participation \u00e0 ce parcours .<\/p>\n<p>&nbsp;<\/p>\n<p style=\"text-align: justify;\">Et, aussi\u00a0 nous\u00a0 remettrons 2\u00a0 livres pour l\u2019ensemble\u00a0 des Cadets\u00a0 concernant la 2 \u00e8me guerre mondiale, l\u2019un sur le d\u00e9barquement et l\u2019autre\u00a0 sur les barraques d\u2019apr\u00e8s-guerre.<\/p>\n<p style=\"text-align: justify;\">Nous c\u00e9l\u00e9brons, le 10 mai 2025,\u00a0 la lib\u00e9ration de la poche de Lorient et plusieurs manifestations\u00a0 se pr\u00e9parent, d\u00e9j\u00e0 .<\/p>\n<p style=\"text-align: justify;\">Bravo encore pour votre participation.<\/p>\n<p style=\"text-align: justify;\">Ont particip\u00e9 \u00e0 cette r\u00e9union de fin d\u2019ann\u00e9e\u00a0 au\u00a0 coll\u00e8ge, plusieurs membres de notre bureau Pierre G\u00e9min,\u00a0 Guy de Fombelle, Alain\u00a0 Houlou\u00a0 et\u00a0 moi.<\/p>\n<p>C.V\u00a0 (H)\u00a0 Guy SINEL<\/p>\n<p>Pr\u00e9sident du comit\u00e9 du pays de Lorient<\/p>\n","protected":false},"excerpt":{"rendered":"<p>\u00a0 &nbsp; Tr\u00e9faven \u00e0\u00a0 Lorient\u00a0 , le 28\u00a0 juin 2024 \u00a0 \u00a0Les Cadets ont particip\u00e9 au parcours de la\u00a0 Flamme\u00a0 de la\u00a0 Nation \u00e0 Brest\u00a0&#8230;<\/p>\n","protected":false},"author":329,"featured_media":9712,"comment_status":"closed","ping_status":"open","sticky":false,"template":"","format":"standard","meta":{"footnotes":""},"categories":[355,496,343],"tags":[605],"class_list":["post-9706","post","type-post","status-publish","format-standard","has-post-thumbnail","hentry","category-actualites-comite-de-lorient","category-ceremonies-comite-de-lorient","category-comite-de-lorient","tag-comite-smlh-du-pays-de-lorient","wpcat-355-id","wpcat-496-id","wpcat-343-id"],"_links":{"self":[{"href":"http:\/\/www.semlh-morbihan.fr\/wordpress\/wp-json\/wp\/v2\/posts\/9706","targetHints":{"allow":["GET"]}}],"collection":[{"href":"http:\/\/www.semlh-morbihan.fr\/wordpress\/wp-json\/wp\/v2\/posts"}],"about":[{"href":"http:\/\/www.semlh-morbihan.fr\/wordpress\/wp-json\/wp\/v2\/types\/post"}],"author":[{"embeddable":true,"href":"http:\/\/www.semlh-morbihan.fr\/wordpress\/wp-json\/wp\/v2\/users\/329"}],"replies":[{"embeddable":true,"href":"http:\/\/www.semlh-morbihan.fr\/wordpress\/wp-json\/wp\/v2\/comments?post=9706"}],"version-history":[{"count":7,"href":"http:\/\/www.semlh-morbihan.fr\/wordpress\/wp-json\/wp\/v2\/posts\/9706\/revisions"}],"predecessor-version":[{"id":9715,"href":"http:\/\/www.semlh-morbihan.fr\/wordpress\/wp-json\/wp\/v2\/posts\/9706\/revisions\/9715"}],"wp:featuredmedia":[{"embeddable":true,"href":"http:\/\/www.semlh-morbihan.fr\/wordpress\/wp-json\/wp\/v2\/media\/9712"}],"wp:attachment":[{"href":"http:\/\/www.semlh-morbihan.fr\/wordpress\/wp-json\/wp\/v2\/media?parent=9706"}],"wp:term":[{"taxonomy":"category","embeddable":true,"href":"http:\/\/www.semlh-morbihan.fr\/wordpress\/wp-json\/wp\/v2\/categories?post=9706"},{"taxonomy":"post_tag","embeddable":true,"href":"http:\/\/www.semlh-morbihan.fr\/wordpress\/wp-json\/wp\/v2\/tags?post=9706"}],"curies":[{"name":"wp","href":"https:\/\/api.w.org\/{rel}","templated":true}]}}