{"id":9733,"date":"2024-07-26T18:28:07","date_gmt":"2024-07-26T16:28:07","guid":{"rendered":"http:\/\/www.semlh-morbihan.fr\/wordpress\/?p=9733"},"modified":"2024-08-26T18:30:51","modified_gmt":"2024-08-26T16:30:51","slug":"ceremonie-au-fort-de-penthievre-le-13-juillet-2024","status":"publish","type":"post","link":"http:\/\/www.semlh-morbihan.fr\/wordpress\/2024\/07\/26\/ceremonie-au-fort-de-penthievre-le-13-juillet-2024\/","title":{"rendered":"C\u00e9r\u00e9monie au fort de Penthi\u00e8vre le 13 juillet 2024"},"content":{"rendered":"<p><img loading=\"lazy\" decoding=\"async\" class=\"aligncenter size-medium wp-image-9735\" src=\"http:\/\/www.semlh-morbihan.fr\/wordpress\/wp-content\/uploads\/2024\/08\/IMG_1044-600x400.jpg\" alt=\"\" width=\"600\" height=\"400\" srcset=\"http:\/\/www.semlh-morbihan.fr\/wordpress\/wp-content\/uploads\/2024\/08\/IMG_1044-600x400.jpg 600w, http:\/\/www.semlh-morbihan.fr\/wordpress\/wp-content\/uploads\/2024\/08\/IMG_1044-768x512.jpg 768w, http:\/\/www.semlh-morbihan.fr\/wordpress\/wp-content\/uploads\/2024\/08\/IMG_1044.jpg 800w\" sizes=\"auto, (max-width: 600px) 100vw, 600px\" \/> <img loading=\"lazy\" decoding=\"async\" class=\"aligncenter size-medium wp-image-9736\" src=\"http:\/\/www.semlh-morbihan.fr\/wordpress\/wp-content\/uploads\/2024\/08\/IMG_1059-600x400.jpg\" alt=\"\" width=\"600\" height=\"400\" srcset=\"http:\/\/www.semlh-morbihan.fr\/wordpress\/wp-content\/uploads\/2024\/08\/IMG_1059-600x400.jpg 600w, http:\/\/www.semlh-morbihan.fr\/wordpress\/wp-content\/uploads\/2024\/08\/IMG_1059-768x512.jpg 768w, http:\/\/www.semlh-morbihan.fr\/wordpress\/wp-content\/uploads\/2024\/08\/IMG_1059.jpg 800w\" sizes=\"auto, (max-width: 600px) 100vw, 600px\" \/> <img loading=\"lazy\" decoding=\"async\" class=\"aligncenter size-medium wp-image-9737\" src=\"http:\/\/www.semlh-morbihan.fr\/wordpress\/wp-content\/uploads\/2024\/08\/IMG_5306-600x400.jpg\" alt=\"\" width=\"600\" height=\"400\" srcset=\"http:\/\/www.semlh-morbihan.fr\/wordpress\/wp-content\/uploads\/2024\/08\/IMG_5306-600x400.jpg 600w, http:\/\/www.semlh-morbihan.fr\/wordpress\/wp-content\/uploads\/2024\/08\/IMG_5306-768x512.jpg 768w, http:\/\/www.semlh-morbihan.fr\/wordpress\/wp-content\/uploads\/2024\/08\/IMG_5306.jpg 800w\" sizes=\"auto, (max-width: 600px) 100vw, 600px\" \/> <img loading=\"lazy\" decoding=\"async\" class=\"aligncenter size-medium wp-image-9738\" src=\"http:\/\/www.semlh-morbihan.fr\/wordpress\/wp-content\/uploads\/2024\/08\/IMG_5282-600x400.jpg\" alt=\"\" width=\"600\" height=\"400\" srcset=\"http:\/\/www.semlh-morbihan.fr\/wordpress\/wp-content\/uploads\/2024\/08\/IMG_5282-600x400.jpg 600w, http:\/\/www.semlh-morbihan.fr\/wordpress\/wp-content\/uploads\/2024\/08\/IMG_5282-768x512.jpg 768w, http:\/\/www.semlh-morbihan.fr\/wordpress\/wp-content\/uploads\/2024\/08\/IMG_5282.jpg 800w\" sizes=\"auto, (max-width: 600px) 100vw, 600px\" \/>Autour du Pr\u00e9fet Pascal Bolot, les maires de Saint-Pierre Quiberon, St\u00e9phanie Doyen, et de Locmin\u00e9, Gr\u00e9goire Super, ainsi que des d\u00e9put\u00e9s et s\u00e9nateurs du d\u00e9partement et les maires des autres communes d&rsquo;origine des fusill\u00e9s du Fort de Penthi\u00e8vre.<\/p>\n<p>Outre Mich\u00e8le Th\u00e9ry et le G\u00e9n\u00e9ral Levaillant vice-pr\u00e9sidents du Comit\u00e9 du Pays d&rsquo;Auray et son porte-drapeau, Jacques Joly et Pascal Lecomte\u00a0 \u00e9taient \u00e9galement pr\u00e9sents.<\/p>\n<p>Pascal Lecomte<\/p>\n","protected":false},"excerpt":{"rendered":"<p>Autour du Pr\u00e9fet Pascal Bolot, les maires de Saint-Pierre Quiberon, St\u00e9phanie Doyen, et de Locmin\u00e9, Gr\u00e9goire Super, ainsi que des d\u00e9put\u00e9s et s\u00e9nateurs du d\u00e9partement&#8230;<\/p>\n","protected":false},"author":329,"featured_media":9735,"comment_status":"closed","ping_status":"open","sticky":false,"template":"","format":"standard","meta":{"footnotes":""},"categories":[495,342],"tags":[627],"class_list":["post-9733","post","type-post","status-publish","format-standard","has-post-thumbnail","hentry","category-ceremonies-comite-du-pays-dauray","category-comite-du-pays-dauray","tag-comite-du-pays-dauray","wpcat-495-id","wpcat-342-id"],"_links":{"self":[{"href":"http:\/\/www.semlh-morbihan.fr\/wordpress\/wp-json\/wp\/v2\/posts\/9733","targetHints":{"allow":["GET"]}}],"collection":[{"href":"http:\/\/www.semlh-morbihan.fr\/wordpress\/wp-json\/wp\/v2\/posts"}],"about":[{"href":"http:\/\/www.semlh-morbihan.fr\/wordpress\/wp-json\/wp\/v2\/types\/post"}],"author":[{"embeddable":true,"href":"http:\/\/www.semlh-morbihan.fr\/wordpress\/wp-json\/wp\/v2\/users\/329"}],"replies":[{"embeddable":true,"href":"http:\/\/www.semlh-morbihan.fr\/wordpress\/wp-json\/wp\/v2\/comments?post=9733"}],"version-history":[{"count":2,"href":"http:\/\/www.semlh-morbihan.fr\/wordpress\/wp-json\/wp\/v2\/posts\/9733\/revisions"}],"predecessor-version":[{"id":9739,"href":"http:\/\/www.semlh-morbihan.fr\/wordpress\/wp-json\/wp\/v2\/posts\/9733\/revisions\/9739"}],"wp:featuredmedia":[{"embeddable":true,"href":"http:\/\/www.semlh-morbihan.fr\/wordpress\/wp-json\/wp\/v2\/media\/9735"}],"wp:attachment":[{"href":"http:\/\/www.semlh-morbihan.fr\/wordpress\/wp-json\/wp\/v2\/media?parent=9733"}],"wp:term":[{"taxonomy":"category","embeddable":true,"href":"http:\/\/www.semlh-morbihan.fr\/wordpress\/wp-json\/wp\/v2\/categories?post=9733"},{"taxonomy":"post_tag","embeddable":true,"href":"http:\/\/www.semlh-morbihan.fr\/wordpress\/wp-json\/wp\/v2\/tags?post=9733"}],"curies":[{"name":"wp","href":"https:\/\/api.w.org\/{rel}","templated":true}]}}