{"id":9740,"date":"2024-08-15T19:28:30","date_gmt":"2024-08-15T17:28:30","guid":{"rendered":"http:\/\/www.semlh-morbihan.fr\/wordpress\/?p=9740"},"modified":"2024-08-28T19:31:01","modified_gmt":"2024-08-28T17:31:01","slug":"ceremonie-a-vannes-du-80eme-anniversaire-de-la-liberation","status":"publish","type":"post","link":"http:\/\/www.semlh-morbihan.fr\/wordpress\/2024\/08\/15\/ceremonie-a-vannes-du-80eme-anniversaire-de-la-liberation\/","title":{"rendered":"C\u00e9r\u00e9monie \u00e0 Vannes du 80\u00e8me anniversaire de la lib\u00e9ration"},"content":{"rendered":"<p style=\"text-align: center;\"><span style=\"text-decoration: underline;\"><strong>Anniversaire de la lib\u00e9ration de la ville de Vannes<\/strong><\/span><\/p>\n<p>Ce dimanche 4 ao\u00fbt 2024, diff\u00e9rentes c\u00e9r\u00e9monies ont marqu\u00e9 le 80 \u00e8me anniversaire de la Lib\u00e9ration de la ville de Vannes.<\/p>\n<p>Sous organisation de la Mairie de Vannes, en pr\u00e9sence de M. le Pr\u00e9fet, et des diff\u00e9rentes associations patriotiques,<\/p>\n<ul style=\"list-style-type: circle;\">\n<li>&#8211; une plaque a \u00e9t\u00e9 appos\u00e9e dans la galerie du magasin Carrefour, au Fourch\u00eane, \u00e0 l&#8217;emplacement m\u00eame des combats qui ont permis la Lib\u00e9ration de la ville.<\/li>\n<li>&#8211; une Borne de la Libert\u00e9 a \u00e9t\u00e9 appos\u00e9e Place de la Lib\u00e9ration, avec un d\u00e9p\u00f4t de gerbe, en pr\u00e9sence de la famille du G\u00e9n\u00e9ral am\u00e9ricain Wood.<\/li>\n<li>Une Messe \u00e0 la Cath\u00e9drale, c\u00e9l\u00e9br\u00e9e par le P\u00e8re Marivin cl\u00f4turait ces c\u00e9r\u00e9monies.<\/li>\n<\/ul>\n<p>Notre Section \u00e9tait repr\u00e9sent\u00e9e par son Pr\u00e9sident, et par Mmes Beaugrand et Lesconnec, ainsi que par MM. Mergel, Joly et Tessier, notre fid\u00e8le porte-Drapeau.<\/p>\n<p>&nbsp;<\/p>\n<p>Philippe Pr\u00e9vost<\/p>\n<p>&nbsp;<\/p>\n<p><img loading=\"lazy\" decoding=\"async\" class=\"aligncenter size-full wp-image-9742\" src=\"http:\/\/www.semlh-morbihan.fr\/wordpress\/wp-content\/uploads\/2024\/08\/IMG_6328.jpg\" alt=\"\" width=\"492\" height=\"600\" \/> <img loading=\"lazy\" decoding=\"async\" class=\"aligncenter size-medium wp-image-9743\" src=\"http:\/\/www.semlh-morbihan.fr\/wordpress\/wp-content\/uploads\/2024\/08\/IMG_6360-600x490.jpg\" alt=\"\" width=\"600\" height=\"490\" srcset=\"http:\/\/www.semlh-morbihan.fr\/wordpress\/wp-content\/uploads\/2024\/08\/IMG_6360-600x490.jpg 600w, http:\/\/www.semlh-morbihan.fr\/wordpress\/wp-content\/uploads\/2024\/08\/IMG_6360.jpg 735w\" sizes=\"auto, (max-width: 600px) 100vw, 600px\" \/> <img loading=\"lazy\" decoding=\"async\" class=\"aligncenter size-medium wp-image-9744\" src=\"http:\/\/www.semlh-morbihan.fr\/wordpress\/wp-content\/uploads\/2024\/08\/IMG_6365-600x410.jpg\" alt=\"\" width=\"600\" height=\"410\" srcset=\"http:\/\/www.semlh-morbihan.fr\/wordpress\/wp-content\/uploads\/2024\/08\/IMG_6365-600x410.jpg 600w, http:\/\/www.semlh-morbihan.fr\/wordpress\/wp-content\/uploads\/2024\/08\/IMG_6365-768x525.jpg 768w, http:\/\/www.semlh-morbihan.fr\/wordpress\/wp-content\/uploads\/2024\/08\/IMG_6365.jpg 800w\" sizes=\"auto, (max-width: 600px) 100vw, 600px\" \/> <img loading=\"lazy\" decoding=\"async\" class=\"aligncenter size-medium wp-image-9745\" src=\"http:\/\/www.semlh-morbihan.fr\/wordpress\/wp-content\/uploads\/2024\/08\/IMG_6100-600x411.jpg\" alt=\"\" width=\"600\" height=\"411\" srcset=\"http:\/\/www.semlh-morbihan.fr\/wordpress\/wp-content\/uploads\/2024\/08\/IMG_6100-600x411.jpg 600w, http:\/\/www.semlh-morbihan.fr\/wordpress\/wp-content\/uploads\/2024\/08\/IMG_6100-768x526.jpg 768w, http:\/\/www.semlh-morbihan.fr\/wordpress\/wp-content\/uploads\/2024\/08\/IMG_6100.jpg 800w\" sizes=\"auto, (max-width: 600px) 100vw, 600px\" \/><\/p>\n","protected":false},"excerpt":{"rendered":"<p>Anniversaire de la lib\u00e9ration de la ville de Vannes Ce dimanche 4 ao\u00fbt 2024, diff\u00e9rentes c\u00e9r\u00e9monies ont marqu\u00e9 le 80 \u00e8me anniversaire de la Lib\u00e9ration&#8230;<\/p>\n","protected":false},"author":329,"featured_media":9743,"comment_status":"closed","ping_status":"open","sticky":false,"template":"","format":"standard","meta":{"footnotes":""},"categories":[417,337],"tags":[607],"class_list":["post-9740","post","type-post","status-publish","format-standard","has-post-thumbnail","hentry","category-ceremonies-patriotiques","category-la-section","tag-section-smlh-du-morbihan","wpcat-417-id","wpcat-337-id"],"_links":{"self":[{"href":"http:\/\/www.semlh-morbihan.fr\/wordpress\/wp-json\/wp\/v2\/posts\/9740","targetHints":{"allow":["GET"]}}],"collection":[{"href":"http:\/\/www.semlh-morbihan.fr\/wordpress\/wp-json\/wp\/v2\/posts"}],"about":[{"href":"http:\/\/www.semlh-morbihan.fr\/wordpress\/wp-json\/wp\/v2\/types\/post"}],"author":[{"embeddable":true,"href":"http:\/\/www.semlh-morbihan.fr\/wordpress\/wp-json\/wp\/v2\/users\/329"}],"replies":[{"embeddable":true,"href":"http:\/\/www.semlh-morbihan.fr\/wordpress\/wp-json\/wp\/v2\/comments?post=9740"}],"version-history":[{"count":2,"href":"http:\/\/www.semlh-morbihan.fr\/wordpress\/wp-json\/wp\/v2\/posts\/9740\/revisions"}],"predecessor-version":[{"id":9746,"href":"http:\/\/www.semlh-morbihan.fr\/wordpress\/wp-json\/wp\/v2\/posts\/9740\/revisions\/9746"}],"wp:featuredmedia":[{"embeddable":true,"href":"http:\/\/www.semlh-morbihan.fr\/wordpress\/wp-json\/wp\/v2\/media\/9743"}],"wp:attachment":[{"href":"http:\/\/www.semlh-morbihan.fr\/wordpress\/wp-json\/wp\/v2\/media?parent=9740"}],"wp:term":[{"taxonomy":"category","embeddable":true,"href":"http:\/\/www.semlh-morbihan.fr\/wordpress\/wp-json\/wp\/v2\/categories?post=9740"},{"taxonomy":"post_tag","embeddable":true,"href":"http:\/\/www.semlh-morbihan.fr\/wordpress\/wp-json\/wp\/v2\/tags?post=9740"}],"curies":[{"name":"wp","href":"https:\/\/api.w.org\/{rel}","templated":true}]}}