{"id":9747,"date":"2024-09-19T19:00:54","date_gmt":"2024-09-19T17:00:54","guid":{"rendered":"http:\/\/www.semlh-morbihan.fr\/wordpress\/?p=9747"},"modified":"2024-09-19T19:31:56","modified_gmt":"2024-09-19T17:31:56","slug":"anniversaire-des-108-ans-de-pierre-villars-a-vannes","status":"publish","type":"post","link":"http:\/\/www.semlh-morbihan.fr\/wordpress\/2024\/09\/19\/anniversaire-des-108-ans-de-pierre-villars-a-vannes\/","title":{"rendered":"D\u00e9c\u00e8s de M. Pierre Villars : obs\u00e8ques le mardi 24 septembre \u00e0 14h30 en l&rsquo;\u00e9glise ND de Lourdes \u00e0 Vannes."},"content":{"rendered":"<p>Nous apprenons le d\u00e9c\u00e8s de notre doyen, Piere Vilars dans sa 109\u00e8me ann\u00e9e. Ses obs\u00e8ques seront c\u00e9l\u00e9br\u00e9e<span style=\"text-decoration: underline;\"><strong> le mardi 24 septembre \u00e0 14h30 en l&rsquo;\u00e9glise ND de Lourdes \u00e0 Vannes.<\/strong><\/span><\/p>\n<p>Pour ceux qui le voudraient, M. Vialrs repose sur le site fun\u00e9raire de Roc-Eclerc \u00e0 Vannes.<\/p>\n<p>&nbsp;<\/p>\n<p style=\"text-align: center;\"><span style=\"text-decoration: underline;\"><span style=\"font-family: 'arial black', sans-serif; font-size: 14pt;\"><strong>Quelques photos prises lors de son 108\u00e8me anniversaire<\/strong><\/span><\/span><\/p>\n<p style=\"text-align: center;\"><span style=\"color: #ff00ff;\"><strong>Article de Ouest-France du 8 ao\u00fbt 2024<\/strong><\/span><\/p>\n<p>&nbsp;<\/p>\n<p><img loading=\"lazy\" decoding=\"async\" class=\"size-medium wp-image-9748 aligncenter\" src=\"http:\/\/www.semlh-morbihan.fr\/wordpress\/wp-content\/uploads\/2024\/08\/pierre-Vilars-600x439.jpg\" alt=\"\" width=\"600\" height=\"439\" srcset=\"http:\/\/www.semlh-morbihan.fr\/wordpress\/wp-content\/uploads\/2024\/08\/pierre-Vilars-600x439.jpg 600w, http:\/\/www.semlh-morbihan.fr\/wordpress\/wp-content\/uploads\/2024\/08\/pierre-Vilars-768x563.jpg 768w, http:\/\/www.semlh-morbihan.fr\/wordpress\/wp-content\/uploads\/2024\/08\/pierre-Vilars.jpg 957w\" sizes=\"auto, (max-width: 600px) 100vw, 600px\" \/><\/p>\n<p>&nbsp;<\/p>\n<h1>PORTRAIT. Il est le 4e homme le plus \u00e2g\u00e9 de France\u00a0: Pierre Vilars a f\u00eat\u00e9 ses 108\u00a0ans \u00e0 Vannes<\/h1>\n<p style=\"text-align: justify;\">Pierre Vilars, ing\u00e9nieur de formation, a notamment dirig\u00e9 l\u2019usine Bic Marine, fabricant de planches \u00e0 voile \u00e0 Vannes. Il s\u2019est aussi distingu\u00e9 en tant qu\u2019officier pendant la Seconde Guerre mondiale. Son secret\u00a0? \u00ab\u00a0La bonne ch\u00e8re, le bon vin, jamais de sport sauf l\u2019\u00e9quitation, une volont\u00e9 de fer et un tr\u00e8s fort caract\u00e8re\u00a0\u00bb, d\u2019apr\u00e8s son fils.<\/p>\n<p style=\"text-align: justify;\">La r\u00e9sidence pour personnes \u00e2g\u00e9es Les jardins d\u2019Arcadie, \u00e0\u00a0<a href=\"https:\/\/www.ouest-france.fr\/bretagne\/vannes-56000\/\" target=\"_self\" rel=\"noopener\">Vannes<\/a>\u00a0(<a href=\"https:\/\/www.ouest-france.fr\/bretagne\/morbihan\/\" target=\"_self\" rel=\"noopener\">Morbihan<\/a>), \u00e9tait en f\u00eate, ce mardi 6\u00a0ao\u00fbt 2024, \u00e0 l\u2019occasion de l\u2019anniversaire du plus \u00e2g\u00e9 de ses pensionnaires, Pierre Vilars, qui venait d\u2019avoir ses 108\u00a0ans. N\u00e9 dans une famille d\u2019industriels rouennais \u00e0 Mont-Saint-Aignan (Seine-Maritime), il a \u00e9pous\u00e9 Jacqueline Boucher, le 27\u00a0juin 1945, cette derni\u00e8re \u00e9tant d\u00e9c\u00e9d\u00e9e il y a seize ans. Le couple a eu cinq enfants, Marie-Odile, J\u00e9r\u00f4me, Marie-Brigitte, Antoine (maire actuel de la commune de Drobec dans le Calvados) et Fran\u00e7ois.<\/p>\n<p style=\"text-align: justify;\">Ing\u00e9nieur de formation, (il dirigera ult\u00e9rieurement l\u2019usine Bic Marine, fabricant de planches \u00e0 voile \u00e0 Vannes), Pierre Vilars s\u2019est distingu\u00e9 en tant qu\u2019officier pendant la Seconde Guerre mondiale. Affect\u00e9 dans un r\u00e9giment d\u2019artillerie coloniale \u00e0 Lorient, il gagne d\u2019abord la Belgique avec son cheval Espoir, puis, envoy\u00e9 en mission dans le sud de la France, il revient \u00e0 Lorient en conduisant lui-m\u00eame une locomotive faute de machiniste. Participant \u00e0 la d\u00e9fense de Lorient au cours de laquelle il est bless\u00e9, il est fait prisonnier, est intern\u00e9 en Allemagne avant de b\u00e9n\u00e9ficier d\u2019une lib\u00e9ration, ce qui lui permet de rejoindre l\u2019Afrique.<\/p>\n<h2 id=\"section-4-jamais-de-sport-sauf-lequitation\">\u00ab\u00a0Jamais de sport sauf l\u2019\u00e9quitation\u00a0\u00bb<\/h2>\n<p style=\"text-align: justify;\">Sous les ordres du g\u00e9n\u00e9ral de Lattre de Tassigny, commandant la 1<sup>re<\/sup>\u00a0arm\u00e9e, il participe \u00e0 la lib\u00e9ration de l\u2019\u00eele d\u2019Elbe, d\u00e9barque en Provence et continue jusqu\u2019en Allemagne \u00e0 la fin de la guerre. Ses glorieux faits d\u2019armes lui ont valu de se voir d\u00e9cerner la croix de Guerre 39-45 et la m\u00e9daille de chevalier de la L\u00e9gion d\u2019honneur qui lui a \u00e9t\u00e9 remise tardivement par le g\u00e9n\u00e9ral Philippe Pr\u00e9vost.<\/p>\n<p style=\"text-align: justify;\">Ce dernier \u00e9tait pr\u00e9sent pour l\u2019anniversaire de Pierre Vilars, de m\u00eame que Pascal Bolot, pr\u00e9fet du Morbihan, Anne Le\u00a0H\u00e9nanff, d\u00e9put\u00e9e, Fabien Le Guernev\u00e9, maire adjoint de Vannes, et Anne Geslin, directrice de l\u2019Office national des anciens combattants et victimes de guerre (ONACVG).<\/p>\n<p style=\"text-align: justify;\">C\u2019est son fils, Antoine, et sa fille, Marie-Gabrielle, qui se sont charg\u00e9s de souffler pour lui ses 108\u00a0bougies, faisant de lui le quatri\u00e8me homme le plus \u00e2g\u00e9 de France.\u00a0<q>\u00a0Le secret de sa long\u00e9vit\u00e9\u00a0: la bonne ch\u00e8re, le bon vin, jamais de sport sauf l\u2019\u00e9quitation, une volont\u00e9 de fer et un tr\u00e8s fort caract\u00e8re\u00a0<\/q>, conclut son fils, Antoine.<\/p>\n<p><span style=\"color: #ff00ff;\"><em>cr\u00e9dit Ouest-France du 8 ao\u00fbt, \u00e9dition de Vannes<\/em><\/span><\/p>\n<p>&nbsp;<\/p>\n<p><img loading=\"lazy\" decoding=\"async\" class=\"size-medium wp-image-9755 alignleft\" src=\"http:\/\/www.semlh-morbihan.fr\/wordpress\/wp-content\/uploads\/2024\/08\/IMG-20240806-WA0000-450x600.jpg\" alt=\"\" width=\"450\" height=\"600\" srcset=\"http:\/\/www.semlh-morbihan.fr\/wordpress\/wp-content\/uploads\/2024\/08\/IMG-20240806-WA0000-450x600.jpg 450w, http:\/\/www.semlh-morbihan.fr\/wordpress\/wp-content\/uploads\/2024\/08\/IMG-20240806-WA0000-768x1024.jpg 768w, http:\/\/www.semlh-morbihan.fr\/wordpress\/wp-content\/uploads\/2024\/08\/IMG-20240806-WA0000-1152x1536.jpg 1152w, http:\/\/www.semlh-morbihan.fr\/wordpress\/wp-content\/uploads\/2024\/08\/IMG-20240806-WA0000-1218x1624.jpg 1218w, http:\/\/www.semlh-morbihan.fr\/wordpress\/wp-content\/uploads\/2024\/08\/IMG-20240806-WA0000.jpg 1500w\" sizes=\"auto, (max-width: 450px) 100vw, 450px\" \/> <img loading=\"lazy\" decoding=\"async\" class=\"aligncenter size-medium wp-image-9754\" src=\"http:\/\/www.semlh-morbihan.fr\/wordpress\/wp-content\/uploads\/2024\/08\/IMG-20240807-WA0001-600x420.jpg\" alt=\"\" width=\"600\" height=\"420\" \/> <img loading=\"lazy\" decoding=\"async\" class=\"size-medium wp-image-9753 alignleft\" src=\"http:\/\/www.semlh-morbihan.fr\/wordpress\/wp-content\/uploads\/2024\/08\/IMG-20240807-WA0002-600x383.jpg\" alt=\"\" width=\"600\" height=\"383\" srcset=\"http:\/\/www.semlh-morbihan.fr\/wordpress\/wp-content\/uploads\/2024\/08\/IMG-20240807-WA0002-600x383.jpg 600w, http:\/\/www.semlh-morbihan.fr\/wordpress\/wp-content\/uploads\/2024\/08\/IMG-20240807-WA0002-1024x654.jpg 1024w, http:\/\/www.semlh-morbihan.fr\/wordpress\/wp-content\/uploads\/2024\/08\/IMG-20240807-WA0002-768x491.jpg 768w, http:\/\/www.semlh-morbihan.fr\/wordpress\/wp-content\/uploads\/2024\/08\/IMG-20240807-WA0002-1536x981.jpg 1536w, http:\/\/www.semlh-morbihan.fr\/wordpress\/wp-content\/uploads\/2024\/08\/IMG-20240807-WA0002-1218x778.jpg 1218w, http:\/\/www.semlh-morbihan.fr\/wordpress\/wp-content\/uploads\/2024\/08\/IMG-20240807-WA0002.jpg 1600w\" sizes=\"auto, (max-width: 600px) 100vw, 600px\" \/> <img loading=\"lazy\" decoding=\"async\" class=\"size-medium wp-image-9752 alignleft\" src=\"http:\/\/www.semlh-morbihan.fr\/wordpress\/wp-content\/uploads\/2024\/08\/IMG-20240807-WA0003-561x600.jpg\" alt=\"\" width=\"561\" height=\"600\" srcset=\"http:\/\/www.semlh-morbihan.fr\/wordpress\/wp-content\/uploads\/2024\/08\/IMG-20240807-WA0003-561x600.jpg 561w, http:\/\/www.semlh-morbihan.fr\/wordpress\/wp-content\/uploads\/2024\/08\/IMG-20240807-WA0003-957x1024.jpg 957w, http:\/\/www.semlh-morbihan.fr\/wordpress\/wp-content\/uploads\/2024\/08\/IMG-20240807-WA0003-768x821.jpg 768w, http:\/\/www.semlh-morbihan.fr\/wordpress\/wp-content\/uploads\/2024\/08\/IMG-20240807-WA0003-1436x1536.jpg 1436w, http:\/\/www.semlh-morbihan.fr\/wordpress\/wp-content\/uploads\/2024\/08\/IMG-20240807-WA0003-1218x1303.jpg 1218w, http:\/\/www.semlh-morbihan.fr\/wordpress\/wp-content\/uploads\/2024\/08\/IMG-20240807-WA0003.jpg 1496w\" sizes=\"auto, (max-width: 561px) 100vw, 561px\" \/> <img loading=\"lazy\" decoding=\"async\" class=\"aligncenter size-medium wp-image-9751\" src=\"http:\/\/www.semlh-morbihan.fr\/wordpress\/wp-content\/uploads\/2024\/08\/IMG-20240807-WA0004-600x450.jpg\" alt=\"\" width=\"600\" height=\"450\" srcset=\"http:\/\/www.semlh-morbihan.fr\/wordpress\/wp-content\/uploads\/2024\/08\/IMG-20240807-WA0004-600x450.jpg 600w, http:\/\/www.semlh-morbihan.fr\/wordpress\/wp-content\/uploads\/2024\/08\/IMG-20240807-WA0004-1024x768.jpg 1024w, http:\/\/www.semlh-morbihan.fr\/wordpress\/wp-content\/uploads\/2024\/08\/IMG-20240807-WA0004-768x576.jpg 768w, http:\/\/www.semlh-morbihan.fr\/wordpress\/wp-content\/uploads\/2024\/08\/IMG-20240807-WA0004-1536x1152.jpg 1536w, http:\/\/www.semlh-morbihan.fr\/wordpress\/wp-content\/uploads\/2024\/08\/IMG-20240807-WA0004-1218x914.jpg 1218w, http:\/\/www.semlh-morbihan.fr\/wordpress\/wp-content\/uploads\/2024\/08\/IMG-20240807-WA0004-480x360.jpg 480w, http:\/\/www.semlh-morbihan.fr\/wordpress\/wp-content\/uploads\/2024\/08\/IMG-20240807-WA0004.jpg 1600w\" sizes=\"auto, (max-width: 600px) 100vw, 600px\" \/> <img loading=\"lazy\" decoding=\"async\" class=\"size-medium wp-image-9750 alignleft\" src=\"http:\/\/www.semlh-morbihan.fr\/wordpress\/wp-content\/uploads\/2024\/08\/IMG-20240807-WA0005-600x450.jpg\" alt=\"\" width=\"600\" height=\"450\" srcset=\"http:\/\/www.semlh-morbihan.fr\/wordpress\/wp-content\/uploads\/2024\/08\/IMG-20240807-WA0005-600x450.jpg 600w, http:\/\/www.semlh-morbihan.fr\/wordpress\/wp-content\/uploads\/2024\/08\/IMG-20240807-WA0005-1024x768.jpg 1024w, http:\/\/www.semlh-morbihan.fr\/wordpress\/wp-content\/uploads\/2024\/08\/IMG-20240807-WA0005-768x576.jpg 768w, http:\/\/www.semlh-morbihan.fr\/wordpress\/wp-content\/uploads\/2024\/08\/IMG-20240807-WA0005-1536x1152.jpg 1536w, http:\/\/www.semlh-morbihan.fr\/wordpress\/wp-content\/uploads\/2024\/08\/IMG-20240807-WA0005-1218x914.jpg 1218w, http:\/\/www.semlh-morbihan.fr\/wordpress\/wp-content\/uploads\/2024\/08\/IMG-20240807-WA0005-480x360.jpg 480w, http:\/\/www.semlh-morbihan.fr\/wordpress\/wp-content\/uploads\/2024\/08\/IMG-20240807-WA0005.jpg 1600w\" sizes=\"auto, (max-width: 600px) 100vw, 600px\" \/><\/p>\n","protected":false},"excerpt":{"rendered":"<p>Nous apprenons le d\u00e9c\u00e8s de notre doyen, Piere Vilars dans sa 109\u00e8me ann\u00e9e. Ses obs\u00e8ques seront c\u00e9l\u00e9br\u00e9e le mardi 24 septembre \u00e0 14h30 en l&rsquo;\u00e9glise&#8230;<\/p>\n","protected":false},"author":329,"featured_media":9754,"comment_status":"closed","ping_status":"open","sticky":false,"template":"","format":"standard","meta":{"footnotes":""},"categories":[384,337,351],"tags":[607],"class_list":["post-9747","post","type-post","status-publish","format-standard","has-post-thumbnail","hentry","category-actualites-la-section","category-la-section","category-manifestations-diverses","tag-section-smlh-du-morbihan","wpcat-384-id","wpcat-337-id","wpcat-351-id"],"_links":{"self":[{"href":"http:\/\/www.semlh-morbihan.fr\/wordpress\/wp-json\/wp\/v2\/posts\/9747","targetHints":{"allow":["GET"]}}],"collection":[{"href":"http:\/\/www.semlh-morbihan.fr\/wordpress\/wp-json\/wp\/v2\/posts"}],"about":[{"href":"http:\/\/www.semlh-morbihan.fr\/wordpress\/wp-json\/wp\/v2\/types\/post"}],"author":[{"embeddable":true,"href":"http:\/\/www.semlh-morbihan.fr\/wordpress\/wp-json\/wp\/v2\/users\/329"}],"replies":[{"embeddable":true,"href":"http:\/\/www.semlh-morbihan.fr\/wordpress\/wp-json\/wp\/v2\/comments?post=9747"}],"version-history":[{"count":6,"href":"http:\/\/www.semlh-morbihan.fr\/wordpress\/wp-json\/wp\/v2\/posts\/9747\/revisions"}],"predecessor-version":[{"id":9764,"href":"http:\/\/www.semlh-morbihan.fr\/wordpress\/wp-json\/wp\/v2\/posts\/9747\/revisions\/9764"}],"wp:featuredmedia":[{"embeddable":true,"href":"http:\/\/www.semlh-morbihan.fr\/wordpress\/wp-json\/wp\/v2\/media\/9754"}],"wp:attachment":[{"href":"http:\/\/www.semlh-morbihan.fr\/wordpress\/wp-json\/wp\/v2\/media?parent=9747"}],"wp:term":[{"taxonomy":"category","embeddable":true,"href":"http:\/\/www.semlh-morbihan.fr\/wordpress\/wp-json\/wp\/v2\/categories?post=9747"},{"taxonomy":"post_tag","embeddable":true,"href":"http:\/\/www.semlh-morbihan.fr\/wordpress\/wp-json\/wp\/v2\/tags?post=9747"}],"curies":[{"name":"wp","href":"https:\/\/api.w.org\/{rel}","templated":true}]}}