{"id":9778,"date":"2024-11-03T20:00:39","date_gmt":"2024-11-03T19:00:39","guid":{"rendered":"http:\/\/www.semlh-morbihan.fr\/wordpress\/?p=9778"},"modified":"2024-11-04T17:11:03","modified_gmt":"2024-11-04T16:11:03","slug":"1er-novembre-ceremonie-au-plateau-de-la-garenne-aux-cimetieres-de-boismoreau-de-calmont-ainsi-qua-lentree-du-hall-de-la-gare-de-vannes","status":"publish","type":"post","link":"http:\/\/www.semlh-morbihan.fr\/wordpress\/2024\/11\/03\/1er-novembre-ceremonie-au-plateau-de-la-garenne-aux-cimetieres-de-boismoreau-de-calmont-ainsi-qua-lentree-du-hall-de-la-gare-de-vannes\/","title":{"rendered":"1er novembre, c\u00e9r\u00e9monie au plateau de la Garenne, aux cimeti\u00e8res de Boismoreau de Calmont ainsi qu&rsquo;\u00e0 l&rsquo;entr\u00e9e du hall de la gare de Vannes"},"content":{"rendered":"<p>&nbsp;<\/p>\n<p>Le 1er novembre se tient le tour des lieux de c\u00e9l\u00e9brations qui commence par le cimeti\u00e8re de Calmont, puis le plateau de la Garenne, le cimeti\u00e8re de Boismoreau pour de terminer devant la plaque en hommage aux deux r\u00e9sistants cheminots morts en d\u00e9portation, pos\u00e9e \u00e0 l&rsquo;entr\u00e9e du hall de la gare de Vannes.<\/p>\n<p>&nbsp;<\/p>\n<p style=\"text-align: center;\"><span style=\"text-decoration: underline;\"><strong>Ci-dessous les diverses photos des c\u00e9r\u00e9monies.<\/strong><\/span><\/p>\n<figure id=\"attachment_9790\" aria-describedby=\"caption-attachment-9790\" style=\"width: 600px\" class=\"wp-caption aligncenter\"><img loading=\"lazy\" decoding=\"async\" class=\"size-medium wp-image-9790\" src=\"http:\/\/www.semlh-morbihan.fr\/wordpress\/wp-content\/uploads\/2024\/11\/WhatsApp-Image-2024-11-04-a-08.58.08_c093fe0c-600x277.jpg\" alt=\"\" width=\"600\" height=\"277\" srcset=\"http:\/\/www.semlh-morbihan.fr\/wordpress\/wp-content\/uploads\/2024\/11\/WhatsApp-Image-2024-11-04-a-08.58.08_c093fe0c-600x277.jpg 600w, http:\/\/www.semlh-morbihan.fr\/wordpress\/wp-content\/uploads\/2024\/11\/WhatsApp-Image-2024-11-04-a-08.58.08_c093fe0c-1024x473.jpg 1024w, http:\/\/www.semlh-morbihan.fr\/wordpress\/wp-content\/uploads\/2024\/11\/WhatsApp-Image-2024-11-04-a-08.58.08_c093fe0c-768x355.jpg 768w, http:\/\/www.semlh-morbihan.fr\/wordpress\/wp-content\/uploads\/2024\/11\/WhatsApp-Image-2024-11-04-a-08.58.08_c093fe0c-1536x709.jpg 1536w, http:\/\/www.semlh-morbihan.fr\/wordpress\/wp-content\/uploads\/2024\/11\/WhatsApp-Image-2024-11-04-a-08.58.08_c093fe0c-1218x563.jpg 1218w, http:\/\/www.semlh-morbihan.fr\/wordpress\/wp-content\/uploads\/2024\/11\/WhatsApp-Image-2024-11-04-a-08.58.08_c093fe0c.jpg 1600w\" sizes=\"auto, (max-width: 600px) 100vw, 600px\" \/><figcaption id=\"caption-attachment-9790\" class=\"wp-caption-text\">C\u00e9r\u00e9monie \u00e0 Calmont avec le secr\u00e9taire g\u00e9n\u00e9ral de la pr\u00e9fecture qui salue apr\u00e8s son d\u00e9p\u00f4t de gerbe<\/figcaption><\/figure>\n<p>&nbsp;<\/p>\n<p>&nbsp;<\/p>\n<figure id=\"attachment_9780\" aria-describedby=\"caption-attachment-9780\" style=\"width: 600px\" class=\"wp-caption aligncenter\"><img loading=\"lazy\" decoding=\"async\" class=\"size-medium wp-image-9780\" src=\"http:\/\/www.semlh-morbihan.fr\/wordpress\/wp-content\/uploads\/2024\/11\/WhatsApp-Image-2024-11-03-a-18.49.35_14c469b2-600x400.jpg\" alt=\"\" width=\"600\" height=\"400\" srcset=\"http:\/\/www.semlh-morbihan.fr\/wordpress\/wp-content\/uploads\/2024\/11\/WhatsApp-Image-2024-11-03-a-18.49.35_14c469b2-600x400.jpg 600w, http:\/\/www.semlh-morbihan.fr\/wordpress\/wp-content\/uploads\/2024\/11\/WhatsApp-Image-2024-11-03-a-18.49.35_14c469b2-768x512.jpg 768w, http:\/\/www.semlh-morbihan.fr\/wordpress\/wp-content\/uploads\/2024\/11\/WhatsApp-Image-2024-11-03-a-18.49.35_14c469b2.jpg 1024w\" sizes=\"auto, (max-width: 600px) 100vw, 600px\" \/><figcaption id=\"caption-attachment-9780\" class=\"wp-caption-text\">Vue des autorit\u00e9s au plateau de la Garenne ; au premier plan, M. david Robo, maire de Vannes<\/figcaption><\/figure>\n<figure id=\"attachment_9781\" aria-describedby=\"caption-attachment-9781\" style=\"width: 600px\" class=\"wp-caption aligncenter\"><img loading=\"lazy\" decoding=\"async\" class=\"size-medium wp-image-9781\" src=\"http:\/\/www.semlh-morbihan.fr\/wordpress\/wp-content\/uploads\/2024\/11\/WhatsApp-Image-2024-11-03-a-18.50.40_35d8c052-600x400.jpg\" alt=\"\" width=\"600\" height=\"400\" srcset=\"http:\/\/www.semlh-morbihan.fr\/wordpress\/wp-content\/uploads\/2024\/11\/WhatsApp-Image-2024-11-03-a-18.50.40_35d8c052-600x400.jpg 600w, http:\/\/www.semlh-morbihan.fr\/wordpress\/wp-content\/uploads\/2024\/11\/WhatsApp-Image-2024-11-03-a-18.50.40_35d8c052-768x512.jpg 768w, http:\/\/www.semlh-morbihan.fr\/wordpress\/wp-content\/uploads\/2024\/11\/WhatsApp-Image-2024-11-03-a-18.50.40_35d8c052.jpg 1024w\" sizes=\"auto, (max-width: 600px) 100vw, 600px\" \/><figcaption id=\"caption-attachment-9781\" class=\"wp-caption-text\">c\u00e9r\u00e9monie au cimeti\u00e8re de Boismoreau &#8211; au premier plan, M; pascal Lecomte, 1er vice-pr\u00e9sident de la section SMLH du Morbihan.<\/figcaption><\/figure>\n<figure id=\"attachment_9782\" aria-describedby=\"caption-attachment-9782\" style=\"width: 600px\" class=\"wp-caption aligncenter\"><img loading=\"lazy\" decoding=\"async\" class=\"size-medium wp-image-9782\" src=\"http:\/\/www.semlh-morbihan.fr\/wordpress\/wp-content\/uploads\/2024\/11\/WhatsApp-Image-2024-11-03-a-18.52.47_595efb05-600x400.jpg\" alt=\"\" width=\"600\" height=\"400\" srcset=\"http:\/\/www.semlh-morbihan.fr\/wordpress\/wp-content\/uploads\/2024\/11\/WhatsApp-Image-2024-11-03-a-18.52.47_595efb05-600x400.jpg 600w, http:\/\/www.semlh-morbihan.fr\/wordpress\/wp-content\/uploads\/2024\/11\/WhatsApp-Image-2024-11-03-a-18.52.47_595efb05-768x512.jpg 768w, http:\/\/www.semlh-morbihan.fr\/wordpress\/wp-content\/uploads\/2024\/11\/WhatsApp-Image-2024-11-03-a-18.52.47_595efb05.jpg 1024w\" sizes=\"auto, (max-width: 600px) 100vw, 600px\" \/><figcaption id=\"caption-attachment-9782\" class=\"wp-caption-text\">plateau de la Garenne<\/figcaption><\/figure>\n<figure id=\"attachment_9783\" aria-describedby=\"caption-attachment-9783\" style=\"width: 600px\" class=\"wp-caption aligncenter\"><img loading=\"lazy\" decoding=\"async\" class=\"size-medium wp-image-9783\" src=\"http:\/\/www.semlh-morbihan.fr\/wordpress\/wp-content\/uploads\/2024\/11\/WhatsApp-Image-2024-11-03-a-18.54.27_6137d617-600x400.jpg\" alt=\"\" width=\"600\" height=\"400\" srcset=\"http:\/\/www.semlh-morbihan.fr\/wordpress\/wp-content\/uploads\/2024\/11\/WhatsApp-Image-2024-11-03-a-18.54.27_6137d617-600x400.jpg 600w, http:\/\/www.semlh-morbihan.fr\/wordpress\/wp-content\/uploads\/2024\/11\/WhatsApp-Image-2024-11-03-a-18.54.27_6137d617-768x512.jpg 768w, http:\/\/www.semlh-morbihan.fr\/wordpress\/wp-content\/uploads\/2024\/11\/WhatsApp-Image-2024-11-03-a-18.54.27_6137d617.jpg 1024w\" sizes=\"auto, (max-width: 600px) 100vw, 600px\" \/><figcaption id=\"caption-attachment-9783\" class=\"wp-caption-text\">d\u00e9tail du monument aux morts \u00e0 Boismoreau &#8211; au premier plan, le porte-drapeau de la section SMLH du Morbihan, M. Roland Mergel.<\/figcaption><\/figure>\n<p><img loading=\"lazy\" decoding=\"async\" class=\"size-medium wp-image-9785 aligncenter\" src=\"http:\/\/www.semlh-morbihan.fr\/wordpress\/wp-content\/uploads\/2024\/11\/WhatsApp-Image-2024-11-03-a-18.57.01_04b575be-600x563.jpg\" alt=\"\" width=\"600\" height=\"563\" srcset=\"http:\/\/www.semlh-morbihan.fr\/wordpress\/wp-content\/uploads\/2024\/11\/WhatsApp-Image-2024-11-03-a-18.57.01_04b575be-600x563.jpg 600w, http:\/\/www.semlh-morbihan.fr\/wordpress\/wp-content\/uploads\/2024\/11\/WhatsApp-Image-2024-11-03-a-18.57.01_04b575be-768x721.jpg 768w, http:\/\/www.semlh-morbihan.fr\/wordpress\/wp-content\/uploads\/2024\/11\/WhatsApp-Image-2024-11-03-a-18.57.01_04b575be.jpg 818w\" sizes=\"auto, (max-width: 600px) 100vw, 600px\" \/><\/p>\n","protected":false},"excerpt":{"rendered":"<p>&nbsp; Le 1er novembre se tient le tour des lieux de c\u00e9l\u00e9brations qui commence par le cimeti\u00e8re de Calmont, puis le plateau de la Garenne,&#8230;<\/p>\n","protected":false},"author":329,"featured_media":9783,"comment_status":"closed","ping_status":"open","sticky":false,"template":"","format":"standard","meta":{"footnotes":""},"categories":[417,337],"tags":[607],"class_list":["post-9778","post","type-post","status-publish","format-standard","has-post-thumbnail","hentry","category-ceremonies-patriotiques","category-la-section","tag-section-smlh-du-morbihan","wpcat-417-id","wpcat-337-id"],"_links":{"self":[{"href":"http:\/\/www.semlh-morbihan.fr\/wordpress\/wp-json\/wp\/v2\/posts\/9778","targetHints":{"allow":["GET"]}}],"collection":[{"href":"http:\/\/www.semlh-morbihan.fr\/wordpress\/wp-json\/wp\/v2\/posts"}],"about":[{"href":"http:\/\/www.semlh-morbihan.fr\/wordpress\/wp-json\/wp\/v2\/types\/post"}],"author":[{"embeddable":true,"href":"http:\/\/www.semlh-morbihan.fr\/wordpress\/wp-json\/wp\/v2\/users\/329"}],"replies":[{"embeddable":true,"href":"http:\/\/www.semlh-morbihan.fr\/wordpress\/wp-json\/wp\/v2\/comments?post=9778"}],"version-history":[{"count":8,"href":"http:\/\/www.semlh-morbihan.fr\/wordpress\/wp-json\/wp\/v2\/posts\/9778\/revisions"}],"predecessor-version":[{"id":9792,"href":"http:\/\/www.semlh-morbihan.fr\/wordpress\/wp-json\/wp\/v2\/posts\/9778\/revisions\/9792"}],"wp:featuredmedia":[{"embeddable":true,"href":"http:\/\/www.semlh-morbihan.fr\/wordpress\/wp-json\/wp\/v2\/media\/9783"}],"wp:attachment":[{"href":"http:\/\/www.semlh-morbihan.fr\/wordpress\/wp-json\/wp\/v2\/media?parent=9778"}],"wp:term":[{"taxonomy":"category","embeddable":true,"href":"http:\/\/www.semlh-morbihan.fr\/wordpress\/wp-json\/wp\/v2\/categories?post=9778"},{"taxonomy":"post_tag","embeddable":true,"href":"http:\/\/www.semlh-morbihan.fr\/wordpress\/wp-json\/wp\/v2\/tags?post=9778"}],"curies":[{"name":"wp","href":"https:\/\/api.w.org\/{rel}","templated":true}]}}