{"id":9797,"date":"2024-12-01T18:33:23","date_gmt":"2024-12-01T17:33:23","guid":{"rendered":"http:\/\/www.semlh-morbihan.fr\/wordpress\/?p=9797"},"modified":"2024-12-01T20:06:26","modified_gmt":"2024-12-01T19:06:26","slug":"inauguration-de-la-stele-du-rond-point-de-la-legion-dhonneur-le-11-novembre-2024","status":"publish","type":"post","link":"http:\/\/www.semlh-morbihan.fr\/wordpress\/2024\/12\/01\/inauguration-de-la-stele-du-rond-point-de-la-legion-dhonneur-le-11-novembre-2024\/","title":{"rendered":"Inauguration de la st\u00e8le du rond-point de la L\u00e9gion d&rsquo;honneur le 11 novembre 2024"},"content":{"rendered":"<p style=\"text-align: center;\">\u00a0\u00a0\u00a0 <strong> Rond-point \u00e0 Riantec<\/strong><\/p>\n<p style=\"text-align: justify;\">Par une belle matin\u00e9e d\u2019automne, le 11 novembre dernier, la ville de Riantec (Morbihan) \u00e9tait en nombre devant le monument aux morts, apr\u00e8s une messe en m\u00e9moire des combattants \u2018morts pour la France\u2019.<\/p>\n<p style=\"text-align: justify;\">Cette journ\u00e9e, comm\u00e9mor\u00e9e dans la France enti\u00e8re, avait une saveur particuli\u00e8re, car, apr\u00e8s le d\u00e9p\u00f4t de gerbes et la Marseillaise, toute l\u2019assembl\u00e9e, parmi laquelle l\u2019Amiral Prazuck, ancien chef d\u2019\u00e9tat-major de la Marine, nous faisait l\u2019honneur d\u2019\u00eatre pr\u00e9sent, s\u2019est rendue \u00e0 pied, en procession derri\u00e8re les drapeaux, don celui de la L\u00e9gion d\u2019Honneur en t\u00eate de cort\u00e8ge.<\/p>\n<p style=\"text-align: justify;\">Le Maire, monsieur Jean-Michel Bonhomme, avait d\u00e9cid\u00e9 de profiter de ce moment de rassemblement, pour inaugurer et d\u00e9voiler une plaque en m\u00e9moire de la L\u00e9gion d\u2019Honneur sur un rond-point, remarquablement situ\u00e9, \u00e0 200 m\u00e8tres de l\u2019\u00e9glise dans un \u00e9crin de verdure.<\/p>\n<p>Apr\u00e8s l\u2019allocution de Guy Sinel, pr\u00e9sident du comit\u00e9 de Lorient de la SMLH, la plaque a \u00e9t\u00e9 d\u00e9voil\u00e9e par le Pr\u00e9sident et monsieur le Maire, que nous avons chaleureusement remerci\u00e9.<\/p>\n<p>Comme il se doit, cette matin\u00e9e \u2018charg\u00e9e\u2019 s\u2019est achev\u00e9e dans la salle des f\u00eates par un concert improvis\u00e9 de la chorale de la ville et avec le verre de l\u2019Amiti\u00e9\u00a0!<\/p>\n<p>Riantec est d\u00e9sormais une ville qui honore la L.H. devant l\u2019ensemble de ses administr\u00e9s.<br \/>\nC\u2019est une tr\u00e8s belle id\u00e9e\u00a0!<\/p>\n<p>Le Contre-Amiral (2S) Bruno SARRADE<\/p>\n<p>Vice -Pr\u00e9sident de la SMLH<\/p>\n<p>Comit\u00e9 de Lorient<\/p>\n<p>&nbsp;<\/p>\n<figure id=\"attachment_9798\" aria-describedby=\"caption-attachment-9798\" style=\"width: 521px\" class=\"wp-caption aligncenter\"><img loading=\"lazy\" decoding=\"async\" class=\" wp-image-9798\" src=\"http:\/\/www.semlh-morbihan.fr\/wordpress\/wp-content\/uploads\/2024\/12\/20241111_Discours-inauguration-rond-poni-LH-11-424x600.jpg\" alt=\"\" width=\"521\" height=\"738\" srcset=\"http:\/\/www.semlh-morbihan.fr\/wordpress\/wp-content\/uploads\/2024\/12\/20241111_Discours-inauguration-rond-poni-LH-11-424x600.jpg 424w, http:\/\/www.semlh-morbihan.fr\/wordpress\/wp-content\/uploads\/2024\/12\/20241111_Discours-inauguration-rond-poni-LH-11-724x1024.jpg 724w, http:\/\/www.semlh-morbihan.fr\/wordpress\/wp-content\/uploads\/2024\/12\/20241111_Discours-inauguration-rond-poni-LH-11-768x1086.jpg 768w, http:\/\/www.semlh-morbihan.fr\/wordpress\/wp-content\/uploads\/2024\/12\/20241111_Discours-inauguration-rond-poni-LH-11-1086x1536.jpg 1086w, http:\/\/www.semlh-morbihan.fr\/wordpress\/wp-content\/uploads\/2024\/12\/20241111_Discours-inauguration-rond-poni-LH-11-1448x2048.jpg 1448w, http:\/\/www.semlh-morbihan.fr\/wordpress\/wp-content\/uploads\/2024\/12\/20241111_Discours-inauguration-rond-poni-LH-11-1218x1722.jpg 1218w, http:\/\/www.semlh-morbihan.fr\/wordpress\/wp-content\/uploads\/2024\/12\/20241111_Discours-inauguration-rond-poni-LH-11.jpg 1654w\" sizes=\"auto, (max-width: 521px) 100vw, 521px\" \/><figcaption id=\"caption-attachment-9798\" class=\"wp-caption-text\">discours du maire de Riantec, M. Michel Bonhomme<\/figcaption><\/figure>\n<p>&nbsp;<\/p>\n<p>&nbsp;<\/p>\n<p style=\"text-align: center;\"><a href=\"http:\/\/www.semlh-morbihan.fr\/wordpress\/wp-content\/uploads\/2024\/12\/11112024-Riantec-rp-LH.pdf\">Discours de Guy Sinel, pdt du comit\u00e9 du pays de Lorient lors de l&rsquo;inauguration du rond-point de Riantec <\/a><\/p>\n<figure id=\"attachment_9802\" aria-describedby=\"caption-attachment-9802\" style=\"width: 600px\" class=\"wp-caption aligncenter\"><img loading=\"lazy\" decoding=\"async\" class=\"size-medium wp-image-9802\" src=\"http:\/\/www.semlh-morbihan.fr\/wordpress\/wp-content\/uploads\/2024\/12\/IMG_9851-1-600x535.jpg\" alt=\"\" width=\"600\" height=\"535\" srcset=\"http:\/\/www.semlh-morbihan.fr\/wordpress\/wp-content\/uploads\/2024\/12\/IMG_9851-1-600x535.jpg 600w, http:\/\/www.semlh-morbihan.fr\/wordpress\/wp-content\/uploads\/2024\/12\/IMG_9851-1-1024x912.jpg 1024w, http:\/\/www.semlh-morbihan.fr\/wordpress\/wp-content\/uploads\/2024\/12\/IMG_9851-1-768x684.jpg 768w, http:\/\/www.semlh-morbihan.fr\/wordpress\/wp-content\/uploads\/2024\/12\/IMG_9851-1-1536x1369.jpg 1536w, http:\/\/www.semlh-morbihan.fr\/wordpress\/wp-content\/uploads\/2024\/12\/IMG_9851-1-2048x1825.jpg 2048w, http:\/\/www.semlh-morbihan.fr\/wordpress\/wp-content\/uploads\/2024\/12\/IMG_9851-1-1218x1085.jpg 1218w\" sizes=\"auto, (max-width: 600px) 100vw, 600px\" \/><figcaption id=\"caption-attachment-9802\" class=\"wp-caption-text\">d\u00e9p\u00f4t de gerbe, de gauche \u00e0 droite, Bruno Sarrade, Guy Sinel, les enfants de Riantec et le maire de Riantec<\/figcaption><\/figure>\n<p>&nbsp;<\/p>\n<figure id=\"attachment_9804\" aria-describedby=\"caption-attachment-9804\" style=\"width: 428px\" class=\"wp-caption aligncenter\"><img loading=\"lazy\" decoding=\"async\" class=\"wp-image-9804 size-medium\" src=\"http:\/\/www.semlh-morbihan.fr\/wordpress\/wp-content\/uploads\/2024\/12\/IMG_9861-1-428x600.jpg\" alt=\"\" width=\"428\" height=\"600\" srcset=\"http:\/\/www.semlh-morbihan.fr\/wordpress\/wp-content\/uploads\/2024\/12\/IMG_9861-1-428x600.jpg 428w, http:\/\/www.semlh-morbihan.fr\/wordpress\/wp-content\/uploads\/2024\/12\/IMG_9861-1-731x1024.jpg 731w, http:\/\/www.semlh-morbihan.fr\/wordpress\/wp-content\/uploads\/2024\/12\/IMG_9861-1-768x1076.jpg 768w, http:\/\/www.semlh-morbihan.fr\/wordpress\/wp-content\/uploads\/2024\/12\/IMG_9861-1.jpg 1078w\" sizes=\"auto, (max-width: 428px) 100vw, 428px\" \/><figcaption id=\"caption-attachment-9804\" class=\"wp-caption-text\">remise de m\u00e9daille de la SMLH et de la ville de Riantec<\/figcaption><\/figure>\n<p>&nbsp;<\/p>\n<figure id=\"attachment_9803\" aria-describedby=\"caption-attachment-9803\" style=\"width: 478px\" class=\"wp-caption aligncenter\"><img loading=\"lazy\" decoding=\"async\" class=\"size-medium wp-image-9803\" src=\"http:\/\/www.semlh-morbihan.fr\/wordpress\/wp-content\/uploads\/2024\/12\/IMG_9857-1-478x600.jpg\" alt=\"\" width=\"478\" height=\"600\" \/><figcaption id=\"caption-attachment-9803\" class=\"wp-caption-text\">le maire de Riantec , Michel Bonhomme et Guy Sinel devant la st\u00e8le<\/figcaption><\/figure>\n","protected":false},"excerpt":{"rendered":"<p>\u00a0\u00a0\u00a0 Rond-point \u00e0 Riantec Par une belle matin\u00e9e d\u2019automne, le 11 novembre dernier, la ville de Riantec (Morbihan) \u00e9tait en nombre devant le monument aux&#8230;<\/p>\n","protected":false},"author":329,"featured_media":9803,"comment_status":"closed","ping_status":"open","sticky":false,"template":"","format":"standard","meta":{"footnotes":""},"categories":[496],"tags":[610],"class_list":["post-9797","post","type-post","status-publish","format-standard","has-post-thumbnail","hentry","category-ceremonies-comite-de-lorient","tag-ceremonies-lorient","wpcat-496-id"],"_links":{"self":[{"href":"http:\/\/www.semlh-morbihan.fr\/wordpress\/wp-json\/wp\/v2\/posts\/9797","targetHints":{"allow":["GET"]}}],"collection":[{"href":"http:\/\/www.semlh-morbihan.fr\/wordpress\/wp-json\/wp\/v2\/posts"}],"about":[{"href":"http:\/\/www.semlh-morbihan.fr\/wordpress\/wp-json\/wp\/v2\/types\/post"}],"author":[{"embeddable":true,"href":"http:\/\/www.semlh-morbihan.fr\/wordpress\/wp-json\/wp\/v2\/users\/329"}],"replies":[{"embeddable":true,"href":"http:\/\/www.semlh-morbihan.fr\/wordpress\/wp-json\/wp\/v2\/comments?post=9797"}],"version-history":[{"count":4,"href":"http:\/\/www.semlh-morbihan.fr\/wordpress\/wp-json\/wp\/v2\/posts\/9797\/revisions"}],"predecessor-version":[{"id":9806,"href":"http:\/\/www.semlh-morbihan.fr\/wordpress\/wp-json\/wp\/v2\/posts\/9797\/revisions\/9806"}],"wp:featuredmedia":[{"embeddable":true,"href":"http:\/\/www.semlh-morbihan.fr\/wordpress\/wp-json\/wp\/v2\/media\/9803"}],"wp:attachment":[{"href":"http:\/\/www.semlh-morbihan.fr\/wordpress\/wp-json\/wp\/v2\/media?parent=9797"}],"wp:term":[{"taxonomy":"category","embeddable":true,"href":"http:\/\/www.semlh-morbihan.fr\/wordpress\/wp-json\/wp\/v2\/categories?post=9797"},{"taxonomy":"post_tag","embeddable":true,"href":"http:\/\/www.semlh-morbihan.fr\/wordpress\/wp-json\/wp\/v2\/tags?post=9797"}],"curies":[{"name":"wp","href":"https:\/\/api.w.org\/{rel}","templated":true}]}}