{"id":9810,"date":"2024-12-16T15:18:50","date_gmt":"2024-12-16T14:18:50","guid":{"rendered":"http:\/\/www.semlh-morbihan.fr\/wordpress\/?p=9810"},"modified":"2024-12-16T15:21:10","modified_gmt":"2024-12-16T14:21:10","slug":"assemblee-locale-du-comite-du-pays-dauray-le-jeudi-12-decembre-2024-a-brech","status":"publish","type":"post","link":"http:\/\/www.semlh-morbihan.fr\/wordpress\/2024\/12\/16\/assemblee-locale-du-comite-du-pays-dauray-le-jeudi-12-decembre-2024-a-brech\/","title":{"rendered":"Assembl\u00e9e locale du comit\u00e9 du pays d&rsquo;Auray le jeudi 12 d\u00e9cembre 2024 \u00e0 Brec&rsquo;h"},"content":{"rendered":"<p style=\"text-align: justify;\">L&rsquo;assembl\u00e9e locale annuelle du comit\u00e9 du pays d&rsquo;Auray s&rsquo;est tenue dans la commune de Brec&rsquo;h. Nous \u00e9tions 35 participants. Nous avons \u00e9t\u00e9 accueillis dans la salle du conseil municipal.<\/p>\n<p style=\"text-align: justify;\">Apr\u00e8s le rapport moral de la pr\u00e9sidente, le rapport du tr\u00e9sorier, divers intervenants sont intervenus dont monsieur Jean-Claude Bietrix qui a fait un don de 500 euros venant de son association de voitures anciennes, monsieur Jean-Claude Chaumont, pour pr\u00e9senter sa vid\u00e9o de la l\u00e9gion d&rsquo;honneur qui a \u00e9t\u00e9 labelis\u00e9e dans le cadre de \u00ab\u00a0l&rsquo;honneur en action\u00a0\u00bb et monsieur Guy Sinel qui a pr\u00e9sent\u00e9 les actions dans le Morbihan de la fondation \u00ab\u00a0Un avenir ensemble\u00a0\u00bb de la grande chancellerie.<\/p>\n<p style=\"text-align: justify;\">Le pr\u00e9sident de section, le g\u00e9n\u00e9ral(2s) Philippe Pr\u00e9vost, a fait un expos\u00e9 sur la dissuasion nucl\u00e9aire ; ce sujet sensible a eu toute l&rsquo;attention de l&rsquo;assembl\u00e9e et a \u00e9t\u00e9 particuli\u00e8rement appr\u00e9ci\u00e9.<\/p>\n<p style=\"text-align: justify;\">Apr\u00e8s un d\u00e9p\u00f4t de gerbe au monument aux mors, nous sommes retrouv\u00e9s \u00e0 31 participants pour un repas bien sympathique au \u00ab\u00a0Bar Breton\u00a0\u00bb.<\/p>\n<figure id=\"attachment_9817\" aria-describedby=\"caption-attachment-9817\" style=\"width: 600px\" class=\"wp-caption aligncenter\"><img loading=\"lazy\" decoding=\"async\" class=\"size-medium wp-image-9817\" src=\"http:\/\/www.semlh-morbihan.fr\/wordpress\/wp-content\/uploads\/2024\/12\/WhatsApp-Image-2024-12-13-a-19.16.13_e9740dca-600x277.jpg\" alt=\"\" width=\"600\" height=\"277\" srcset=\"http:\/\/www.semlh-morbihan.fr\/wordpress\/wp-content\/uploads\/2024\/12\/WhatsApp-Image-2024-12-13-a-19.16.13_e9740dca-600x277.jpg 600w, http:\/\/www.semlh-morbihan.fr\/wordpress\/wp-content\/uploads\/2024\/12\/WhatsApp-Image-2024-12-13-a-19.16.13_e9740dca-1024x473.jpg 1024w, http:\/\/www.semlh-morbihan.fr\/wordpress\/wp-content\/uploads\/2024\/12\/WhatsApp-Image-2024-12-13-a-19.16.13_e9740dca-768x355.jpg 768w, http:\/\/www.semlh-morbihan.fr\/wordpress\/wp-content\/uploads\/2024\/12\/WhatsApp-Image-2024-12-13-a-19.16.13_e9740dca-1536x709.jpg 1536w, http:\/\/www.semlh-morbihan.fr\/wordpress\/wp-content\/uploads\/2024\/12\/WhatsApp-Image-2024-12-13-a-19.16.13_e9740dca-1218x563.jpg 1218w, http:\/\/www.semlh-morbihan.fr\/wordpress\/wp-content\/uploads\/2024\/12\/WhatsApp-Image-2024-12-13-a-19.16.13_e9740dca.jpg 1600w\" sizes=\"auto, (max-width: 600px) 100vw, 600px\" \/><figcaption id=\"caption-attachment-9817\" class=\"wp-caption-text\">un aper\u00e7u de l&rsquo;assembl\u00e9e \u00e0 Brec&rsquo;h &#8211; photo pascal Lecomte<\/figcaption><\/figure>\n<figure style=\"width: 600px\" class=\"wp-caption aligncenter\"><img loading=\"lazy\" decoding=\"async\" class=\"size-medium wp-image-9818\" src=\"http:\/\/www.semlh-morbihan.fr\/wordpress\/wp-content\/uploads\/2024\/12\/WhatsApp-Image-2024-12-13-a-19.16.13_f09b9efc-600x563.jpg\" alt=\"\" width=\"600\" height=\"563\" srcset=\"http:\/\/www.semlh-morbihan.fr\/wordpress\/wp-content\/uploads\/2024\/12\/WhatsApp-Image-2024-12-13-a-19.16.13_f09b9efc-600x563.jpg 600w, http:\/\/www.semlh-morbihan.fr\/wordpress\/wp-content\/uploads\/2024\/12\/WhatsApp-Image-2024-12-13-a-19.16.13_f09b9efc-1024x961.jpg 1024w, http:\/\/www.semlh-morbihan.fr\/wordpress\/wp-content\/uploads\/2024\/12\/WhatsApp-Image-2024-12-13-a-19.16.13_f09b9efc-768x721.jpg 768w, http:\/\/www.semlh-morbihan.fr\/wordpress\/wp-content\/uploads\/2024\/12\/WhatsApp-Image-2024-12-13-a-19.16.13_f09b9efc-1536x1442.jpg 1536w, http:\/\/www.semlh-morbihan.fr\/wordpress\/wp-content\/uploads\/2024\/12\/WhatsApp-Image-2024-12-13-a-19.16.13_f09b9efc-1218x1143.jpg 1218w, http:\/\/www.semlh-morbihan.fr\/wordpress\/wp-content\/uploads\/2024\/12\/WhatsApp-Image-2024-12-13-a-19.16.13_f09b9efc.jpg 1600w\" sizes=\"auto, (max-width: 600px) 100vw, 600px\" \/><figcaption class=\"wp-caption-text\">Madame Annick Guillou-Moinard pendant son expos\u00e9 &#8211; photo Pascal Lecomte<\/figcaption><\/figure>\n<p>&nbsp;<\/p>\n<p><img loading=\"lazy\" decoding=\"async\" class=\"size-medium wp-image-9815 aligncenter\" src=\"http:\/\/www.semlh-morbihan.fr\/wordpress\/wp-content\/uploads\/2024\/12\/WhatsApp-Image-2024-12-13-a-19.16.13_11b504d0-477x600.jpg\" alt=\"\" width=\"477\" height=\"600\" srcset=\"http:\/\/www.semlh-morbihan.fr\/wordpress\/wp-content\/uploads\/2024\/12\/WhatsApp-Image-2024-12-13-a-19.16.13_11b504d0-477x600.jpg 477w, http:\/\/www.semlh-morbihan.fr\/wordpress\/wp-content\/uploads\/2024\/12\/WhatsApp-Image-2024-12-13-a-19.16.13_11b504d0-815x1024.jpg 815w, http:\/\/www.semlh-morbihan.fr\/wordpress\/wp-content\/uploads\/2024\/12\/WhatsApp-Image-2024-12-13-a-19.16.13_11b504d0-768x965.jpg 768w, http:\/\/www.semlh-morbihan.fr\/wordpress\/wp-content\/uploads\/2024\/12\/WhatsApp-Image-2024-12-13-a-19.16.13_11b504d0-1222x1536.jpg 1222w, http:\/\/www.semlh-morbihan.fr\/wordpress\/wp-content\/uploads\/2024\/12\/WhatsApp-Image-2024-12-13-a-19.16.13_11b504d0-1218x1531.jpg 1218w, http:\/\/www.semlh-morbihan.fr\/wordpress\/wp-content\/uploads\/2024\/12\/WhatsApp-Image-2024-12-13-a-19.16.13_11b504d0.jpg 1273w\" sizes=\"auto, (max-width: 477px) 100vw, 477px\" \/><\/p>\n<p>&nbsp;<\/p>\n<p>Remise du ch\u00e8que de 500 euros par M. Bietrix \u00e0 Mme Guillou-Moinard &#8211; photo Pascal Lecomte<\/p>\n<figure id=\"attachment_9813\" aria-describedby=\"caption-attachment-9813\" style=\"width: 600px\" class=\"wp-caption aligncenter\"><img loading=\"lazy\" decoding=\"async\" class=\"size-medium wp-image-9813\" src=\"http:\/\/www.semlh-morbihan.fr\/wordpress\/wp-content\/uploads\/2024\/12\/WhatsApp-Image-2024-12-13-a-19.16.12_eea3f65d-600x430.jpg\" alt=\"\" width=\"600\" height=\"430\" srcset=\"http:\/\/www.semlh-morbihan.fr\/wordpress\/wp-content\/uploads\/2024\/12\/WhatsApp-Image-2024-12-13-a-19.16.12_eea3f65d-600x430.jpg 600w, http:\/\/www.semlh-morbihan.fr\/wordpress\/wp-content\/uploads\/2024\/12\/WhatsApp-Image-2024-12-13-a-19.16.12_eea3f65d-1024x734.jpg 1024w, http:\/\/www.semlh-morbihan.fr\/wordpress\/wp-content\/uploads\/2024\/12\/WhatsApp-Image-2024-12-13-a-19.16.12_eea3f65d-768x551.jpg 768w, http:\/\/www.semlh-morbihan.fr\/wordpress\/wp-content\/uploads\/2024\/12\/WhatsApp-Image-2024-12-13-a-19.16.12_eea3f65d-1536x1101.jpg 1536w, http:\/\/www.semlh-morbihan.fr\/wordpress\/wp-content\/uploads\/2024\/12\/WhatsApp-Image-2024-12-13-a-19.16.12_eea3f65d-1218x873.jpg 1218w, http:\/\/www.semlh-morbihan.fr\/wordpress\/wp-content\/uploads\/2024\/12\/WhatsApp-Image-2024-12-13-a-19.16.12_eea3f65d.jpg 1600w\" sizes=\"auto, (max-width: 600px) 100vw, 600px\" \/><figcaption id=\"caption-attachment-9813\" class=\"wp-caption-text\">Intervention de Guy Sinel, du comit\u00e9 de Lorient sur les actions de la fondation \u00ab\u00a0un avenir\u00a0 \u00a0 \u00a0 ensemble\u00a0\u00bb &#8211; photo Pascal Lecomte<\/figcaption><\/figure>\n<figure id=\"attachment_9816\" aria-describedby=\"caption-attachment-9816\" style=\"width: 385px\" class=\"wp-caption aligncenter\"><img loading=\"lazy\" decoding=\"async\" class=\"size-medium wp-image-9816\" src=\"http:\/\/www.semlh-morbihan.fr\/wordpress\/wp-content\/uploads\/2024\/12\/WhatsApp-Image-2024-12-13-a-19.16.13_90c62273-385x600.jpg\" alt=\"\" width=\"385\" height=\"600\" srcset=\"http:\/\/www.semlh-morbihan.fr\/wordpress\/wp-content\/uploads\/2024\/12\/WhatsApp-Image-2024-12-13-a-19.16.13_90c62273-385x600.jpg 385w, http:\/\/www.semlh-morbihan.fr\/wordpress\/wp-content\/uploads\/2024\/12\/WhatsApp-Image-2024-12-13-a-19.16.13_90c62273-658x1024.jpg 658w, http:\/\/www.semlh-morbihan.fr\/wordpress\/wp-content\/uploads\/2024\/12\/WhatsApp-Image-2024-12-13-a-19.16.13_90c62273-768x1195.jpg 768w, http:\/\/www.semlh-morbihan.fr\/wordpress\/wp-content\/uploads\/2024\/12\/WhatsApp-Image-2024-12-13-a-19.16.13_90c62273.jpg 954w\" sizes=\"auto, (max-width: 385px) 100vw, 385px\" \/><figcaption id=\"caption-attachment-9816\" class=\"wp-caption-text\">Intervention du g\u00e9n\u00e9ral(2s) Philippe Pr\u00e9vost, pr\u00e9sident de la section SMLH du Morbihan &#8211; photo Pascal Lecomte<\/figcaption><\/figure>\n<figure id=\"attachment_9812\" aria-describedby=\"caption-attachment-9812\" style=\"width: 600px\" class=\"wp-caption aligncenter\"><img loading=\"lazy\" decoding=\"async\" class=\"size-medium wp-image-9812\" src=\"http:\/\/www.semlh-morbihan.fr\/wordpress\/wp-content\/uploads\/2024\/12\/WhatsApp-Image-2024-12-13-a-19.16.12_df4fb66b-600x567.jpg\" alt=\"\" width=\"600\" height=\"567\" srcset=\"http:\/\/www.semlh-morbihan.fr\/wordpress\/wp-content\/uploads\/2024\/12\/WhatsApp-Image-2024-12-13-a-19.16.12_df4fb66b-600x567.jpg 600w, http:\/\/www.semlh-morbihan.fr\/wordpress\/wp-content\/uploads\/2024\/12\/WhatsApp-Image-2024-12-13-a-19.16.12_df4fb66b-1024x968.jpg 1024w, http:\/\/www.semlh-morbihan.fr\/wordpress\/wp-content\/uploads\/2024\/12\/WhatsApp-Image-2024-12-13-a-19.16.12_df4fb66b-768x726.jpg 768w, http:\/\/www.semlh-morbihan.fr\/wordpress\/wp-content\/uploads\/2024\/12\/WhatsApp-Image-2024-12-13-a-19.16.12_df4fb66b-1218x1152.jpg 1218w, http:\/\/www.semlh-morbihan.fr\/wordpress\/wp-content\/uploads\/2024\/12\/WhatsApp-Image-2024-12-13-a-19.16.12_df4fb66b.jpg 1417w\" sizes=\"auto, (max-width: 600px) 100vw, 600px\" \/><figcaption id=\"caption-attachment-9812\" class=\"wp-caption-text\">Remise de la m\u00e9daille de la SMLH \u00e0 monsieur Fabrice Robelet, maire de Brec&rsquo;h &#8211; photo Pascal Lecomte<\/figcaption><\/figure>\n<figure style=\"width: 450px\" class=\"wp-caption aligncenter\"><img loading=\"lazy\" decoding=\"async\" class=\"size-medium wp-image-9821\" src=\"http:\/\/www.semlh-morbihan.fr\/wordpress\/wp-content\/uploads\/2024\/12\/WhatsApp-Image-2024-12-14-a-10.04.58_6c86f54c-450x600.jpg\" alt=\"\" width=\"450\" height=\"600\" srcset=\"http:\/\/www.semlh-morbihan.fr\/wordpress\/wp-content\/uploads\/2024\/12\/WhatsApp-Image-2024-12-14-a-10.04.58_6c86f54c-450x600.jpg 450w, http:\/\/www.semlh-morbihan.fr\/wordpress\/wp-content\/uploads\/2024\/12\/WhatsApp-Image-2024-12-14-a-10.04.58_6c86f54c-768x1024.jpg 768w, http:\/\/www.semlh-morbihan.fr\/wordpress\/wp-content\/uploads\/2024\/12\/WhatsApp-Image-2024-12-14-a-10.04.58_6c86f54c-1152x1536.jpg 1152w, http:\/\/www.semlh-morbihan.fr\/wordpress\/wp-content\/uploads\/2024\/12\/WhatsApp-Image-2024-12-14-a-10.04.58_6c86f54c.jpg 1200w\" sizes=\"auto, (max-width: 450px) 100vw, 450px\" \/><figcaption class=\"wp-caption-text\">D\u00e9p\u00f4t de gerbe au monument aux morts par monsieur Pascal Lecomte, 1er vice-pr\u00e9sident de la section, repr\u00e9sentant le pr\u00e9sident emp\u00each\u00e9 et madame Annick Guillou-Moinard, pr\u00e9sidente du comit\u00e9 &#8211; photo Anne-Marie Duro<\/figcaption><\/figure>\n<p>&nbsp;<\/p>\n<figure id=\"attachment_9814\" aria-describedby=\"caption-attachment-9814\" style=\"width: 373px\" class=\"wp-caption aligncenter\"><img loading=\"lazy\" decoding=\"async\" class=\"size-medium wp-image-9814\" src=\"http:\/\/www.semlh-morbihan.fr\/wordpress\/wp-content\/uploads\/2024\/12\/WhatsApp-Image-2024-12-13-a-19.16.13_9bdf7a59-373x600.jpg\" alt=\"\" width=\"373\" height=\"600\" srcset=\"http:\/\/www.semlh-morbihan.fr\/wordpress\/wp-content\/uploads\/2024\/12\/WhatsApp-Image-2024-12-13-a-19.16.13_9bdf7a59-373x600.jpg 373w, http:\/\/www.semlh-morbihan.fr\/wordpress\/wp-content\/uploads\/2024\/12\/WhatsApp-Image-2024-12-13-a-19.16.13_9bdf7a59-637x1024.jpg 637w, http:\/\/www.semlh-morbihan.fr\/wordpress\/wp-content\/uploads\/2024\/12\/WhatsApp-Image-2024-12-13-a-19.16.13_9bdf7a59-768x1236.jpg 768w, http:\/\/www.semlh-morbihan.fr\/wordpress\/wp-content\/uploads\/2024\/12\/WhatsApp-Image-2024-12-13-a-19.16.13_9bdf7a59.jpg 800w\" sizes=\"auto, (max-width: 373px) 100vw, 373px\" \/><figcaption id=\"caption-attachment-9814\" class=\"wp-caption-text\">Vue d\u00e9taill\u00e9e du monument de Brec&rsquo;h &#8211; photo Pascal Lecomte<\/figcaption><\/figure>\n<figure id=\"attachment_9823\" aria-describedby=\"caption-attachment-9823\" style=\"width: 600px\" class=\"wp-caption aligncenter\"><img loading=\"lazy\" decoding=\"async\" class=\"size-medium wp-image-9823\" src=\"http:\/\/www.semlh-morbihan.fr\/wordpress\/wp-content\/uploads\/2024\/12\/WhatsApp-Image-2024-12-13-a-19.16.13_77d0ccf8-600x548.jpg\" alt=\"\" width=\"600\" height=\"548\" srcset=\"http:\/\/www.semlh-morbihan.fr\/wordpress\/wp-content\/uploads\/2024\/12\/WhatsApp-Image-2024-12-13-a-19.16.13_77d0ccf8-600x548.jpg 600w, http:\/\/www.semlh-morbihan.fr\/wordpress\/wp-content\/uploads\/2024\/12\/WhatsApp-Image-2024-12-13-a-19.16.13_77d0ccf8-1024x934.jpg 1024w, http:\/\/www.semlh-morbihan.fr\/wordpress\/wp-content\/uploads\/2024\/12\/WhatsApp-Image-2024-12-13-a-19.16.13_77d0ccf8-768x701.jpg 768w, http:\/\/www.semlh-morbihan.fr\/wordpress\/wp-content\/uploads\/2024\/12\/WhatsApp-Image-2024-12-13-a-19.16.13_77d0ccf8-1536x1402.jpg 1536w, http:\/\/www.semlh-morbihan.fr\/wordpress\/wp-content\/uploads\/2024\/12\/WhatsApp-Image-2024-12-13-a-19.16.13_77d0ccf8-1218x1111.jpg 1218w, http:\/\/www.semlh-morbihan.fr\/wordpress\/wp-content\/uploads\/2024\/12\/WhatsApp-Image-2024-12-13-a-19.16.13_77d0ccf8.jpg 1600w\" sizes=\"auto, (max-width: 600px) 100vw, 600px\" \/><figcaption id=\"caption-attachment-9823\" class=\"wp-caption-text\">le tr\u00e9sorier du comit\u00e9, M. Patrick Lamand\u00e9 &#8211; photo Pascal Lecomt\u00e9<\/figcaption><\/figure>\n","protected":false},"excerpt":{"rendered":"<p>L&rsquo;assembl\u00e9e locale annuelle du comit\u00e9 du pays d&rsquo;Auray s&rsquo;est tenue dans la commune de Brec&rsquo;h. Nous \u00e9tions 35 participants. Nous avons \u00e9t\u00e9 accueillis dans la&#8230;<\/p>\n","protected":false},"author":329,"featured_media":9817,"comment_status":"closed","ping_status":"open","sticky":false,"template":"","format":"standard","meta":{"footnotes":""},"categories":[348,342],"tags":[627],"class_list":["post-9810","post","type-post","status-publish","format-standard","has-post-thumbnail","hentry","category-actualites","category-comite-du-pays-dauray","tag-comite-du-pays-dauray","wpcat-348-id","wpcat-342-id"],"_links":{"self":[{"href":"http:\/\/www.semlh-morbihan.fr\/wordpress\/wp-json\/wp\/v2\/posts\/9810","targetHints":{"allow":["GET"]}}],"collection":[{"href":"http:\/\/www.semlh-morbihan.fr\/wordpress\/wp-json\/wp\/v2\/posts"}],"about":[{"href":"http:\/\/www.semlh-morbihan.fr\/wordpress\/wp-json\/wp\/v2\/types\/post"}],"author":[{"embeddable":true,"href":"http:\/\/www.semlh-morbihan.fr\/wordpress\/wp-json\/wp\/v2\/users\/329"}],"replies":[{"embeddable":true,"href":"http:\/\/www.semlh-morbihan.fr\/wordpress\/wp-json\/wp\/v2\/comments?post=9810"}],"version-history":[{"count":7,"href":"http:\/\/www.semlh-morbihan.fr\/wordpress\/wp-json\/wp\/v2\/posts\/9810\/revisions"}],"predecessor-version":[{"id":9828,"href":"http:\/\/www.semlh-morbihan.fr\/wordpress\/wp-json\/wp\/v2\/posts\/9810\/revisions\/9828"}],"wp:featuredmedia":[{"embeddable":true,"href":"http:\/\/www.semlh-morbihan.fr\/wordpress\/wp-json\/wp\/v2\/media\/9817"}],"wp:attachment":[{"href":"http:\/\/www.semlh-morbihan.fr\/wordpress\/wp-json\/wp\/v2\/media?parent=9810"}],"wp:term":[{"taxonomy":"category","embeddable":true,"href":"http:\/\/www.semlh-morbihan.fr\/wordpress\/wp-json\/wp\/v2\/categories?post=9810"},{"taxonomy":"post_tag","embeddable":true,"href":"http:\/\/www.semlh-morbihan.fr\/wordpress\/wp-json\/wp\/v2\/tags?post=9810"}],"curies":[{"name":"wp","href":"https:\/\/api.w.org\/{rel}","templated":true}]}}