{"id":9829,"date":"2024-12-06T15:21:45","date_gmt":"2024-12-06T14:21:45","guid":{"rendered":"http:\/\/www.semlh-morbihan.fr\/wordpress\/?p=9829"},"modified":"2024-12-16T15:35:12","modified_gmt":"2024-12-16T14:35:12","slug":"ceremonie-commemorative-des-morts-pour-la-france-en-afrique-du-nord-le-5-decembre-2024","status":"publish","type":"post","link":"http:\/\/www.semlh-morbihan.fr\/wordpress\/2024\/12\/06\/ceremonie-commemorative-des-morts-pour-la-france-en-afrique-du-nord-le-5-decembre-2024\/","title":{"rendered":"C\u00e9r\u00e9monie comm\u00e9morative des morts pour la France en Afrique du Nord le 5 d\u00e9cembre 2024"},"content":{"rendered":"<p style=\"text-align: justify;\">Le 5 d\u00e9cembre 2024, le 1er vice-pr\u00e9sident, monsieur Pascal Lecomte, a repr\u00e9sent\u00e9 le g\u00e9n\u00e9ral(2s) Philippe Pr\u00e9vost, pr\u00e9sident de section \u00e0 la c\u00e9r\u00e9monie comm\u00e9morative des morts pour la France en Afrique du Nord, accompagn\u00e9 de madame Ane-Marie Duro, nouvelle pr\u00e9sidente du comit\u00e9 du pays de Vannes et de monsieur Jacques Joly, de madame Chantale Lesconnec, membres du bureau de la section SMLH du Morbihan.<\/p>\n<p>Le drapeau de la SMLH du Morbihan \u00e9tait port\u00e9 par Jean-Pierre Tessier.<\/p>\n<p style=\"text-align: justify;\">La c\u00e9r\u00e9monie \u00e9tait pr\u00e9sid\u00e9e par le secr\u00e9taire g\u00e9n\u00e9ral de la pr\u00e9fecture du Morbihan.<\/p>\n<p style=\"text-align: justify;\">Pascal Lecomte<\/p>\n<p><img loading=\"lazy\" decoding=\"async\" class=\"aligncenter size-medium wp-image-9835\" src=\"http:\/\/www.semlh-morbihan.fr\/wordpress\/wp-content\/uploads\/2024\/12\/WhatsApp-Image-2024-12-10-a-11.31.32_318bf77e-600x278.jpg\" alt=\"\" width=\"600\" height=\"278\" srcset=\"http:\/\/www.semlh-morbihan.fr\/wordpress\/wp-content\/uploads\/2024\/12\/WhatsApp-Image-2024-12-10-a-11.31.32_318bf77e-600x278.jpg 600w, http:\/\/www.semlh-morbihan.fr\/wordpress\/wp-content\/uploads\/2024\/12\/WhatsApp-Image-2024-12-10-a-11.31.32_318bf77e-1024x474.jpg 1024w, http:\/\/www.semlh-morbihan.fr\/wordpress\/wp-content\/uploads\/2024\/12\/WhatsApp-Image-2024-12-10-a-11.31.32_318bf77e-768x355.jpg 768w, http:\/\/www.semlh-morbihan.fr\/wordpress\/wp-content\/uploads\/2024\/12\/WhatsApp-Image-2024-12-10-a-11.31.32_318bf77e-1536x710.jpg 1536w, http:\/\/www.semlh-morbihan.fr\/wordpress\/wp-content\/uploads\/2024\/12\/WhatsApp-Image-2024-12-10-a-11.31.32_318bf77e-1218x563.jpg 1218w, http:\/\/www.semlh-morbihan.fr\/wordpress\/wp-content\/uploads\/2024\/12\/WhatsApp-Image-2024-12-10-a-11.31.32_318bf77e.jpg 1600w\" sizes=\"auto, (max-width: 600px) 100vw, 600px\" \/> <img loading=\"lazy\" decoding=\"async\" class=\"aligncenter size-medium wp-image-9836\" src=\"http:\/\/www.semlh-morbihan.fr\/wordpress\/wp-content\/uploads\/2024\/12\/WhatsApp-Image-2024-12-10-a-11.31.32_2ef057fc-600x277.jpg\" alt=\"\" width=\"600\" height=\"277\" srcset=\"http:\/\/www.semlh-morbihan.fr\/wordpress\/wp-content\/uploads\/2024\/12\/WhatsApp-Image-2024-12-10-a-11.31.32_2ef057fc-600x277.jpg 600w, http:\/\/www.semlh-morbihan.fr\/wordpress\/wp-content\/uploads\/2024\/12\/WhatsApp-Image-2024-12-10-a-11.31.32_2ef057fc-1024x473.jpg 1024w, http:\/\/www.semlh-morbihan.fr\/wordpress\/wp-content\/uploads\/2024\/12\/WhatsApp-Image-2024-12-10-a-11.31.32_2ef057fc-768x355.jpg 768w, http:\/\/www.semlh-morbihan.fr\/wordpress\/wp-content\/uploads\/2024\/12\/WhatsApp-Image-2024-12-10-a-11.31.32_2ef057fc-1536x709.jpg 1536w, http:\/\/www.semlh-morbihan.fr\/wordpress\/wp-content\/uploads\/2024\/12\/WhatsApp-Image-2024-12-10-a-11.31.32_2ef057fc-1218x563.jpg 1218w, http:\/\/www.semlh-morbihan.fr\/wordpress\/wp-content\/uploads\/2024\/12\/WhatsApp-Image-2024-12-10-a-11.31.32_2ef057fc.jpg 1600w\" sizes=\"auto, (max-width: 600px) 100vw, 600px\" \/> <img loading=\"lazy\" decoding=\"async\" class=\"aligncenter size-medium wp-image-9837\" src=\"http:\/\/www.semlh-morbihan.fr\/wordpress\/wp-content\/uploads\/2024\/12\/WhatsApp-Image-2024-12-10-a-11.31.32_6bba8836-1-600x277.jpg\" alt=\"\" width=\"600\" height=\"277\" srcset=\"http:\/\/www.semlh-morbihan.fr\/wordpress\/wp-content\/uploads\/2024\/12\/WhatsApp-Image-2024-12-10-a-11.31.32_6bba8836-1-600x277.jpg 600w, http:\/\/www.semlh-morbihan.fr\/wordpress\/wp-content\/uploads\/2024\/12\/WhatsApp-Image-2024-12-10-a-11.31.32_6bba8836-1-1024x473.jpg 1024w, http:\/\/www.semlh-morbihan.fr\/wordpress\/wp-content\/uploads\/2024\/12\/WhatsApp-Image-2024-12-10-a-11.31.32_6bba8836-1-768x355.jpg 768w, http:\/\/www.semlh-morbihan.fr\/wordpress\/wp-content\/uploads\/2024\/12\/WhatsApp-Image-2024-12-10-a-11.31.32_6bba8836-1-1536x709.jpg 1536w, http:\/\/www.semlh-morbihan.fr\/wordpress\/wp-content\/uploads\/2024\/12\/WhatsApp-Image-2024-12-10-a-11.31.32_6bba8836-1-1218x563.jpg 1218w, http:\/\/www.semlh-morbihan.fr\/wordpress\/wp-content\/uploads\/2024\/12\/WhatsApp-Image-2024-12-10-a-11.31.32_6bba8836-1.jpg 1600w\" sizes=\"auto, (max-width: 600px) 100vw, 600px\" \/> <img loading=\"lazy\" decoding=\"async\" class=\"aligncenter size-medium wp-image-9838\" src=\"http:\/\/www.semlh-morbihan.fr\/wordpress\/wp-content\/uploads\/2024\/12\/WhatsApp-Image-2024-12-10-a-11.31.32_266dc1bb-600x277.jpg\" alt=\"\" width=\"600\" height=\"277\" srcset=\"http:\/\/www.semlh-morbihan.fr\/wordpress\/wp-content\/uploads\/2024\/12\/WhatsApp-Image-2024-12-10-a-11.31.32_266dc1bb-600x277.jpg 600w, http:\/\/www.semlh-morbihan.fr\/wordpress\/wp-content\/uploads\/2024\/12\/WhatsApp-Image-2024-12-10-a-11.31.32_266dc1bb-1024x473.jpg 1024w, http:\/\/www.semlh-morbihan.fr\/wordpress\/wp-content\/uploads\/2024\/12\/WhatsApp-Image-2024-12-10-a-11.31.32_266dc1bb-768x355.jpg 768w, http:\/\/www.semlh-morbihan.fr\/wordpress\/wp-content\/uploads\/2024\/12\/WhatsApp-Image-2024-12-10-a-11.31.32_266dc1bb-1536x709.jpg 1536w, http:\/\/www.semlh-morbihan.fr\/wordpress\/wp-content\/uploads\/2024\/12\/WhatsApp-Image-2024-12-10-a-11.31.32_266dc1bb-1218x563.jpg 1218w, http:\/\/www.semlh-morbihan.fr\/wordpress\/wp-content\/uploads\/2024\/12\/WhatsApp-Image-2024-12-10-a-11.31.32_266dc1bb.jpg 1600w\" sizes=\"auto, (max-width: 600px) 100vw, 600px\" \/> <img loading=\"lazy\" decoding=\"async\" class=\"aligncenter size-medium wp-image-9839\" src=\"http:\/\/www.semlh-morbihan.fr\/wordpress\/wp-content\/uploads\/2024\/12\/WhatsApp-Image-2024-12-10-a-11.31.32_293e9b0b-600x277.jpg\" alt=\"\" width=\"600\" height=\"277\" srcset=\"http:\/\/www.semlh-morbihan.fr\/wordpress\/wp-content\/uploads\/2024\/12\/WhatsApp-Image-2024-12-10-a-11.31.32_293e9b0b-600x277.jpg 600w, http:\/\/www.semlh-morbihan.fr\/wordpress\/wp-content\/uploads\/2024\/12\/WhatsApp-Image-2024-12-10-a-11.31.32_293e9b0b-1024x473.jpg 1024w, http:\/\/www.semlh-morbihan.fr\/wordpress\/wp-content\/uploads\/2024\/12\/WhatsApp-Image-2024-12-10-a-11.31.32_293e9b0b-768x355.jpg 768w, http:\/\/www.semlh-morbihan.fr\/wordpress\/wp-content\/uploads\/2024\/12\/WhatsApp-Image-2024-12-10-a-11.31.32_293e9b0b-1536x709.jpg 1536w, http:\/\/www.semlh-morbihan.fr\/wordpress\/wp-content\/uploads\/2024\/12\/WhatsApp-Image-2024-12-10-a-11.31.32_293e9b0b-1218x563.jpg 1218w, http:\/\/www.semlh-morbihan.fr\/wordpress\/wp-content\/uploads\/2024\/12\/WhatsApp-Image-2024-12-10-a-11.31.32_293e9b0b.jpg 1600w\" sizes=\"auto, (max-width: 600px) 100vw, 600px\" \/><\/p>\n<p>&nbsp;<\/p>\n<p>&nbsp;<\/p>\n<p>&nbsp;<\/p>\n","protected":false},"excerpt":{"rendered":"<p>Le 5 d\u00e9cembre 2024, le 1er vice-pr\u00e9sident, monsieur Pascal Lecomte, a repr\u00e9sent\u00e9 le g\u00e9n\u00e9ral(2s) Philippe Pr\u00e9vost, pr\u00e9sident de section \u00e0 la c\u00e9r\u00e9monie comm\u00e9morative des morts&#8230;<\/p>\n","protected":false},"author":329,"featured_media":9833,"comment_status":"closed","ping_status":"open","sticky":false,"template":"","format":"standard","meta":{"footnotes":""},"categories":[417,337],"tags":[607],"class_list":["post-9829","post","type-post","status-publish","format-standard","has-post-thumbnail","hentry","category-ceremonies-patriotiques","category-la-section","tag-section-smlh-du-morbihan","wpcat-417-id","wpcat-337-id"],"_links":{"self":[{"href":"http:\/\/www.semlh-morbihan.fr\/wordpress\/wp-json\/wp\/v2\/posts\/9829","targetHints":{"allow":["GET"]}}],"collection":[{"href":"http:\/\/www.semlh-morbihan.fr\/wordpress\/wp-json\/wp\/v2\/posts"}],"about":[{"href":"http:\/\/www.semlh-morbihan.fr\/wordpress\/wp-json\/wp\/v2\/types\/post"}],"author":[{"embeddable":true,"href":"http:\/\/www.semlh-morbihan.fr\/wordpress\/wp-json\/wp\/v2\/users\/329"}],"replies":[{"embeddable":true,"href":"http:\/\/www.semlh-morbihan.fr\/wordpress\/wp-json\/wp\/v2\/comments?post=9829"}],"version-history":[{"count":4,"href":"http:\/\/www.semlh-morbihan.fr\/wordpress\/wp-json\/wp\/v2\/posts\/9829\/revisions"}],"predecessor-version":[{"id":9840,"href":"http:\/\/www.semlh-morbihan.fr\/wordpress\/wp-json\/wp\/v2\/posts\/9829\/revisions\/9840"}],"wp:featuredmedia":[{"embeddable":true,"href":"http:\/\/www.semlh-morbihan.fr\/wordpress\/wp-json\/wp\/v2\/media\/9833"}],"wp:attachment":[{"href":"http:\/\/www.semlh-morbihan.fr\/wordpress\/wp-json\/wp\/v2\/media?parent=9829"}],"wp:term":[{"taxonomy":"category","embeddable":true,"href":"http:\/\/www.semlh-morbihan.fr\/wordpress\/wp-json\/wp\/v2\/categories?post=9829"},{"taxonomy":"post_tag","embeddable":true,"href":"http:\/\/www.semlh-morbihan.fr\/wordpress\/wp-json\/wp\/v2\/tags?post=9829"}],"curies":[{"name":"wp","href":"https:\/\/api.w.org\/{rel}","templated":true}]}}