{"id":9841,"date":"2024-12-10T15:45:12","date_gmt":"2024-12-10T14:45:12","guid":{"rendered":"http:\/\/www.semlh-morbihan.fr\/wordpress\/?p=9841"},"modified":"2024-12-16T15:54:56","modified_gmt":"2024-12-16T14:54:56","slug":"remise-de-la-legion-dhonneur-a-emile-gaudron-centenaire-de-saint-ave-par-le-prefet-du-morbihan-m-pascal-bolot","status":"publish","type":"post","link":"http:\/\/www.semlh-morbihan.fr\/wordpress\/2024\/12\/10\/remise-de-la-legion-dhonneur-a-emile-gaudron-centenaire-de-saint-ave-par-le-prefet-du-morbihan-m-pascal-bolot\/","title":{"rendered":"Remise de la l\u00e9gion d&rsquo;honneur \u00e0 Emile Gaudron, centenaire de Saint Av\u00e9, par le pr\u00e9fet du Morbihan, M. Pascal Bolot"},"content":{"rendered":"<figure id=\"attachment_9842\" aria-describedby=\"caption-attachment-9842\" style=\"width: 459px\" class=\"wp-caption aligncenter\"><img loading=\"lazy\" decoding=\"async\" class=\"size-medium wp-image-9842\" src=\"http:\/\/www.semlh-morbihan.fr\/wordpress\/wp-content\/uploads\/2024\/12\/emile-Gaudron-459x600.jpg\" alt=\"\" width=\"459\" height=\"600\" srcset=\"http:\/\/www.semlh-morbihan.fr\/wordpress\/wp-content\/uploads\/2024\/12\/emile-Gaudron-459x600.jpg 459w, http:\/\/www.semlh-morbihan.fr\/wordpress\/wp-content\/uploads\/2024\/12\/emile-Gaudron.jpg 614w\" sizes=\"auto, (max-width: 459px) 100vw, 459px\" \/><figcaption id=\"caption-attachment-9842\" class=\"wp-caption-text\">remise de la l\u00e9gion d&rsquo;honneur \u00e0 M. \u00c9mile Gaudron par le pr\u00e9fet du Morbihan, M. Pascal Bolot<\/figcaption><\/figure>\n","protected":false},"excerpt":{"rendered":"","protected":false},"author":329,"featured_media":9843,"comment_status":"closed","ping_status":"open","sticky":false,"template":"","format":"standard","meta":{"footnotes":""},"categories":[337,340],"tags":[607],"class_list":["post-9841","post","type-post","status-publish","format-standard","has-post-thumbnail","hentry","category-la-section","category-les-promus","tag-section-smlh-du-morbihan","wpcat-337-id","wpcat-340-id"],"_links":{"self":[{"href":"http:\/\/www.semlh-morbihan.fr\/wordpress\/wp-json\/wp\/v2\/posts\/9841","targetHints":{"allow":["GET"]}}],"collection":[{"href":"http:\/\/www.semlh-morbihan.fr\/wordpress\/wp-json\/wp\/v2\/posts"}],"about":[{"href":"http:\/\/www.semlh-morbihan.fr\/wordpress\/wp-json\/wp\/v2\/types\/post"}],"author":[{"embeddable":true,"href":"http:\/\/www.semlh-morbihan.fr\/wordpress\/wp-json\/wp\/v2\/users\/329"}],"replies":[{"embeddable":true,"href":"http:\/\/www.semlh-morbihan.fr\/wordpress\/wp-json\/wp\/v2\/comments?post=9841"}],"version-history":[{"count":1,"href":"http:\/\/www.semlh-morbihan.fr\/wordpress\/wp-json\/wp\/v2\/posts\/9841\/revisions"}],"predecessor-version":[{"id":9844,"href":"http:\/\/www.semlh-morbihan.fr\/wordpress\/wp-json\/wp\/v2\/posts\/9841\/revisions\/9844"}],"wp:featuredmedia":[{"embeddable":true,"href":"http:\/\/www.semlh-morbihan.fr\/wordpress\/wp-json\/wp\/v2\/media\/9843"}],"wp:attachment":[{"href":"http:\/\/www.semlh-morbihan.fr\/wordpress\/wp-json\/wp\/v2\/media?parent=9841"}],"wp:term":[{"taxonomy":"category","embeddable":true,"href":"http:\/\/www.semlh-morbihan.fr\/wordpress\/wp-json\/wp\/v2\/categories?post=9841"},{"taxonomy":"post_tag","embeddable":true,"href":"http:\/\/www.semlh-morbihan.fr\/wordpress\/wp-json\/wp\/v2\/tags?post=9841"}],"curies":[{"name":"wp","href":"https:\/\/api.w.org\/{rel}","templated":true}]}}