{"id":9851,"date":"2024-12-22T19:12:33","date_gmt":"2024-12-22T18:12:33","guid":{"rendered":"http:\/\/www.semlh-morbihan.fr\/wordpress\/?p=9851"},"modified":"2024-12-22T19:41:19","modified_gmt":"2024-12-22T18:41:19","slug":"hommage-de-la-section-smlh-du-morbihan-au-colonel-le-guyader-qui-vient-de-nous-quitter","status":"publish","type":"post","link":"http:\/\/www.semlh-morbihan.fr\/wordpress\/2024\/12\/22\/hommage-de-la-section-smlh-du-morbihan-au-colonel-le-guyader-qui-vient-de-nous-quitter\/","title":{"rendered":"Hommage de la section SMLH du Morbihan au Colonel Le Guyader qui vient de nous quitter"},"content":{"rendered":"<figure id=\"attachment_9601\" aria-describedby=\"caption-attachment-9601\" style=\"width: 450px\" class=\"wp-caption aligncenter\"><img loading=\"lazy\" decoding=\"async\" class=\"size-medium wp-image-9601\" src=\"http:\/\/www.semlh-morbihan.fr\/wordpress\/wp-content\/uploads\/2024\/05\/WhatsApp-Image-2024-05-09-a-18.36.54_e660b8ae-450x600.jpg\" alt=\"\" width=\"450\" height=\"600\" srcset=\"http:\/\/www.semlh-morbihan.fr\/wordpress\/wp-content\/uploads\/2024\/05\/WhatsApp-Image-2024-05-09-a-18.36.54_e660b8ae-450x600.jpg 450w, http:\/\/www.semlh-morbihan.fr\/wordpress\/wp-content\/uploads\/2024\/05\/WhatsApp-Image-2024-05-09-a-18.36.54_e660b8ae-768x1024.jpg 768w, http:\/\/www.semlh-morbihan.fr\/wordpress\/wp-content\/uploads\/2024\/05\/WhatsApp-Image-2024-05-09-a-18.36.54_e660b8ae-1152x1536.jpg 1152w, http:\/\/www.semlh-morbihan.fr\/wordpress\/wp-content\/uploads\/2024\/05\/WhatsApp-Image-2024-05-09-a-18.36.54_e660b8ae.jpg 1200w\" sizes=\"auto, (max-width: 450px) 100vw, 450px\" \/><figcaption id=\"caption-attachment-9601\" class=\"wp-caption-text\">Monsieur le maire de Quiberon et le Colonel Le Guyader<\/figcaption><\/figure>\n<p><img loading=\"lazy\" decoding=\"async\" class=\"aligncenter size-medium wp-image-9852\" src=\"http:\/\/www.semlh-morbihan.fr\/wordpress\/wp-content\/uploads\/2024\/12\/WhatsApp-Image-2024-12-19-a-12.39.18_36f52ea9-587x600.jpg\" alt=\"\" width=\"587\" height=\"600\" srcset=\"http:\/\/www.semlh-morbihan.fr\/wordpress\/wp-content\/uploads\/2024\/12\/WhatsApp-Image-2024-12-19-a-12.39.18_36f52ea9-587x600.jpg 587w, http:\/\/www.semlh-morbihan.fr\/wordpress\/wp-content\/uploads\/2024\/12\/WhatsApp-Image-2024-12-19-a-12.39.18_36f52ea9-1002x1024.jpg 1002w, http:\/\/www.semlh-morbihan.fr\/wordpress\/wp-content\/uploads\/2024\/12\/WhatsApp-Image-2024-12-19-a-12.39.18_36f52ea9-768x785.jpg 768w, http:\/\/www.semlh-morbihan.fr\/wordpress\/wp-content\/uploads\/2024\/12\/WhatsApp-Image-2024-12-19-a-12.39.18_36f52ea9-1218x1244.jpg 1218w, http:\/\/www.semlh-morbihan.fr\/wordpress\/wp-content\/uploads\/2024\/12\/WhatsApp-Image-2024-12-19-a-12.39.18_36f52ea9.jpg 1334w\" sizes=\"auto, (max-width: 587px) 100vw, 587px\" \/><\/p>\n<p>&nbsp;<\/p>\n<p style=\"text-align: justify;\">Notre soci\u00e9taire Marcel Le Guyader, grand croix de la L\u00e9gion d&rsquo;honneur, nous a quitt\u00e9 le 27 octobre dernier, \u00e0 l&rsquo;aube de ses 100 ans.<br \/>\nLe 8 mai dernier, en sa pr\u00e9sence, son nom avait \u00e9t\u00e9 donn\u00e9 \u00e0 une place de sa commune de r\u00e9sidence, Quiberon, en reconnaissance de son admirable engagement au service de la France d\u00e8s l&rsquo;\u00e2ge de 16 ans en1940.<br \/>\nAlors enfant de troupe sur le front de l &lsquo;Atlantique, il participe \u00e0 diverses actions de r\u00e9sistance \u00e0 l&rsquo;ennemi, puis, \u00e0 19 ans, il cr\u00e9\u00e9 un groupe de r\u00e9sistants pr\u00e8s de Baud avec lequel il effectue plusieurs sabotages de voies ferr\u00e9es avant de participer \u00e0 la lib\u00e9ration de Baud en juillet 1944.<\/p>\n<p style=\"text-align: justify;\">Ci-joint les allocutions prononc\u00e9es lors de ses obs\u00e8ques par le Colonel (er) Pierre Baudic, soci\u00e9taire du comit\u00e9 du pays d&rsquo;Auray et par M. Albert Valeur, compagnon d&rsquo;armes pendant les guerres d&rsquo;Indochine et d&rsquo;Alg\u00e9rie.<\/p>\n<p>Pascal Lecomte<\/p>\n<p>1<sup>er<\/sup> Vice-pr\u00e9sident de la section SMLH 56<\/p>\n<h3 style=\"text-align: center;\"><a href=\"http:\/\/www.semlh-morbihan.fr\/wordpress\/wp-content\/uploads\/2024\/12\/discours-hommage-col-Le-Guyader-8-mai-2024.pdf\">discours hommage col Le Guyader 8 mai 2024<\/a><\/h3>\n","protected":false},"excerpt":{"rendered":"<p>&nbsp; Notre soci\u00e9taire Marcel Le Guyader, grand croix de la L\u00e9gion d&rsquo;honneur, nous a quitt\u00e9 le 27 octobre dernier, \u00e0 l&rsquo;aube de ses 100 ans&#8230;.<\/p>\n","protected":false},"author":329,"featured_media":9600,"comment_status":"closed","ping_status":"open","sticky":false,"template":"","format":"standard","meta":{"footnotes":""},"categories":[384,337],"tags":[607],"class_list":["post-9851","post","type-post","status-publish","format-standard","has-post-thumbnail","hentry","category-actualites-la-section","category-la-section","tag-section-smlh-du-morbihan","wpcat-384-id","wpcat-337-id"],"_links":{"self":[{"href":"http:\/\/www.semlh-morbihan.fr\/wordpress\/wp-json\/wp\/v2\/posts\/9851","targetHints":{"allow":["GET"]}}],"collection":[{"href":"http:\/\/www.semlh-morbihan.fr\/wordpress\/wp-json\/wp\/v2\/posts"}],"about":[{"href":"http:\/\/www.semlh-morbihan.fr\/wordpress\/wp-json\/wp\/v2\/types\/post"}],"author":[{"embeddable":true,"href":"http:\/\/www.semlh-morbihan.fr\/wordpress\/wp-json\/wp\/v2\/users\/329"}],"replies":[{"embeddable":true,"href":"http:\/\/www.semlh-morbihan.fr\/wordpress\/wp-json\/wp\/v2\/comments?post=9851"}],"version-history":[{"count":3,"href":"http:\/\/www.semlh-morbihan.fr\/wordpress\/wp-json\/wp\/v2\/posts\/9851\/revisions"}],"predecessor-version":[{"id":9863,"href":"http:\/\/www.semlh-morbihan.fr\/wordpress\/wp-json\/wp\/v2\/posts\/9851\/revisions\/9863"}],"wp:featuredmedia":[{"embeddable":true,"href":"http:\/\/www.semlh-morbihan.fr\/wordpress\/wp-json\/wp\/v2\/media\/9600"}],"wp:attachment":[{"href":"http:\/\/www.semlh-morbihan.fr\/wordpress\/wp-json\/wp\/v2\/media?parent=9851"}],"wp:term":[{"taxonomy":"category","embeddable":true,"href":"http:\/\/www.semlh-morbihan.fr\/wordpress\/wp-json\/wp\/v2\/categories?post=9851"},{"taxonomy":"post_tag","embeddable":true,"href":"http:\/\/www.semlh-morbihan.fr\/wordpress\/wp-json\/wp\/v2\/tags?post=9851"}],"curies":[{"name":"wp","href":"https:\/\/api.w.org\/{rel}","templated":true}]}}